{"id":936,"date":"2015-03-04T01:29:24","date_gmt":"2015-03-04T01:29:24","guid":{"rendered":"http:\/\/epre.gov.ar\/web\/?p=936"},"modified":"2015-03-04T01:29:24","modified_gmt":"2015-03-04T01:29:24","slug":"el-ente-regulador-realizara-una-auditoria-interna-en-enersa","status":"publish","type":"post","link":"https:\/\/epre.gov.ar\/web\/el-ente-regulador-realizara-una-auditoria-interna-en-enersa\/","title":{"rendered":"El Ente Regulador realizar\u00e1 una auditor\u00eda interna en ENERSA"},"content":{"rendered":"<p style=\"text-align: justify;\"><a href=\"http:\/\/epre.gov.ar\/web\/wp-content\/uploads\/2015\/03\/IMG_20130417_122921.jpg\"><img loading=\"lazy\" decoding=\"async\" class=\"aligncenter size-full wp-image-932\" src=\"http:\/\/epre.gov.ar\/web\/wp-content\/uploads\/2015\/03\/IMG_20130417_122921.jpg\" alt=\"\" width=\"645\" height=\"482\" srcset=\"https:\/\/epre.gov.ar\/web\/wp-content\/uploads\/2015\/03\/IMG_20130417_122921.jpg 645w, https:\/\/epre.gov.ar\/web\/wp-content\/uploads\/2015\/03\/IMG_20130417_122921-300x224.jpg 300w\" sizes=\"auto, (max-width: 645px) 100vw, 645px\" \/><\/a>De acuerdo a lo dispuesto por el interventor del Ente Provincial Regulador de la Energ\u00eda (EPRE), Marcos Rodr\u00edguez Allende, teniendo presente lo encomendado por el gobernador Sergio Urribarri, que es \u201cconocer detalladamente la situaci\u00f3n particular de todas las distribuidoras el\u00e9ctricas de Entre R\u00edos\u201d, se orden\u00f3 una auditor\u00eda interna para analizar la situaci\u00f3n particular de la Empresa Provincial de Energ\u00eda (Enersa). En este sentido, el interventor detall\u00f3 a AN\u00c1LISIS DIGITAL que esto se enmarca \u201cdentro de la renovada pol\u00edtica energ\u00e9tica dispuesta por el gobernador, la cual comenz\u00f3 con la Cooperativa Concordia, luego continu\u00f3 con la Cooperativa Gualeguaych\u00fa y en estos momentos ser\u00e1 el turno de Enersa\u201d. Destac\u00f3 que \u201cesto nunca se realiz\u00f3 por parte del EPRE y resulta necesario conocer detalladamente la evoluci\u00f3n de una empresa que desde el a\u00f1o 2005 pas\u00f3 a manos del Estado\u201d. En este sentido, el interventor recalc\u00f3: \u201cContamos con el total apoyo del directorio de la empresa para que la misma nos brinde todos los elementos necesarios para cumplir con nuestro cometido\u201d.<\/p>\n<p style=\"text-align: justify;\">Finalmente, Rodr\u00edguez Allende destac\u00f3: \u201cSin perjuicio de esta medida, debo reconocer que estos \u00faltimos a\u00f1os se avizora en la empresa una importante estabilidad financiera y estructural. Soportando el congelamiento tarifario desde el a\u00f1o 2013 a la fecha en forma satisfactoria, cumpliendo siempre con el objetivo primordial que es el de brindar uno de los mejores servicios el\u00e9ctricos del pa\u00eds con la tarifa m\u00e1s baja, compar\u00e1ndolas con las dem\u00e1s provincias\u201d, finaliz\u00f3.<\/p>\n","protected":false},"excerpt":{"rendered":"<p>De acuerdo a lo dispuesto por el interventor del Ente Provincial Regulador de la Energ\u00eda (EPRE), Marcos Rodr\u00edguez Allende, teniendo presente lo encomendado por el gobernador Sergio Urribarri, que es \u201cconocer detalladamente la situaci\u00f3n particular de todas las distribuidoras el\u00e9ctricas de Entre R\u00edos\u201d, se orden\u00f3 una auditor\u00eda interna para analizar la situaci\u00f3n particular de la [&hellip;]<\/p>\n","protected":false},"author":1,"featured_media":0,"comment_status":"open","ping_status":"closed","sticky":false,"template":"","format":"standard","meta":{"footnotes":""},"categories":[1],"tags":[],"class_list":["post-936","post","type-post","status-publish","format-standard","hentry","category-noticias"],"_links":{"self":[{"href":"https:\/\/epre.gov.ar\/web\/wp-json\/wp\/v2\/posts\/936","targetHints":{"allow":["GET"]}}],"collection":[{"href":"https:\/\/epre.gov.ar\/web\/wp-json\/wp\/v2\/posts"}],"about":[{"href":"https:\/\/epre.gov.ar\/web\/wp-json\/wp\/v2\/types\/post"}],"author":[{"embeddable":true,"href":"https:\/\/epre.gov.ar\/web\/wp-json\/wp\/v2\/users\/1"}],"replies":[{"embeddable":true,"href":"https:\/\/epre.gov.ar\/web\/wp-json\/wp\/v2\/comments?post=936"}],"version-history":[{"count":1,"href":"https:\/\/epre.gov.ar\/web\/wp-json\/wp\/v2\/posts\/936\/revisions"}],"predecessor-version":[{"id":937,"href":"https:\/\/epre.gov.ar\/web\/wp-json\/wp\/v2\/posts\/936\/revisions\/937"}],"wp:attachment":[{"href":"https:\/\/epre.gov.ar\/web\/wp-json\/wp\/v2\/media?parent=936"}],"wp:term":[{"taxonomy":"category","embeddable":true,"href":"https:\/\/epre.gov.ar\/web\/wp-json\/wp\/v2\/categories?post=936"},{"taxonomy":"post_tag","embeddable":true,"href":"https:\/\/epre.gov.ar\/web\/wp-json\/wp\/v2\/tags?post=936"}],"curies":[{"name":"wp","href":"https:\/\/api.w.org\/{rel}","templated":true}]}}