{"id":7948,"date":"2025-02-20T15:37:51","date_gmt":"2025-02-20T12:37:51","guid":{"rendered":"https:\/\/epre.gov.ar\/web\/?p=7948"},"modified":"2025-02-20T15:37:52","modified_gmt":"2025-02-20T12:37:52","slug":"visita-al-colegio-nacional-domingo-faustino-sarmiento","status":"publish","type":"post","link":"https:\/\/epre.gov.ar\/web\/visita-al-colegio-nacional-domingo-faustino-sarmiento\/","title":{"rendered":"VISITA AL COLEGIO NACIONAL DOMINGO FAUSTINO SARMIENTO"},"content":{"rendered":"\n<p>El Diputado Jorge Maier, acompa\u00f1ado por el titular del Ente Provincial Regulador de la Energ\u00eda de Entre R\u00edos (EPRE), Lic. Juan Domingo Zacar\u00edas, visitaron el Colegio Nacional Domingo Faustino Sarmiento, donde fueron recibidos por su rector, Javier Albarrac\u00edn.<\/p>\n\n\n\n<p>En esta reuni\u00f3n de trabajo, el directivo de dicho establecimiento educativo les present\u00f3 una propuesta que tiene como objetivo la instalaci\u00f3n de un sistema de energ\u00eda solar para todo el \u00e1mbito que conforma esta importante instituci\u00f3n, cuyo edificio hist\u00f3rico cumpli\u00f3 110 a\u00f1os en 2024.<\/p>\n\n\n\n<p>Sin lugar a dudas, este proyecto marcar\u00e1 un hecho de gran relevancia en lo que significa el uso de energ\u00edas renovables en establecimientos p\u00fablicos de la provincia de Entre R\u00edos.<\/p>\n","protected":false},"excerpt":{"rendered":"<p>El Diputado Jorge Maier, acompa\u00f1ado por el titular del Ente Provincial Regulador de la Energ\u00eda de Entre R\u00edos (EPRE), Lic. Juan Domingo Zacar\u00edas, visitaron el Colegio Nacional Domingo Faustino Sarmiento, donde fueron recibidos por su rector, Javier Albarrac\u00edn. En esta reuni\u00f3n de trabajo, el directivo de dicho establecimiento educativo les present\u00f3 una propuesta que tiene [&hellip;]<\/p>\n","protected":false},"author":4,"featured_media":7949,"comment_status":"closed","ping_status":"closed","sticky":false,"template":"","format":"standard","meta":{"footnotes":""},"categories":[54,1],"tags":[],"class_list":["post-7948","post","type-post","status-publish","format-standard","has-post-thumbnail","hentry","category-institucionales","category-noticias"],"_links":{"self":[{"href":"https:\/\/epre.gov.ar\/web\/wp-json\/wp\/v2\/posts\/7948","targetHints":{"allow":["GET"]}}],"collection":[{"href":"https:\/\/epre.gov.ar\/web\/wp-json\/wp\/v2\/posts"}],"about":[{"href":"https:\/\/epre.gov.ar\/web\/wp-json\/wp\/v2\/types\/post"}],"author":[{"embeddable":true,"href":"https:\/\/epre.gov.ar\/web\/wp-json\/wp\/v2\/users\/4"}],"replies":[{"embeddable":true,"href":"https:\/\/epre.gov.ar\/web\/wp-json\/wp\/v2\/comments?post=7948"}],"version-history":[{"count":1,"href":"https:\/\/epre.gov.ar\/web\/wp-json\/wp\/v2\/posts\/7948\/revisions"}],"predecessor-version":[{"id":7950,"href":"https:\/\/epre.gov.ar\/web\/wp-json\/wp\/v2\/posts\/7948\/revisions\/7950"}],"wp:featuredmedia":[{"embeddable":true,"href":"https:\/\/epre.gov.ar\/web\/wp-json\/wp\/v2\/media\/7949"}],"wp:attachment":[{"href":"https:\/\/epre.gov.ar\/web\/wp-json\/wp\/v2\/media?parent=7948"}],"wp:term":[{"taxonomy":"category","embeddable":true,"href":"https:\/\/epre.gov.ar\/web\/wp-json\/wp\/v2\/categories?post=7948"},{"taxonomy":"post_tag","embeddable":true,"href":"https:\/\/epre.gov.ar\/web\/wp-json\/wp\/v2\/tags?post=7948"}],"curies":[{"name":"wp","href":"https:\/\/api.w.org\/{rel}","templated":true}]}}