{"id":784,"date":"2014-12-31T00:56:30","date_gmt":"2014-12-31T00:56:30","guid":{"rendered":"http:\/\/epre.gov.ar\/web\/?p=784"},"modified":"2014-12-31T00:56:30","modified_gmt":"2014-12-31T00:56:30","slug":"la-provincia-de-entre-rios-firmo-la-prorroga-del-programa-de-convergencia-de-tarifas-electricas","status":"publish","type":"post","link":"https:\/\/epre.gov.ar\/web\/la-provincia-de-entre-rios-firmo-la-prorroga-del-programa-de-convergencia-de-tarifas-electricas\/","title":{"rendered":"La provincia de Entre R\u00edos firm\u00f3 la pr\u00f3rroga del programa de Convergencia de Tarifas El\u00e9ctricas"},"content":{"rendered":"<p><a href=\"http:\/\/epre.gov.ar\/web\/wp-content\/uploads\/2014\/12\/Selecci\u00f3n_136.png\"><img loading=\"lazy\" decoding=\"async\" class=\"alignleft size-medium wp-image-785\" src=\"http:\/\/epre.gov.ar\/web\/wp-content\/uploads\/2014\/12\/Selecci\u00f3n_136-300x210.png\" alt=\"\" width=\"300\" height=\"210\" srcset=\"https:\/\/epre.gov.ar\/web\/wp-content\/uploads\/2014\/12\/Selecci\u00f3n_136-300x210.png 300w, https:\/\/epre.gov.ar\/web\/wp-content\/uploads\/2014\/12\/Selecci\u00f3n_136.png 738w\" sizes=\"auto, (max-width: 300px) 100vw, 300px\" \/><\/a>En una reuni\u00f3n celebrada en la Casa de la provincia de Entre Rios, el Ministro de Planificaci\u00f3n Federal, Inversi\u00f3n P\u00fablica y Servicios, Julio De Vido, y el gobernador de dicha provincia, Sergio Urribarri, firmaron esta ma\u00f1ana la pr\u00f3rroga por un a\u00f1o del convenio por el cual dicha provincia se compromete a mantener sin modificaciones sus cuadros tarifarios el\u00e9ctricos, mientras que el Gobierno Nacional financiar\u00e1 obras de distribuci\u00f3n.<\/p>\n<p><!--more--><\/p>\n<p>Se trata de la extensi\u00f3n del convenio del Programa de Convergencia de Tarifas El\u00e9ctricas y Reafirmaci\u00f3n del Federalismo El\u00e9ctrico e Integraci\u00f3n en la Rep\u00fablica Argentina, rubricado el 10 de abril de 2014, que venc\u00eda este 31 de diciembre pr\u00f3ximo.<\/p>\n<p>De esta manera, Entre Rios se convierte en la novena provincia que suscribe a la pr\u00f3rroga del acuerdo, tras la adhesi\u00f3n de Formosa, Jujuy, Santa Cruz, Tierra del Fuego, Neuqu\u00e9n, Santiago del Estero y la Rioja.<\/p>\n<p>En este sentido, el Ministerio de Planificaci\u00f3n Federal financiar\u00e1 obras de distribuci\u00f3n el\u00e9ctrica en toda la provincia, las cuales permitir\u00e1n dar confiabilidad al sistema y a mejorar la calidad de vida de los usuarios as\u00ed como la competitividad industrial.<\/p>\n<p>Al respecto, el Ministro de Planificaci\u00f3n destac\u00f3 que \u201cSergio fue uno de los primeros en adherir al programa\u201d, al tiempo que expres\u00f3 que \u201cla mejor manera de terminar el a\u00f1o es firmando este importante acuerdo, tanto para la pol\u00edtica econ\u00f3mica nacional como para la infraestructura el\u00e9ctrica de la provincia de Entre R\u00edos\u201d.<\/p>\n<p>Asimismo record\u00f3 que esta iniciativa es \u201cpor directivas claras y espec\u00edficas de la Presidenta y, por supuesto, por N\u00e9stor Kirchner, llevando adelante una de las premisas b\u00e1sicas de este movimiento nacional y popular de que el esfuerzo de la expansi\u00f3n de redes lo lleve adelante el Estado para que la gente tenga acceso universal al servicio el\u00e9ctrico, y fundamentalmente a una tarifa totalmente popular\u201d.<\/p>\n<p>A su turno, el Gobernador de Entre Rios calific\u00f3 el acuerdo como \u201cmuy importante\u201d para la provincia y se\u00f1al\u00f3 que \u201cel presente de Entre R\u00edos, de ser la provincia que m\u00e1s creci\u00f3 sin tener miner\u00eda, sin tener hidrocarburos, tiene que ver con este acompa\u00f1amiento, esta cooperaci\u00f3n que ha habido como nunca de un Gobierno Nacional, de este proyecto\u201d.<\/p>\n<p><a href=\"http:\/\/epre.gov.ar\/web\/wp-content\/uploads\/2014\/12\/Selecci\u00f3n_135.png\"><img loading=\"lazy\" decoding=\"async\" class=\"alignright size-medium wp-image-786\" src=\"http:\/\/epre.gov.ar\/web\/wp-content\/uploads\/2014\/12\/Selecci\u00f3n_135-300x189.png\" alt=\"Selecci\u00f3n_135\" width=\"300\" height=\"189\" srcset=\"https:\/\/epre.gov.ar\/web\/wp-content\/uploads\/2014\/12\/Selecci\u00f3n_135-300x189.png 300w, https:\/\/epre.gov.ar\/web\/wp-content\/uploads\/2014\/12\/Selecci\u00f3n_135.png 819w\" sizes=\"auto, (max-width: 300px) 100vw, 300px\" \/><\/a>\u201cY estos acuerdos, estos convenios de convergencia energ\u00e9tica, permiten que al crecimiento que ya viene teniendo Entre R\u00edos, se le pueda dar tambi\u00e9n una continuidad. El mantenimiento de las tarifas para una provincia cuya industria crece\u201d, remarc\u00f3. Y agreg\u00f3: \u201cJulio De Vido dec\u00eda hace muy poco visitando Entre R\u00edos, que en el mismo per\u00edodo que el promedio de crecimiento de las exportaciones fue del 141%, Entre R\u00edos creci\u00f3 un 377%&#8230; y eso no es magia. Eso es un Gobierno Nacional, un proyecto de pa\u00eds, un proyecto pol\u00edtico acompa\u00f1ando a una Provincia como nunca antes se la hab\u00eda acompa\u00f1ado\u201d.<\/p>\n<p>Para cerrar, el titular de Planificaci\u00f3n indic\u00f3 que \u201cnosotros vamos a buscar con nuestros candidatos el apoyo de la gente, porque entendemos que este es un proyecto que es de la gente, y los otros candidatos de los otros partidos tienen otras l\u00edneas de opini\u00f3n. Pero en realidad, como dec\u00eda Cristina hace muy poco en su discurso en la Plaza de Mayo, ac\u00e1 hay dos proyectos de pa\u00eds. Nosotros encarnamos uno y los que est\u00e1n enfrente vienen por todas esas conquistas: vienen a ajustar las tarifas, vienen a quitarle del bolsillo el dinero a la gente para que no salga de vacaciones, para que no consuma m\u00e1s\u201d.<\/p>\n<p>\u201cVamos a bregar, vamos a trabajar y recorrer toda la Argentina -como lo est\u00e1 haciendo Sergio- tambi\u00e9n para contar con el apoyo de la gente, para que este proyecto siga vivo. Para que la idea de Kirchner, Per\u00f3n, Eva Per\u00f3n y por supuesto que ahora trabaja, genera y promueve Cristina, siga adelante para que la gente siga feliz\u201d, concluy\u00f3.<\/p>\n<p>Este programa se encuadra en los lineamientos del Plan Energ\u00e9tico Nacional y busca implementar la estabilizaci\u00f3n y convergencia de las tarifas el\u00e9ctricas con una visi\u00f3n federal e integradora en todo el territorio nacional,\u00a0 lo que redundar\u00e1 en la mejora de la calidad de vida de los habitantes, el desarrollo de la actividad econ\u00f3mica y la generaci\u00f3n de la infraestructura para mantener el empleo y la industria nacional.<\/p>\n<p><iframe loading=\"lazy\" title=\"Entre R\u00edos firm\u00f3 pr\u00f3rroga del Programa de Convergencia de Tarifas El\u00e9ctricas\" width=\"500\" height=\"281\" src=\"https:\/\/www.youtube.com\/embed\/ERj-Cjjclgw?feature=oembed\" frameborder=\"0\" allow=\"accelerometer; autoplay; clipboard-write; encrypted-media; gyroscope; picture-in-picture; web-share\" referrerpolicy=\"strict-origin-when-cross-origin\" allowfullscreen><\/iframe><\/p>\n","protected":false},"excerpt":{"rendered":"<p>En una reuni\u00f3n celebrada en la Casa de la provincia de Entre Rios, el Ministro de Planificaci\u00f3n Federal, Inversi\u00f3n P\u00fablica y Servicios, Julio De Vido, y el gobernador de dicha provincia, Sergio Urribarri, firmaron esta ma\u00f1ana la pr\u00f3rroga por un a\u00f1o del convenio por el cual dicha provincia se compromete a mantener sin modificaciones sus [&hellip;]<\/p>\n","protected":false},"author":1,"featured_media":785,"comment_status":"open","ping_status":"closed","sticky":false,"template":"","format":"standard","meta":{"footnotes":""},"categories":[1],"tags":[],"class_list":["post-784","post","type-post","status-publish","format-standard","has-post-thumbnail","hentry","category-noticias"],"_links":{"self":[{"href":"https:\/\/epre.gov.ar\/web\/wp-json\/wp\/v2\/posts\/784","targetHints":{"allow":["GET"]}}],"collection":[{"href":"https:\/\/epre.gov.ar\/web\/wp-json\/wp\/v2\/posts"}],"about":[{"href":"https:\/\/epre.gov.ar\/web\/wp-json\/wp\/v2\/types\/post"}],"author":[{"embeddable":true,"href":"https:\/\/epre.gov.ar\/web\/wp-json\/wp\/v2\/users\/1"}],"replies":[{"embeddable":true,"href":"https:\/\/epre.gov.ar\/web\/wp-json\/wp\/v2\/comments?post=784"}],"version-history":[{"count":1,"href":"https:\/\/epre.gov.ar\/web\/wp-json\/wp\/v2\/posts\/784\/revisions"}],"predecessor-version":[{"id":787,"href":"https:\/\/epre.gov.ar\/web\/wp-json\/wp\/v2\/posts\/784\/revisions\/787"}],"wp:featuredmedia":[{"embeddable":true,"href":"https:\/\/epre.gov.ar\/web\/wp-json\/wp\/v2\/media\/785"}],"wp:attachment":[{"href":"https:\/\/epre.gov.ar\/web\/wp-json\/wp\/v2\/media?parent=784"}],"wp:term":[{"taxonomy":"category","embeddable":true,"href":"https:\/\/epre.gov.ar\/web\/wp-json\/wp\/v2\/categories?post=784"},{"taxonomy":"post_tag","embeddable":true,"href":"https:\/\/epre.gov.ar\/web\/wp-json\/wp\/v2\/tags?post=784"}],"curies":[{"name":"wp","href":"https:\/\/api.w.org\/{rel}","templated":true}]}}