{"id":7762,"date":"2024-09-20T15:27:18","date_gmt":"2024-09-20T12:27:18","guid":{"rendered":"https:\/\/epre.gov.ar\/web\/?p=7762"},"modified":"2024-09-20T15:27:19","modified_gmt":"2024-09-20T12:27:19","slug":"reunion-con-concejales-de-parana","status":"publish","type":"post","link":"https:\/\/epre.gov.ar\/web\/reunion-con-concejales-de-parana\/","title":{"rendered":"REUNI\u00d3N CON CONCEJALES DE PARAN\u00c1"},"content":{"rendered":"\n<p>El Bloque de Concejales de Juntos por Entre R\u00edos fue recibido por el titular del Entre Provincial Regulador de la Energ\u00eda (EPRE), Lic. Juan Domingo Zacar\u00edas, con quien abordaron distintos aspectos vinculados con el servicio de luz y el valor de las tarifas.<\/p>\n\n\n\n<p>En este marco destacaron la decisi\u00f3n del gobernador de eliminar el impuesto provincial de las boletas y analizaron una serie de proyectos que los ediles tienen para aliviar el bolsillo de los paranaenses.<\/p>\n\n\n\n<p>La reuni\u00f3n se dio en el marco de una serie de novedades relacionadas al servicio de electricidad y al costo que se paga por el mismo.<\/p>\n\n\n\n<p>Uno de los temas tratados fue el impacto que tendr\u00e1 la resoluci\u00f3n nacional que busca prohibir a los municipios incluir el cobro de tasas locales en las boletas de los servicios de luz, gas y agua.<\/p>\n\n\n\n<p>La decisi\u00f3n gener\u00f3 preocupaci\u00f3n entre los intendentes y el gobernador Rogelio Frigerio se hizo eco de dichas inquietudes, por lo que convoc\u00f3 a todos los jefes municipales de la provincia para analizar las consecuencias de la resoluci\u00f3n y acordaron solicitar a Naci\u00f3n que se postergue la puesta en marcha de la misma.<\/p>\n\n\n\n<p>Paralelamente, un fallo judicial suspendi\u00f3 la resoluci\u00f3n del Gobierno que imped\u00eda a los municipios cobrar tasas en las facturas de servicio, por lo que hay incertidumbre sobre la aplicaci\u00f3n de la medida nacional.<\/p>\n\n\n\n<p>En este contexto, el titular del EPRE y los ediles coincidieron en la necesidad de \u201cponer en debate la manera en la que se constituye el costo final de la tarifa y actuar con planificaci\u00f3n para evitar generar m\u00e1s inconvenientes en la ciudadan\u00eda\u201d, a la vez que marcaron la necesidad de \u201cordenar y poner alg\u00fan l\u00edmite al cobro de tasas en las boletas\u201d.<\/p>\n\n\n\n<p>Luego resaltaron la decisi\u00f3n del gobernador Rogelio Frigerio de eliminar hasta fin de a\u00f1o el componente provincial de la tarifa para paliar al menos en parte el fuerte impacto que tuvo la quita de subsidios a nivel nacional y, en este marco, los concejales brindaron detalles sobre los distintos proyectos que presentaron para aliviar el bolsillo de los paranaenses, tales como la eliminaci\u00f3n de la Tasa Municipal de la boleta de la luz, y la iniciativa presentada recientemente para eximir del pago de la Tasa por Alumbrado P\u00fablico a los locales gastron\u00f3micos y establecimientos hoteleros\u00a0de\u00a0Paran\u00e1.<\/p>\n","protected":false},"excerpt":{"rendered":"<p>El Bloque de Concejales de Juntos por Entre R\u00edos fue recibido por el titular del Entre Provincial Regulador de la Energ\u00eda (EPRE), Lic. Juan Domingo Zacar\u00edas, con quien abordaron distintos aspectos vinculados con el servicio de luz y el valor de las tarifas. En este marco destacaron la decisi\u00f3n del gobernador de eliminar el impuesto [&hellip;]<\/p>\n","protected":false},"author":4,"featured_media":7763,"comment_status":"closed","ping_status":"closed","sticky":false,"template":"","format":"standard","meta":{"footnotes":""},"categories":[54,1],"tags":[],"class_list":["post-7762","post","type-post","status-publish","format-standard","has-post-thumbnail","hentry","category-institucionales","category-noticias"],"_links":{"self":[{"href":"https:\/\/epre.gov.ar\/web\/wp-json\/wp\/v2\/posts\/7762","targetHints":{"allow":["GET"]}}],"collection":[{"href":"https:\/\/epre.gov.ar\/web\/wp-json\/wp\/v2\/posts"}],"about":[{"href":"https:\/\/epre.gov.ar\/web\/wp-json\/wp\/v2\/types\/post"}],"author":[{"embeddable":true,"href":"https:\/\/epre.gov.ar\/web\/wp-json\/wp\/v2\/users\/4"}],"replies":[{"embeddable":true,"href":"https:\/\/epre.gov.ar\/web\/wp-json\/wp\/v2\/comments?post=7762"}],"version-history":[{"count":1,"href":"https:\/\/epre.gov.ar\/web\/wp-json\/wp\/v2\/posts\/7762\/revisions"}],"predecessor-version":[{"id":7764,"href":"https:\/\/epre.gov.ar\/web\/wp-json\/wp\/v2\/posts\/7762\/revisions\/7764"}],"wp:featuredmedia":[{"embeddable":true,"href":"https:\/\/epre.gov.ar\/web\/wp-json\/wp\/v2\/media\/7763"}],"wp:attachment":[{"href":"https:\/\/epre.gov.ar\/web\/wp-json\/wp\/v2\/media?parent=7762"}],"wp:term":[{"taxonomy":"category","embeddable":true,"href":"https:\/\/epre.gov.ar\/web\/wp-json\/wp\/v2\/categories?post=7762"},{"taxonomy":"post_tag","embeddable":true,"href":"https:\/\/epre.gov.ar\/web\/wp-json\/wp\/v2\/tags?post=7762"}],"curies":[{"name":"wp","href":"https:\/\/api.w.org\/{rel}","templated":true}]}}