{"id":7756,"date":"2024-09-18T16:41:28","date_gmt":"2024-09-18T13:41:28","guid":{"rendered":"https:\/\/epre.gov.ar\/web\/?p=7756"},"modified":"2024-09-23T14:48:53","modified_gmt":"2024-09-23T11:48:53","slug":"resolucion-epre-n-181-24","status":"publish","type":"post","link":"https:\/\/epre.gov.ar\/web\/resolucion-epre-n-181-24\/","title":{"rendered":"RESOLUCI\u00d3N EPRE N\u00b0 181\/24"},"content":{"rendered":"\n<p class=\"has-text-align-right\"><strong>PARANA, 17 de setiembre de 2024<\/strong><\/p>\n\n\n\n<p><a href=\"https:\/\/epre.gov.ar\/web\/wp-content\/uploads\/2024\/09\/Resolucion_EPRE_181_24.pdf\" data-type=\"link\" data-id=\"https:\/\/epre.gov.ar\/web\/wp-content\/uploads\/2024\/09\/Resolucion_EPRE_181_24.pdf\" target=\"_blank\" rel=\"noreferrer noopener nofollow\">Texto de la Resoluci\u00f3n en formato PDF<\/a><br><a href=\"https:\/\/epre.gov.ar\/web\/wp-content\/uploads\/2024\/09\/Resolucion_EPRE_Anexo_181_24.pdf\" data-type=\"link\" data-id=\"https:\/\/epre.gov.ar\/web\/wp-content\/uploads\/2024\/09\/Resolucion_EPRE_Anexo_181_24.pdf\" target=\"_blank\" rel=\"noreferrer noopener nofollow\">Anexo Cuadro Tarifario Provincial<\/a><br><a href=\"https:\/\/epre.gov.ar\/web\/wp-content\/uploads\/2024\/09\/Resolucion_ES_431_24_SE.pdf\" data-type=\"link\" data-id=\"https:\/\/epre.gov.ar\/web\/wp-content\/uploads\/2024\/09\/Resolucion_ES_431_24_SE.pdf\" target=\"_blank\" rel=\"noreferrer noopener nofollow\">Resoluci\u00f3n N\u00b0 431\/24 de Secretar\u00eda de Energ\u00eda de la Provincia de Entre R\u00edos<\/a><\/p>\n\n\n\n<p><strong>VISTO:<\/strong><\/p>\n\n\n\n<p>La Resoluci\u00f3n de la Secretar\u00eda Ministerial de Energ\u00eda de Entre R\u00edos N\u00b0 431 del 16 de septiembre de 2024, las Resoluciones RESOL-2024-90-APN-SE#MEC y RESOL-2024-234-APN-SE#MEC de la Secretaria de Energ\u00eda del Ministerio de Econom\u00eda de la Naci\u00f3n, las Resoluciones EPRE N\u00b0 219\/22 y 175\/24; <\/p>\n\n\n\n<p><strong>CONSIDERANDO:<\/strong><\/p>\n\n\n\n<p>Que por Resoluci\u00f3n N\u00b0 431 del 16 de septiembre de 2024 y comunicada en el d\u00eda hoy, la Secretar\u00eda Ministerial de Energ\u00eda de Entre R\u00edos dispuso en su Art\u00edculo 1\u00b0, ad refer\u00e9ndum del Poder Ejecutivo Provincial, el otorgamiento de un subsidio equivalente al veinticinco por ciento (25%) sobre el valor agregado de distribuci\u00f3n (VAD) que las Distribuidoras El\u00e9ctricas de la Provincia apliquen en su facturaci\u00f3n a los usuarios residenciales urbanos y rurales comprendidos en el Segmento Nivel 2- Menores Ingresos del Registro de Acceso a los Subsidios a la Energ\u00eda (RASE) o categor\u00eda que en el futuro la reemplace seg\u00fan normativa nacional, hasta un tope m\u00e1ximo de consumo de 350 kWh mensuales, a partir del 1\u00b0 de septiembre y hasta el 31 de diciembre de 2024;<\/p>\n\n\n\n<p>Que por Art\u00edculo 2\u00b0 de la precitada Resoluci\u00f3n, la Secretaria Ministerial de Energ\u00eda, dispuso -Ad Refer\u00e9ndum del Poder Ejecutivo Provincial- el otorgamiento de un subsidio equivalente al cincuenta por ciento (50%) sobre el valor agregado de distribuci\u00f3n (VAD) que las Distribuidoras El\u00e9ctricas de la Provincia apliquen en su facturaci\u00f3n a los usuarios identificados como T1- Uso General hasta un tope m\u00e1ximo de consumo de 350 kWh mensuales para los categorizados como generales urbanos y 300 kWh mensuales para los categorizados como rurales generales, a partir del 1\u00b0 de septiembre y hasta el 31 de diciembre de 2024;<\/p>\n\n\n\n<p>Que por el Art\u00edculo 3\u00b0 de la Resoluci\u00f3n 431\/24 SME, la Secretaria Ministerial de Energ\u00eda dispone que las Distribuidoras El\u00e9ctricas de la Provincia deber\u00e1n incluir en la facturaci\u00f3n de los usuarios beneficiarios de los subsidios tarifarios establecidos en el art\u00edculo 2\u00b0 y 3\u00b0 de dicha norma legal, una leyenda destacada indicando \u00abTarifa Subsidiada por el Estado Provincial\u00bb;<\/p>\n\n\n\n<p>Que por Art\u00edculo 5\u00b0 de la Resoluci\u00f3n N\u00b0 431\/24 SME, se instruye a esta Ente a incorporar los subsidios tarifarios establecidos en el art\u00edculo 1\u00b0 y 2\u00b0 de la presente norma legal en el Cuadro Tarifario, como asimismo para que por su intermedio notifique a las Concesionarias del Servicio P\u00fablico de Distribuci\u00f3n y Comercializaci\u00f3n de Energ\u00eda El\u00e9ctrica de la Provincia de Entre R\u00edos, de los t\u00e9rminos y medidas adoptadas en la presente Resoluci\u00f3n;<\/p>\n\n\n\n<p>Que, en consecuencia, conforme instrucci\u00f3n comunicada y a lo dispuesto en los Art\u00edculos 46, 48 y 56 de la ley 8916, le corresponde a este Ente Regulador elaborar el cuadro tarifario a aplicar a los usuarios que resultan alcanzados por la medida dispuesta por la Secretaria Ministerial de Energ\u00eda de la Provincia de Entre R\u00edos;<\/p>\n\n\n\n<p>Que para la elaboraci\u00f3n del Anexo tarifario que se aprueba por la presente Resoluci\u00f3n se considera lo dispuesto por la Resoluci\u00f3n N\u00b0 422 del 5 de septiembre de 2024, por la cual la Secretar\u00eda Ministerial de Energ\u00eda de Entre R\u00edos, dispuso la suspensi\u00f3n transitoria y excepcional del traslado a los usuarios finales del servicio el\u00e9ctrico en la Provincia de Entre R\u00edos, de la adecuaci\u00f3n del Valor Agregado de Distribuci\u00f3n (VAD) por aplicaci\u00f3n del Anexo IV Punto D) ADECUACION DE LOS COSTOS DE DISTRIBUCION de los Contratos de Concesi\u00f3n de las Distribuidoras El\u00e9ctricas de la Provincia de Entre R\u00edos y modificaci\u00f3n al procedimiento autorizado por Resoluci\u00f3n EPRE N\u00b0 69\/24, por el periodo comprendido entre el 1\u00b0 de septiembre al 31 de diciembre de 2024, manteni\u00e9ndose los valores agregados de distribuci\u00f3n (VAD) del mes de agosto de 2024 aprobados en el Anexo I de la Resoluci\u00f3n EPRE N\u00b0 161\/24;<\/p>\n\n\n\n<p>Que adem\u00e1s para el c\u00e1lculo de Anexo tarifario, se consider\u00f3 de aplicaci\u00f3n los costos de abastecimientos conforme a lo dispuesto por la Secretaria de Energ\u00eda de la Naci\u00f3n, a trav\u00e9s de la RESOL-2024-234-APN-SE#MEC, estableci\u00f3, para el per\u00edodo comprendido entre el 1\u00b0 de septiembre de 2024 y el 31 de octubre de 2024, para la demanda de energ\u00eda el\u00e9ctrica declarada por los Agentes Distribuidores y\/o Prestadores del Servicio P\u00fablico de Distribuci\u00f3n del MEM, como destinada a abastecer a sus usuarios de energ\u00eda el\u00e9ctrica, o los de otros prestadores del servicio p\u00fablico de distribuci\u00f3n de energ\u00eda el\u00e9ctrica dentro del \u00e1rea d e influencia o concesi\u00f3n del Agente Distribuidor, la aplicaci\u00f3n de los Precios de Referencia de la Potencia (POTREF) y el Precio Estabilizado de la Energ\u00eda (PEE) en el MEM establecidos en el Anexo I (IF-2024-93189321-APN-DNRYDSE#MEC) de dicha Resoluci\u00f3n;<\/p>\n\n\n\n<p>Que tambi\u00e9n se consideraron para la determinaci\u00f3n de los valores del Anexo, lo establecido por Art\u00edculo 3\u00b0 de la precitada Resoluci\u00f3n nacional, por el cual, para el per\u00edodo comprendido entre el 1\u00b0 de septiembre y el 31 de octubre de 2024, fijo los valores correspondientes a cada agente distribuidor del MEM por el Servicio P\u00fablico de Transporte de Energ\u00eda El\u00e9ctrica en Alta Tensi\u00f3n y por Distribuci\u00f3n Troncal, incorporados en el Anexo III (IF-2024-93192466-APN-DNRYDSE#MEC);<\/p>\n\n\n\n<p>Que la vigencia del Anexo Tarifario aprobado por la presente, quedaba condicionada a que no se produzcan modificaciones en los precios mayoristas de energ\u00eda, potencia y\/o transporte en el Mercado El\u00e9ctrico Mayorista (MEM) por parte de la Secretaria de Energ\u00eda El\u00e9ctrica de la Naci\u00f3n (SEN), en cuyo caso podr\u00edan las Distribuidoras presentar a este ENTE para su an\u00e1lisis y aprobaci\u00f3n los nuevos valores del Cuadro Tarifario;<\/p>\n\n\n\n<p>Que conforme a lo dispuesto por el Art\u00edculo 79\u00b0, segundo p\u00e1rrafo del Decreto N\u00b0 1300\/96, los precios de la tarifa del servicio el\u00e9ctrico, una vez aprobados, resultar\u00e1n aplicables a todas las Distribuidoras Concesionarias del Servicio P\u00fablico de Electricidad de la Provincia de Entre R\u00edos, en car\u00e1cter de Cuadro Tarifario Provincial;<\/p>\n\n\n\n<p>Que se han producido los correspondientes dict\u00e1menes t\u00e9cnico y legal, que obran agregados al Expediente de referencia;<\/p>\n\n\n\n<p>Que el Ente Provincial Regulador de la Energ\u00eda est\u00e1 facultado para el dictado de la presente, en virtud de lo dispuesto en los Art\u00edculos 48\u00b0 inciso b) y 56\u00b0 inciso g) de la Ley N\u00b0 8.916 y en el Anexo IV del Contrato de Concesi\u00f3n de la Distribuidora ENERSA;<\/p>\n\n\n\n<p>Que por Decreto N\u00b0 1127\/96 MEOSP se dispuso la intervenci\u00f3n de este Ente, y por Decreto N\u00b0 118 MPlyS de fecha 13 de diciembre de 2023 se ha designado Interventor del Organismo al Lic. Juan Domingo Zacar\u00edas. Por ello;<\/p>\n\n\n\n<p class=\"has-text-align-center\"><strong>EL INTERVENTOR DEL EPRE<br>R E S U E L V E:<\/strong><\/p>\n\n\n\n<p><strong>ART\u00cdCULO 1\u00b0:<\/strong> Aprobar el Anexo tarifario para los usuarios alcanzados por el subsidio provincial, conforme a lo dispuesto por Resoluci\u00f3n N\u00b0 431 S.E. del 16 de septiembre de 2024, por lo motivos y fundamentos explicitados en los considerandos de la presente.<\/p>\n\n\n\n<p><strong>ART\u00cdCULO 2\u00b0: <\/strong>Disponer que la vigencia de los precios de tarifa aprobados por la presente Resoluci\u00f3n, queda condicionado a que no se produzcan nuevas modificaciones en los precios mayoristas de energ\u00eda, potencia y\/o transporte en el Mercado El\u00e9ctrico Mayorista (MEM) por parte de la Secretaria de Energ\u00eda El\u00e9ctrica de la Naci\u00f3n (SEN), en cuyo caso podr\u00e1n las Distribuidoras presentar a este ENTE para su an\u00e1lisis y aprobaci\u00f3n los nuevos valores del Cuadro Tarifario.<\/p>\n\n\n\n<p><strong>ART\u00cdCULO 3\u00b0:<\/strong> Comunicar a las Distribuidoras El\u00e9ctricas de la Provincia, que conforme lo dispuesto por el Art\u00edculo 3\u00b0 de la Resoluci\u00f3n N\u00b0 431\/24 S.E., deber\u00e1n incluir en la facturaci\u00f3n de los usuarios beneficiarios de los subsidios tarifarios establecidos por dicha norma legal, una leyenda destacada indicando \u00abTarifa Subsidiada por el Estado Provincial\u00bb.<\/p>\n\n\n\n<p><strong>ARTICULO 4\u00b0: <\/strong>Registrar, notificar al Poder Concedente, a la Secretar\u00eda Ministerial de Energ\u00eda de la Provincia de Entre R\u00edos, a las Distribuidoras Provinciales junto con la Resoluci\u00f3n N\u00b0 431\/24 S.E., publicar en el Bolet\u00edn Oficial, P\u00e1gina Web del EPRE y, oportunamente, archivar.<\/p>\n\n\n\n<p class=\"has-text-align-center\"><strong>ANEXO<\/strong><\/p>\n\n\n\n<p class=\"has-text-align-center\"><strong>CUADRO TARIFARIO<\/strong><br>Subsidio Provincial para Usuarios de Menores Ingresos N2 y<br>Peque\u00f1os Comercios o Empresas T1-G Y T1 RURAL G<br><strong>RESOLUCI\u00d3N SE N\u00b0 431\/2024<\/strong><\/p>\n\n\n\n<p class=\"has-text-align-center\">Vigente a partir del 1\u00b0 de Septiembre de 2024 al 31 de Octubre de 2024<\/p>\n\n\n\n<p class=\"has-text-align-center\"><strong>Residencial<\/strong><br>MENORES INGRESOS<\/p>\n\n\n\n<figure class=\"wp-block-table is-style-stripes\"><table class=\"has-fixed-layout\"><tbody><tr><td><strong>T1 &#8211; R Uso residencial<\/strong><\/td><td><strong>NIVEL 2<\/strong><\/td><\/tr><tr><td>Cargo fijo (haya o no consumo) $\/mes<\/td><td>1.869,18<\/td><\/tr><tr><td>Primeros 100 kWh\/mes<\/td><td>68,12<\/td><\/tr><tr><td>Siguientes 100 kWh\/mes<\/td><td>86,81<\/td><\/tr><tr><td>Siguientes 100 kWh\/mes<\/td><td>112,08<\/td><\/tr><tr><td>Siguientes 50 kWh\/mes<\/td><td>126,94<\/td><\/tr><tr><td>Excedente de 350 kWh\/mes<\/td><td>225,35<\/td><\/tr><tr><td><\/td><td><\/td><\/tr><tr><td><strong>T1 &#8211; Rural Residencial<\/strong><\/td><td><strong>NIVEL 2<\/strong><\/td><\/tr><tr><td>Cargo fijo (haya o no consumo) $\/mes<\/td><td>5.178,54<\/td><\/tr><tr><td>Primeros 150 kWh\/mes<\/td><td>90,82<\/td><\/tr><tr><td>Siguientes 150 kWh\/mes<\/td><td>126,79<\/td><\/tr><tr><td>Siguientes 50 kWh\/mes<\/td><td>165,75<\/td><\/tr><tr><td>Excedente de 350 kwh\/mes<\/td><td>277,29<\/td><\/tr><\/tbody><\/table><\/figure>\n\n\n\n<p class=\"has-text-align-center\"><strong>No Residencial<\/strong><\/p>\n\n\n\n<figure class=\"wp-block-table is-style-stripes\"><table class=\"has-fixed-layout\"><tbody><tr><td><strong>T 1-Rural General<\/strong><\/td><td><\/td><\/tr><tr><td>Cargo fijo (haya o no consumo) $\/mes<\/td><td>3.452,36<\/td><\/tr><tr><td>Cargo Variable por energ\u00eda:<\/td><td><\/td><\/tr><tr><td>Primeros 150 kWh\/mes<\/td><td>137,46<\/td><\/tr><tr><td>Siguientes 150 kWh\/mes<\/td><td>161,44<\/td><\/tr><tr><td>Excedente de 300 kWh\/mes<\/td><td>252,32<\/td><\/tr><tr><td><strong>T 1-G Uso General<\/strong><\/td><td><\/td><\/tr><tr><td>Cargo fijo (haya o no consumo) $\/mes<\/td><td>3.075,59<\/td><\/tr><tr><td>Cargo Variable por energ\u00eda:<\/td><td><\/td><\/tr><tr><td>Primeros 125 kWh\/mes<\/td><td>133,69<\/td><\/tr><tr><td>Siguientes 225 kWh\/mes<\/td><td>141,95<\/td><\/tr><tr><td>Excedente de 350 kWh\/mes<\/td><td>203,83<\/td><\/tr><\/tbody><\/table><\/figure>\n","protected":false},"excerpt":{"rendered":"<p>PARANA, 17 de setiembre de 2024 Texto de la Resoluci\u00f3n en formato PDFAnexo Cuadro Tarifario ProvincialResoluci\u00f3n N\u00b0 431\/24 de Secretar\u00eda de Energ\u00eda de la Provincia de Entre R\u00edos VISTO: La Resoluci\u00f3n de la Secretar\u00eda Ministerial de Energ\u00eda de Entre R\u00edos N\u00b0 431 del 16 de septiembre de 2024, las Resoluciones RESOL-2024-90-APN-SE#MEC y RESOL-2024-234-APN-SE#MEC de la [&hellip;]<\/p>\n","protected":false},"author":4,"featured_media":7345,"comment_status":"closed","ping_status":"closed","sticky":false,"template":"","format":"standard","meta":{"footnotes":""},"categories":[8],"tags":[],"class_list":["post-7756","post","type-post","status-publish","format-standard","has-post-thumbnail","hentry","category-resoluciones"],"_links":{"self":[{"href":"https:\/\/epre.gov.ar\/web\/wp-json\/wp\/v2\/posts\/7756","targetHints":{"allow":["GET"]}}],"collection":[{"href":"https:\/\/epre.gov.ar\/web\/wp-json\/wp\/v2\/posts"}],"about":[{"href":"https:\/\/epre.gov.ar\/web\/wp-json\/wp\/v2\/types\/post"}],"author":[{"embeddable":true,"href":"https:\/\/epre.gov.ar\/web\/wp-json\/wp\/v2\/users\/4"}],"replies":[{"embeddable":true,"href":"https:\/\/epre.gov.ar\/web\/wp-json\/wp\/v2\/comments?post=7756"}],"version-history":[{"count":1,"href":"https:\/\/epre.gov.ar\/web\/wp-json\/wp\/v2\/posts\/7756\/revisions"}],"predecessor-version":[{"id":7761,"href":"https:\/\/epre.gov.ar\/web\/wp-json\/wp\/v2\/posts\/7756\/revisions\/7761"}],"wp:featuredmedia":[{"embeddable":true,"href":"https:\/\/epre.gov.ar\/web\/wp-json\/wp\/v2\/media\/7345"}],"wp:attachment":[{"href":"https:\/\/epre.gov.ar\/web\/wp-json\/wp\/v2\/media?parent=7756"}],"wp:term":[{"taxonomy":"category","embeddable":true,"href":"https:\/\/epre.gov.ar\/web\/wp-json\/wp\/v2\/categories?post=7756"},{"taxonomy":"post_tag","embeddable":true,"href":"https:\/\/epre.gov.ar\/web\/wp-json\/wp\/v2\/tags?post=7756"}],"curies":[{"name":"wp","href":"https:\/\/api.w.org\/{rel}","templated":true}]}}