{"id":7742,"date":"2024-09-05T15:57:55","date_gmt":"2024-09-05T12:57:55","guid":{"rendered":"https:\/\/epre.gov.ar\/web\/?p=7742"},"modified":"2024-09-05T15:57:57","modified_gmt":"2024-09-05T12:57:57","slug":"frigerio-anuncio-el-congelamiento-del-componente-provincial-de-la-tarifa-electrica","status":"publish","type":"post","link":"https:\/\/epre.gov.ar\/web\/frigerio-anuncio-el-congelamiento-del-componente-provincial-de-la-tarifa-electrica\/","title":{"rendered":"FRIGERIO ANUNCI\u00d3 EL CONGELAMIENTO DEL COMPONENTE PROVINCIAL DE LA TARIFA EL\u00c9CTRICA"},"content":{"rendered":"\n<p><strong>Ser\u00e1 hasta fin de a\u00f1o<\/strong><\/p>\n\n\n\n<p>El gobierno provincial suma medidas para aliviar el impacto que gener\u00f3 la decisi\u00f3n del gobierno nacional de quitar subsidios a la energ\u00eda el\u00e9ctrica. En este marco, el gobernador Rogelio Frigerio anunci\u00f3 el congelamiento hasta fin de a\u00f1o del precio del Valor Agregado de Distribuci\u00f3n (VAD), entre otras medidas que hacen al componente provincial de la tarifa.<\/p>\n\n\n\n<p>Las nuevas medidas se suman a la eliminaci\u00f3n de los impuestos provinciales. Tambi\u00e9n record\u00f3 que se sostienen y se adecuaron 14 programas de subsidios que ya se ven\u00edan implementando y que se est\u00e1 trabajando en implementar otros nuevos.<\/p>\n\n\n\n<p>El anuncio se hizo en una rueda de prensa en la que estuvieron presentes tambi\u00e9n la secretaria de Energ\u00eda, Noelia Zapata; el presidente de Enersa, Ignacio Bergallo; y el titular del Ente Provincial Regulador de Energ\u00eda (EPRE), Juan Domingo Zacar\u00edas.<\/p>\n\n\n\n<p>En la oportunidad, Frigerio remarc\u00f3 que, ante el dif\u00edcil contexto que se atraviesa, \u00abtenemos que estar m\u00e1s cerca de la gente que nunca\u201d, y subray\u00f3: \u201cTenemos que tener m\u00e1s empat\u00eda. Y la tarifa de luz es uno de los temas que m\u00e1s preocupan a las familias entrerrianas, sobre todo despu\u00e9s de la decisi\u00f3n del gobierno nacional de acercar el valor de la generaci\u00f3n de energ\u00eda a su costo real\u00bb.<\/p>\n\n\n\n<p>\u00abDesde la provincia vamos a hacer esfuerzos para generar un poco de alivio\u00bb, sostuvo, explicando luego que la tarifa de energ\u00eda el\u00e9ctrica tiene tres componentes centrales. Uno es la generaci\u00f3n de energ\u00eda, cuyo precio fija naci\u00f3n; otro son los impuestos; y el \u00faltimo el VAD, fijado por la provincia.<\/p>\n\n\n\n<p>\u00abVamos a seguir peleando por nuestros derechos\u00bb, remarc\u00f3, al hacer menci\u00f3n al reclamo que la provincia realiza ante naci\u00f3n mediante la v\u00eda judicial, \u00abpara que termine una discriminaci\u00f3n que entendemos se produce con Salto Grande como generadora de energ\u00eda\u00bb. Dijo a su vez, que seguir\u00e1n conversando con los intendentes para \u00abordenar y poner l\u00edmites a los impuestos y tasas que se plantean desde los municipios entrerrianos\u00bb.<\/p>\n\n\n\n<p><strong>LAS NUEVAS MEDIDAS<\/strong><br>Frigerio se\u00f1al\u00f3 que el conjunto de nuevas medidas se vincula al \u00edtem que puede modificar el gobierno provincial, el VAD, siendo la primera medida congelar el precio del mismo hasta el 31 de diciembre de este a\u00f1o. Se trata del costo generado por las tareas de operaci\u00f3n, mantenimiento e inversiones, el cual se traslada al usuario final de acuerdo a la legislaci\u00f3n vigente.<\/p>\n\n\n\n<p>A su vez, se aplicar\u00e1 un 25% de descuento en este \u00edtem a usuarios residenciales de escasos recursos para los primeros 700 kWh bimestrales. La medida beneficia al 50% de los hogares entrerrianos y al 100% de las familias con ingresos menores a 900.000 pesos mensuales.<\/p>\n\n\n\n<p>Una medida similar se adopta con comerciantes, pymes, profesionales y prestadores de servicios, subsidiando el 50% del VAD para los primeros 700 kwh bimestrales, lo que impacta en el 60% del total de usuarios de este sector.<\/p>\n\n\n\n<p><strong>SUBSIDIOS PROVINCIALES<\/strong><br>Entre los 14 programas de bonificaci\u00f3n de tarifas que mantiene la provincia, la mayor inversi\u00f3n est\u00e1 destinada a las familias de bajos recursos, incluyendo bonificaciones a jubilados o pensionados y grupos familiares numerosos.<\/p>\n\n\n\n<p>Tambi\u00e9n se invierte en la infraestructura para incluir a usuarios sin servicio o que se encuentren en situaciones irregulares de conexi\u00f3n el\u00e9ctrica y el sostenimiento de medidores comunitarios.<\/p>\n\n\n\n<p>Le siguen en materia de inversi\u00f3n los programas destinados a acompa\u00f1ar el sector productivo. Se bonifica en un 4% a los usuarios identificados como de actividades productivas y entre un 4% y un 15% a las industrias, con bonificaci\u00f3n especial (un 5% m\u00e1s) para quienes utilicen energ\u00edas renovables y reintegros de hasta un 50 por ciento a quienes realicen obras de infraestructuras vinculadas a servicio el\u00e9ctrico y de gas. Beneficios similares a los del sector industrial est\u00e1n habilitados para las actividades vinculadas a la econom\u00eda del conocimiento.<\/p>\n\n\n\n<p>Tambi\u00e9n est\u00e1n vigentes actualmente tarifas bonificadas para personas de bajos recursos que requieran la utilizaci\u00f3n de equipos por problemas de salud y la cobertura del 100% de la tarifa para electrodependientes. Por otro lado, se est\u00e1 trabajando en la reimplementaci\u00f3n de un subsidio a los efectores de salud, que estuvo vigente en \u00e9poca de pandemia.<\/p>\n\n\n\n<p>Se mantienen a su vez, los subsidios a la tarifa para instituciones deportivas, que se incrementaron de 27% y 35%, a 35% y 45%. Asimismo, se bonifica entre un 30% y 35% la tarifa de centros culturales, salas culturales y teatros independientes; y un 27% a instituciones educativas de gesti\u00f3n privada. Adem\u00e1s, los destacamentos de Bomberos Voluntarios cuentan con un subsidio del 50% y las asociaciones sin fines de lucro que brindan acompa\u00f1amiento a personas en situaci\u00f3n de vulnerabilidad, v\u00edctimas de violencia o que transiten la rehabilitaci\u00f3n de adicciones, entre un 35% y 45%.<\/p>\n\n\n\n<p><em>(Fuente: www.entrerios.gov.ar)<\/em><\/p>\n","protected":false},"excerpt":{"rendered":"<p>Ser\u00e1 hasta fin de a\u00f1o El gobierno provincial suma medidas para aliviar el impacto que gener\u00f3 la decisi\u00f3n del gobierno nacional de quitar subsidios a la energ\u00eda el\u00e9ctrica. En este marco, el gobernador Rogelio Frigerio anunci\u00f3 el congelamiento hasta fin de a\u00f1o del precio del Valor Agregado de Distribuci\u00f3n (VAD), entre otras medidas que hacen [&hellip;]<\/p>\n","protected":false},"author":4,"featured_media":7743,"comment_status":"closed","ping_status":"closed","sticky":false,"template":"","format":"standard","meta":{"footnotes":""},"categories":[54,1],"tags":[],"class_list":["post-7742","post","type-post","status-publish","format-standard","has-post-thumbnail","hentry","category-institucionales","category-noticias"],"_links":{"self":[{"href":"https:\/\/epre.gov.ar\/web\/wp-json\/wp\/v2\/posts\/7742","targetHints":{"allow":["GET"]}}],"collection":[{"href":"https:\/\/epre.gov.ar\/web\/wp-json\/wp\/v2\/posts"}],"about":[{"href":"https:\/\/epre.gov.ar\/web\/wp-json\/wp\/v2\/types\/post"}],"author":[{"embeddable":true,"href":"https:\/\/epre.gov.ar\/web\/wp-json\/wp\/v2\/users\/4"}],"replies":[{"embeddable":true,"href":"https:\/\/epre.gov.ar\/web\/wp-json\/wp\/v2\/comments?post=7742"}],"version-history":[{"count":1,"href":"https:\/\/epre.gov.ar\/web\/wp-json\/wp\/v2\/posts\/7742\/revisions"}],"predecessor-version":[{"id":7744,"href":"https:\/\/epre.gov.ar\/web\/wp-json\/wp\/v2\/posts\/7742\/revisions\/7744"}],"wp:featuredmedia":[{"embeddable":true,"href":"https:\/\/epre.gov.ar\/web\/wp-json\/wp\/v2\/media\/7743"}],"wp:attachment":[{"href":"https:\/\/epre.gov.ar\/web\/wp-json\/wp\/v2\/media?parent=7742"}],"wp:term":[{"taxonomy":"category","embeddable":true,"href":"https:\/\/epre.gov.ar\/web\/wp-json\/wp\/v2\/categories?post=7742"},{"taxonomy":"post_tag","embeddable":true,"href":"https:\/\/epre.gov.ar\/web\/wp-json\/wp\/v2\/tags?post=7742"}],"curies":[{"name":"wp","href":"https:\/\/api.w.org\/{rel}","templated":true}]}}