{"id":7663,"date":"2024-07-05T17:00:33","date_gmt":"2024-07-05T14:00:33","guid":{"rendered":"https:\/\/epre.gov.ar\/web\/?p=7663"},"modified":"2024-07-05T17:04:23","modified_gmt":"2024-07-05T14:04:23","slug":"reunion-con-sectores-comerciales","status":"publish","type":"post","link":"https:\/\/epre.gov.ar\/web\/reunion-con-sectores-comerciales\/","title":{"rendered":"REUNI\u00d3N CON SECTORES COMERCIALES"},"content":{"rendered":"\n<p>Las autoridades del Ente Provincial Regulador de la Energ\u00eda de Entre R\u00edos (EPRE) recibieron este mi\u00e9rcoles 3 de julio al presidente de la Federaci\u00f3n Econ\u00f3mica de Entre R\u00edos (FEDER), Silvio Farach, junto a Gonzalo Broin; a Marcelo Quiroga, presidente del Centro Comercial e Industrial de Paran\u00e1; a Mario Sarli, referente del Centro de Almaceneros de Paran\u00e1; a H\u00e9ctor Gonz\u00e1lez Pav\u00e1n, del Centro de Almaceneros Concepci\u00f3n del Uruguay; quienes estuvieron acompa\u00f1ados por el asesor Ing. Elbio Woeffray, especialista en Energ\u00edas Renovables.<\/p>\n\n\n\n<p>Durante la reuni\u00f3n se evaluaron las distintas posibilidades para encontrar un marco de referencia que posibilite una tarifa en la energ\u00eda el\u00e9ctrica m\u00e1s beneficiosa para el sector, entendiendo las partes que el precio mayorista es el que determina el mayor costo del servicio.<\/p>\n\n\n\n<p>El encuentro concluy\u00f3 con el compromiso entre las diferentes entidades vinculadas al sector comercial de la provincia de seguir trabajando en conjunto sobre el tema.<\/p>\n","protected":false},"excerpt":{"rendered":"<p>Las autoridades del Ente Provincial Regulador de la Energ\u00eda de Entre R\u00edos (EPRE) recibieron este mi\u00e9rcoles 3 de julio al presidente de la Federaci\u00f3n Econ\u00f3mica de Entre R\u00edos (FEDER), Silvio Farach, junto a Gonzalo Broin; a Marcelo Quiroga, presidente del Centro Comercial e Industrial de Paran\u00e1; a Mario Sarli, referente del Centro de Almaceneros de [&hellip;]<\/p>\n","protected":false},"author":4,"featured_media":7664,"comment_status":"closed","ping_status":"closed","sticky":true,"template":"","format":"standard","meta":{"footnotes":""},"categories":[54,1],"tags":[],"class_list":["post-7663","post","type-post","status-publish","format-standard","has-post-thumbnail","hentry","category-institucionales","category-noticias"],"_links":{"self":[{"href":"https:\/\/epre.gov.ar\/web\/wp-json\/wp\/v2\/posts\/7663","targetHints":{"allow":["GET"]}}],"collection":[{"href":"https:\/\/epre.gov.ar\/web\/wp-json\/wp\/v2\/posts"}],"about":[{"href":"https:\/\/epre.gov.ar\/web\/wp-json\/wp\/v2\/types\/post"}],"author":[{"embeddable":true,"href":"https:\/\/epre.gov.ar\/web\/wp-json\/wp\/v2\/users\/4"}],"replies":[{"embeddable":true,"href":"https:\/\/epre.gov.ar\/web\/wp-json\/wp\/v2\/comments?post=7663"}],"version-history":[{"count":2,"href":"https:\/\/epre.gov.ar\/web\/wp-json\/wp\/v2\/posts\/7663\/revisions"}],"predecessor-version":[{"id":7666,"href":"https:\/\/epre.gov.ar\/web\/wp-json\/wp\/v2\/posts\/7663\/revisions\/7666"}],"wp:featuredmedia":[{"embeddable":true,"href":"https:\/\/epre.gov.ar\/web\/wp-json\/wp\/v2\/media\/7664"}],"wp:attachment":[{"href":"https:\/\/epre.gov.ar\/web\/wp-json\/wp\/v2\/media?parent=7663"}],"wp:term":[{"taxonomy":"category","embeddable":true,"href":"https:\/\/epre.gov.ar\/web\/wp-json\/wp\/v2\/categories?post=7663"},{"taxonomy":"post_tag","embeddable":true,"href":"https:\/\/epre.gov.ar\/web\/wp-json\/wp\/v2\/tags?post=7663"}],"curies":[{"name":"wp","href":"https:\/\/api.w.org\/{rel}","templated":true}]}}