{"id":7650,"date":"2024-06-27T16:56:19","date_gmt":"2024-06-27T13:56:19","guid":{"rendered":"https:\/\/epre.gov.ar\/web\/?p=7650"},"modified":"2024-06-27T16:56:20","modified_gmt":"2024-06-27T13:56:20","slug":"visita-del-intendente-de-gobernador-mansilla-francisco-pasinatto","status":"publish","type":"post","link":"https:\/\/epre.gov.ar\/web\/visita-del-intendente-de-gobernador-mansilla-francisco-pasinatto\/","title":{"rendered":"VISITA DEL INTENDENTE DE GOBERNADOR MANSILLA, FRANCISCO PASINATTO"},"content":{"rendered":"\n<p>El presidente municipal de Gobernador Mansilla, Sr. Francisco Pasinatto, se reuni\u00f3 con las autoridades del Ente Provincial Regulador de la Energ\u00eda de Entre R\u00edos (EPRE).<\/p>\n\n\n\n<p>Al respecto, las autoridades del organismo comentaron: \u00abMantuvimos un encuentro para interiorizarnos acerca de la necesidad del Parque Industrial y la comunidad de esa localidad de recibir un servicio el\u00e9ctrico de mejor calidad por parte de la cooperativa La Esperanza Ltda\u00bb.<\/p>\n\n\n\n<p>En este marco, se acord\u00f3 seguir trabajando mancomunadamente con este objetivo.<\/p>\n","protected":false},"excerpt":{"rendered":"<p>El presidente municipal de Gobernador Mansilla, Sr. Francisco Pasinatto, se reuni\u00f3 con las autoridades del Ente Provincial Regulador de la Energ\u00eda de Entre R\u00edos (EPRE). Al respecto, las autoridades del organismo comentaron: \u00abMantuvimos un encuentro para interiorizarnos acerca de la necesidad del Parque Industrial y la comunidad de esa localidad de recibir un servicio el\u00e9ctrico [&hellip;]<\/p>\n","protected":false},"author":4,"featured_media":7651,"comment_status":"closed","ping_status":"closed","sticky":false,"template":"","format":"standard","meta":{"footnotes":""},"categories":[54,1],"tags":[],"class_list":["post-7650","post","type-post","status-publish","format-standard","has-post-thumbnail","hentry","category-institucionales","category-noticias"],"_links":{"self":[{"href":"https:\/\/epre.gov.ar\/web\/wp-json\/wp\/v2\/posts\/7650","targetHints":{"allow":["GET"]}}],"collection":[{"href":"https:\/\/epre.gov.ar\/web\/wp-json\/wp\/v2\/posts"}],"about":[{"href":"https:\/\/epre.gov.ar\/web\/wp-json\/wp\/v2\/types\/post"}],"author":[{"embeddable":true,"href":"https:\/\/epre.gov.ar\/web\/wp-json\/wp\/v2\/users\/4"}],"replies":[{"embeddable":true,"href":"https:\/\/epre.gov.ar\/web\/wp-json\/wp\/v2\/comments?post=7650"}],"version-history":[{"count":1,"href":"https:\/\/epre.gov.ar\/web\/wp-json\/wp\/v2\/posts\/7650\/revisions"}],"predecessor-version":[{"id":7652,"href":"https:\/\/epre.gov.ar\/web\/wp-json\/wp\/v2\/posts\/7650\/revisions\/7652"}],"wp:featuredmedia":[{"embeddable":true,"href":"https:\/\/epre.gov.ar\/web\/wp-json\/wp\/v2\/media\/7651"}],"wp:attachment":[{"href":"https:\/\/epre.gov.ar\/web\/wp-json\/wp\/v2\/media?parent=7650"}],"wp:term":[{"taxonomy":"category","embeddable":true,"href":"https:\/\/epre.gov.ar\/web\/wp-json\/wp\/v2\/categories?post=7650"},{"taxonomy":"post_tag","embeddable":true,"href":"https:\/\/epre.gov.ar\/web\/wp-json\/wp\/v2\/tags?post=7650"}],"curies":[{"name":"wp","href":"https:\/\/api.w.org\/{rel}","templated":true}]}}