{"id":7633,"date":"2024-06-12T14:28:02","date_gmt":"2024-06-12T11:28:02","guid":{"rendered":"https:\/\/epre.gov.ar\/web\/?p=7633"},"modified":"2024-06-12T14:28:04","modified_gmt":"2024-06-12T11:28:04","slug":"reunion-mensual-de-la-mesa-provincial-de-energias-renovables","status":"publish","type":"post","link":"https:\/\/epre.gov.ar\/web\/reunion-mensual-de-la-mesa-provincial-de-energias-renovables\/","title":{"rendered":"REUNI\u00d3N MENSUAL DE LA MESA PROVINCIAL DE ENERG\u00cdAS RENOVABLES"},"content":{"rendered":"\n<p>Encabezada por la secretaria de Energ\u00eda de la Provincia, Cra. Noelia Zapata, y por el Interventor del Ente Provincial Regulador de la Energ\u00eda de Entre R\u00edos (EPRE), Lic. Juan Domingo Zacar\u00edas, junto al secretario de Intervenci\u00f3n, Marcelo Milano, se llev\u00f3 a cabo la reuni\u00f3n mensual de la Mesa Provincial de Energ\u00edas Renovables, en la que participaron las instituciones y organizaciones sociales, gubernamentales y educativas vinculadas al servicio el\u00e9ctrico.<\/p>\n\n\n\n<p>En el marco de este encuentro, se abordaron diversos temas, tales como la situaci\u00f3n actual de los usuarios generadores de energ\u00eda, que inyectan energ\u00eda renovable a la red.<\/p>\n\n\n\n<p>Sobre este punto, se asumi\u00f3 el compromiso de seguir trabajando para mejorar su situaci\u00f3n, y para que quienes deseen implementar los mecanismos para inyectar energ\u00eda renovable a la red puedan hacerlo sin obst\u00e1culos, de manera f\u00e1cil y econ\u00f3mica, teniendo en cuenta la premisa del gobernador de Entre R\u00edos, Lic. Rogelio Frigerio, de lograr una provincia m\u00e1s sustentable.<\/p>\n\n\n\n<p>Al respecto, cabe destacar que en Entre R\u00edos rige la Ley N\u00b0 10933 de Energ\u00eda El\u00e9ctrica Sostenible, que promueve la generaci\u00f3n, almacenamiento y utilizaci\u00f3n de energ\u00edas a partir de fuentes renovables.<\/p>\n\n\n\n<p>Otros temas que se trataron fueron el fortalecimiento de acciones para la normalizaci\u00f3n del servicio, el uso de limitadores de potencia y los avances en una plataforma que contribuya a este fin.<\/p>\n\n\n\n<p>La reuni\u00f3n cont\u00f3 con la participaci\u00f3n de integrantes de los equipos t\u00e9cnicos del EPRE y de la Secretar\u00eda de Energ\u00eda de Entre R\u00edos, representantes de la UTN Regional Concordia, de ENERSA, de la C\u00e1mara Argentina de Energ\u00edas Renovables (CERER) y del Colegio de Ingenieros Especialistas de Entre R\u00edos (CIEER), quienes compartieron sus experiencias y sus puntos de vista, destacando la incorporaci\u00f3n de las energ\u00edas sostenibles en el \u00e1mbito provincial.<\/p>\n","protected":false},"excerpt":{"rendered":"<p>Encabezada por la secretaria de Energ\u00eda de la Provincia, Cra. Noelia Zapata, y por el Interventor del Ente Provincial Regulador de la Energ\u00eda de Entre R\u00edos (EPRE), Lic. Juan Domingo Zacar\u00edas, junto al secretario de Intervenci\u00f3n, Marcelo Milano, se llev\u00f3 a cabo la reuni\u00f3n mensual de la Mesa Provincial de Energ\u00edas Renovables, en la que [&hellip;]<\/p>\n","protected":false},"author":4,"featured_media":7634,"comment_status":"closed","ping_status":"closed","sticky":false,"template":"","format":"standard","meta":{"footnotes":""},"categories":[54,1],"tags":[],"class_list":["post-7633","post","type-post","status-publish","format-standard","has-post-thumbnail","hentry","category-institucionales","category-noticias"],"_links":{"self":[{"href":"https:\/\/epre.gov.ar\/web\/wp-json\/wp\/v2\/posts\/7633","targetHints":{"allow":["GET"]}}],"collection":[{"href":"https:\/\/epre.gov.ar\/web\/wp-json\/wp\/v2\/posts"}],"about":[{"href":"https:\/\/epre.gov.ar\/web\/wp-json\/wp\/v2\/types\/post"}],"author":[{"embeddable":true,"href":"https:\/\/epre.gov.ar\/web\/wp-json\/wp\/v2\/users\/4"}],"replies":[{"embeddable":true,"href":"https:\/\/epre.gov.ar\/web\/wp-json\/wp\/v2\/comments?post=7633"}],"version-history":[{"count":1,"href":"https:\/\/epre.gov.ar\/web\/wp-json\/wp\/v2\/posts\/7633\/revisions"}],"predecessor-version":[{"id":7635,"href":"https:\/\/epre.gov.ar\/web\/wp-json\/wp\/v2\/posts\/7633\/revisions\/7635"}],"wp:featuredmedia":[{"embeddable":true,"href":"https:\/\/epre.gov.ar\/web\/wp-json\/wp\/v2\/media\/7634"}],"wp:attachment":[{"href":"https:\/\/epre.gov.ar\/web\/wp-json\/wp\/v2\/media?parent=7633"}],"wp:term":[{"taxonomy":"category","embeddable":true,"href":"https:\/\/epre.gov.ar\/web\/wp-json\/wp\/v2\/categories?post=7633"},{"taxonomy":"post_tag","embeddable":true,"href":"https:\/\/epre.gov.ar\/web\/wp-json\/wp\/v2\/tags?post=7633"}],"curies":[{"name":"wp","href":"https:\/\/api.w.org\/{rel}","templated":true}]}}