{"id":7616,"date":"2024-06-05T00:49:16","date_gmt":"2024-06-04T21:49:16","guid":{"rendered":"https:\/\/epre.gov.ar\/web\/?p=7616"},"modified":"2024-06-05T00:49:17","modified_gmt":"2024-06-04T21:49:17","slug":"reunion-del-consejo-consultivo-2","status":"publish","type":"post","link":"https:\/\/epre.gov.ar\/web\/reunion-del-consejo-consultivo-2\/","title":{"rendered":"REUNI\u00d3N DEL CONSEJO CONSULTIVO"},"content":{"rendered":"\n<p>El Consejo Consultivo del Ente Provincial Regulador de la Energ\u00eda de Entre R\u00edos (EPRE) se reuni\u00f3 para analizar y definir acciones referentes a la mayor seguridad de las instalaciones el\u00e9ctricas.<\/p>\n\n\n\n<p>Durante el encuentro se abordaron diferentes temas, tales como mejorar sistema de sanciones a los instaladores el\u00e9ctricos matriculados; agilizar las v\u00edas de comunicaci\u00f3n entre los colegios profesionales y el EPRE; coordinar entre las distribuidoras de energ\u00eda el\u00e9ctrica, los colegios profesionales y el Ente Regulador el acceso a la informaci\u00f3n sobre certificados. En este marco, se propuso implementar una nube de certificados que hayan sido observados.<\/p>\n\n\n\n<p>Adem\u00e1s, se plante\u00f3 redefinir los sujetos que asisten a las inspecciones, buscando la forma de fortalecer el compromiso de las distribuidoras en este proceso.<\/p>\n\n\n\n<p>Se acord\u00f3 tambi\u00e9n reforzar los controles de calidad de los materiales, a partir de un trabajo articulado entre los \u00f3rganos competentes, tales como los colegios profesionales, los instaladores matriculados y las distribuidoras.<\/p>\n\n\n\n<p>Asimismo, se resolvi\u00f3 seguir trabajando en la identificaci\u00f3n y el registro de todos los pilares.<\/p>\n\n\n\n<p>Participaron del encuentro los referentes del EPRE Marcelo Milano, Alejandro Almar\u00e1, Luis Ram\u00edrez, Javier Losada y Roberto Ugarte; por parte del Colegio de Arquitectos de la Provincia de Entre R\u00edos (CAPER), estuvo Javier Tibaut; y representando al Colegio Profesional de Maestros Mayores de Obras y T\u00e9cnicos de entre R\u00edos (Copmmoter), Marcelo Lugr\u00edn y Flavio Lucardi.<\/p>\n\n\n\n<p>La pr\u00f3xima reuni\u00f3n del Consejo Consultivo ser\u00e1 el mi\u00e9rcoles 26 de junio.<\/p>\n","protected":false},"excerpt":{"rendered":"<p>El Consejo Consultivo del Ente Provincial Regulador de la Energ\u00eda de Entre R\u00edos (EPRE) se reuni\u00f3 para analizar y definir acciones referentes a la mayor seguridad de las instalaciones el\u00e9ctricas. Durante el encuentro se abordaron diferentes temas, tales como mejorar sistema de sanciones a los instaladores el\u00e9ctricos matriculados; agilizar las v\u00edas de comunicaci\u00f3n entre los [&hellip;]<\/p>\n","protected":false},"author":4,"featured_media":7617,"comment_status":"closed","ping_status":"closed","sticky":true,"template":"","format":"standard","meta":{"footnotes":""},"categories":[54,1],"tags":[],"class_list":["post-7616","post","type-post","status-publish","format-standard","has-post-thumbnail","hentry","category-institucionales","category-noticias"],"_links":{"self":[{"href":"https:\/\/epre.gov.ar\/web\/wp-json\/wp\/v2\/posts\/7616","targetHints":{"allow":["GET"]}}],"collection":[{"href":"https:\/\/epre.gov.ar\/web\/wp-json\/wp\/v2\/posts"}],"about":[{"href":"https:\/\/epre.gov.ar\/web\/wp-json\/wp\/v2\/types\/post"}],"author":[{"embeddable":true,"href":"https:\/\/epre.gov.ar\/web\/wp-json\/wp\/v2\/users\/4"}],"replies":[{"embeddable":true,"href":"https:\/\/epre.gov.ar\/web\/wp-json\/wp\/v2\/comments?post=7616"}],"version-history":[{"count":1,"href":"https:\/\/epre.gov.ar\/web\/wp-json\/wp\/v2\/posts\/7616\/revisions"}],"predecessor-version":[{"id":7618,"href":"https:\/\/epre.gov.ar\/web\/wp-json\/wp\/v2\/posts\/7616\/revisions\/7618"}],"wp:featuredmedia":[{"embeddable":true,"href":"https:\/\/epre.gov.ar\/web\/wp-json\/wp\/v2\/media\/7617"}],"wp:attachment":[{"href":"https:\/\/epre.gov.ar\/web\/wp-json\/wp\/v2\/media?parent=7616"}],"wp:term":[{"taxonomy":"category","embeddable":true,"href":"https:\/\/epre.gov.ar\/web\/wp-json\/wp\/v2\/categories?post=7616"},{"taxonomy":"post_tag","embeddable":true,"href":"https:\/\/epre.gov.ar\/web\/wp-json\/wp\/v2\/tags?post=7616"}],"curies":[{"name":"wp","href":"https:\/\/api.w.org\/{rel}","templated":true}]}}