{"id":7612,"date":"2024-06-03T18:59:08","date_gmt":"2024-06-03T15:59:08","guid":{"rendered":"https:\/\/epre.gov.ar\/web\/?p=7612"},"modified":"2024-06-03T18:59:09","modified_gmt":"2024-06-03T15:59:09","slug":"reunion-con-autoridades-de-la-face","status":"publish","type":"post","link":"https:\/\/epre.gov.ar\/web\/reunion-con-autoridades-de-la-face\/","title":{"rendered":"REUNI\u00d3N CON AUTORIDADES DE LA FACE"},"content":{"rendered":"\n<p>Siguiendo con las distintas actividades que viene realizando el Ente Provincial Regulador de la Energ\u00eda de Entre R\u00edos (EPRE), el Interventor del organismo, Lic. Juan Domingo Zacar\u00edas, acompa\u00f1ado por el Secretario de Intervenci\u00f3n, Marcelo Milano; el responsable del \u00e1rea Jur\u00eddica, Dr. Marcos Rodr\u00edguez Allende; y del \u00e1rea de Administraci\u00f3n y Finanzas, Cr. Fabi\u00e1n Kochendoerfer, se reunieron con el presidente de la Federaci\u00f3n Argentina de Cooperativas El\u00e9ctricas (FACE) Regional Entre R\u00edos, ing. Carlos Ricciardi, y el asesor de la entidad, Gustavo Bottero.<\/p>\n\n\n\n<p>El objetivo del encuentro fue anunciar la decisi\u00f3n tomada por los directivos del EPRE en su funci\u00f3n de contralor de la situaci\u00f3n real del servicio el\u00e9ctrico-de requerir informaci\u00f3n sobre la situaci\u00f3n de todas las prestadoras de la provincia.<\/p>\n\n\n\n<p>Asimismo, se acord\u00f3 entre ambas entidades continuar coordinando trabajos en conjunto para seguir mejorando la calidad del servicio de la energ\u00eda el\u00e9ctrica brindado por las 18 cooperativas de la provincia de Entre R\u00edos.<\/p>\n","protected":false},"excerpt":{"rendered":"<p>Siguiendo con las distintas actividades que viene realizando el Ente Provincial Regulador de la Energ\u00eda de Entre R\u00edos (EPRE), el Interventor del organismo, Lic. Juan Domingo Zacar\u00edas, acompa\u00f1ado por el Secretario de Intervenci\u00f3n, Marcelo Milano; el responsable del \u00e1rea Jur\u00eddica, Dr. Marcos Rodr\u00edguez Allende; y del \u00e1rea de Administraci\u00f3n y Finanzas, Cr. Fabi\u00e1n Kochendoerfer, se [&hellip;]<\/p>\n","protected":false},"author":4,"featured_media":7613,"comment_status":"closed","ping_status":"closed","sticky":true,"template":"","format":"standard","meta":{"footnotes":""},"categories":[54,1],"tags":[],"class_list":["post-7612","post","type-post","status-publish","format-standard","has-post-thumbnail","hentry","category-institucionales","category-noticias"],"_links":{"self":[{"href":"https:\/\/epre.gov.ar\/web\/wp-json\/wp\/v2\/posts\/7612","targetHints":{"allow":["GET"]}}],"collection":[{"href":"https:\/\/epre.gov.ar\/web\/wp-json\/wp\/v2\/posts"}],"about":[{"href":"https:\/\/epre.gov.ar\/web\/wp-json\/wp\/v2\/types\/post"}],"author":[{"embeddable":true,"href":"https:\/\/epre.gov.ar\/web\/wp-json\/wp\/v2\/users\/4"}],"replies":[{"embeddable":true,"href":"https:\/\/epre.gov.ar\/web\/wp-json\/wp\/v2\/comments?post=7612"}],"version-history":[{"count":1,"href":"https:\/\/epre.gov.ar\/web\/wp-json\/wp\/v2\/posts\/7612\/revisions"}],"predecessor-version":[{"id":7614,"href":"https:\/\/epre.gov.ar\/web\/wp-json\/wp\/v2\/posts\/7612\/revisions\/7614"}],"wp:featuredmedia":[{"embeddable":true,"href":"https:\/\/epre.gov.ar\/web\/wp-json\/wp\/v2\/media\/7613"}],"wp:attachment":[{"href":"https:\/\/epre.gov.ar\/web\/wp-json\/wp\/v2\/media?parent=7612"}],"wp:term":[{"taxonomy":"category","embeddable":true,"href":"https:\/\/epre.gov.ar\/web\/wp-json\/wp\/v2\/categories?post=7612"},{"taxonomy":"post_tag","embeddable":true,"href":"https:\/\/epre.gov.ar\/web\/wp-json\/wp\/v2\/tags?post=7612"}],"curies":[{"name":"wp","href":"https:\/\/api.w.org\/{rel}","templated":true}]}}