{"id":7605,"date":"2024-05-29T15:25:01","date_gmt":"2024-05-29T12:25:01","guid":{"rendered":"https:\/\/epre.gov.ar\/web\/?p=7605"},"modified":"2024-05-29T15:25:03","modified_gmt":"2024-05-29T12:25:03","slug":"reunion-semanal","status":"publish","type":"post","link":"https:\/\/epre.gov.ar\/web\/reunion-semanal\/","title":{"rendered":"REUNI\u00d3N SEMANAL"},"content":{"rendered":"\n<p>Como es habitual, todas las semanas, se reunieron los responsables de las diferentes \u00e1reas del Ente Provincial Regulador de la Energ\u00eda de Entre R\u00edos (EPRE) con las autoridades del organismo.<\/p>\n\n\n\n<p>Durante el encuentro se brind\u00f3 un exhaustivo informe de las reuniones realizadas con la Cooperativa El\u00e9ctrica de Gualeguaych\u00fa, y con el presidente de la Cooperativa El\u00e9ctrica de Concordia, Dr. Marcelo Spinelli.<\/p>\n\n\n\n<p>Tambi\u00e9n se acord\u00f3 que el \u00e1rea Contable y Jur\u00eddica solicitar\u00e1 a trav\u00e9s de la Federaci\u00f3n Argentina de Cooperativas El\u00e9ctricas (FACE) Consejo Regional Entre R\u00edos, un informe de las otras 16 cooperativas de la provincia, sobre la situaci\u00f3n financiera y la calidad del servicio de cada una de ellas, en el marco de la responsabilidad que tiene el EPRE, seg\u00fan lo establece la Ley 8616\/95.<\/p>\n","protected":false},"excerpt":{"rendered":"<p>Como es habitual, todas las semanas, se reunieron los responsables de las diferentes \u00e1reas del Ente Provincial Regulador de la Energ\u00eda de Entre R\u00edos (EPRE) con las autoridades del organismo. Durante el encuentro se brind\u00f3 un exhaustivo informe de las reuniones realizadas con la Cooperativa El\u00e9ctrica de Gualeguaych\u00fa, y con el presidente de la Cooperativa [&hellip;]<\/p>\n","protected":false},"author":4,"featured_media":7606,"comment_status":"closed","ping_status":"closed","sticky":true,"template":"","format":"standard","meta":{"footnotes":""},"categories":[54,1],"tags":[],"class_list":["post-7605","post","type-post","status-publish","format-standard","has-post-thumbnail","hentry","category-institucionales","category-noticias"],"_links":{"self":[{"href":"https:\/\/epre.gov.ar\/web\/wp-json\/wp\/v2\/posts\/7605","targetHints":{"allow":["GET"]}}],"collection":[{"href":"https:\/\/epre.gov.ar\/web\/wp-json\/wp\/v2\/posts"}],"about":[{"href":"https:\/\/epre.gov.ar\/web\/wp-json\/wp\/v2\/types\/post"}],"author":[{"embeddable":true,"href":"https:\/\/epre.gov.ar\/web\/wp-json\/wp\/v2\/users\/4"}],"replies":[{"embeddable":true,"href":"https:\/\/epre.gov.ar\/web\/wp-json\/wp\/v2\/comments?post=7605"}],"version-history":[{"count":1,"href":"https:\/\/epre.gov.ar\/web\/wp-json\/wp\/v2\/posts\/7605\/revisions"}],"predecessor-version":[{"id":7607,"href":"https:\/\/epre.gov.ar\/web\/wp-json\/wp\/v2\/posts\/7605\/revisions\/7607"}],"wp:featuredmedia":[{"embeddable":true,"href":"https:\/\/epre.gov.ar\/web\/wp-json\/wp\/v2\/media\/7606"}],"wp:attachment":[{"href":"https:\/\/epre.gov.ar\/web\/wp-json\/wp\/v2\/media?parent=7605"}],"wp:term":[{"taxonomy":"category","embeddable":true,"href":"https:\/\/epre.gov.ar\/web\/wp-json\/wp\/v2\/categories?post=7605"},{"taxonomy":"post_tag","embeddable":true,"href":"https:\/\/epre.gov.ar\/web\/wp-json\/wp\/v2\/tags?post=7605"}],"curies":[{"name":"wp","href":"https:\/\/api.w.org\/{rel}","templated":true}]}}