{"id":7601,"date":"2024-05-27T15:17:45","date_gmt":"2024-05-27T12:17:45","guid":{"rendered":"https:\/\/epre.gov.ar\/web\/?p=7601"},"modified":"2024-05-27T15:17:46","modified_gmt":"2024-05-27T12:17:46","slug":"reunion-de-trabajo-con-autoridades-de-la-cooperativa-electrica-de-gualeguaychu","status":"publish","type":"post","link":"https:\/\/epre.gov.ar\/web\/reunion-de-trabajo-con-autoridades-de-la-cooperativa-electrica-de-gualeguaychu\/","title":{"rendered":"REUNI\u00d3N DE TRABAJO CON AUTORIDADES DE LA COOPERATIVA EL\u00c9CTRICA DE GUALEGUAYCH\u00da"},"content":{"rendered":"\n<p>En virtud de la decisi\u00f3n tomada por los directivos del Ente Provincial Regulador de la Energ\u00eda de Entre R\u00edos (EPRE) de realizar auditor\u00edas a todas las distribuidoras el\u00e9ctricas para establecer la situaci\u00f3n financiera, econ\u00f3mica y de servicio de cada una de las prestadoras de la provincia, este viernes el interventor del organismo, Lic. Juan Domingo Zacar\u00edas, acompa\u00f1ado por el secretario de Intervenci\u00f3n Marcelo Milano, mantuvieron una reuni\u00f3n de trabajo con las autoridades de la Cooperativa de Consumo de Electricidad y Afines de Gualeguaych\u00fa Ltda.<\/p>\n\n\n\n<p>Fueron recibidos por los directivos de dicha Cooperativa y el Dr. Emilio Mart\u00ednez Garbino. En un encuentro cordial de trabajo, se solicit\u00f3 remitir toda la informaci\u00f3n requerida, tarea que la Cooperativa ya ven\u00eda desarrollando con anterioridad.<\/p>\n\n\n\n<p>Adem\u00e1s, se planific\u00f3 una serie de trabajos conjuntos para dar cumplimiento a las distintas obligaciones que tienen ambas instituciones de la provincia. Por \u00faltimo, se acord\u00f3 seguir profundizando el di\u00e1logo entre el Ente y las prestadoras del servicio.<\/p>\n","protected":false},"excerpt":{"rendered":"<p>En virtud de la decisi\u00f3n tomada por los directivos del Ente Provincial Regulador de la Energ\u00eda de Entre R\u00edos (EPRE) de realizar auditor\u00edas a todas las distribuidoras el\u00e9ctricas para establecer la situaci\u00f3n financiera, econ\u00f3mica y de servicio de cada una de las prestadoras de la provincia, este viernes el interventor del organismo, Lic. Juan Domingo [&hellip;]<\/p>\n","protected":false},"author":4,"featured_media":7602,"comment_status":"closed","ping_status":"closed","sticky":true,"template":"","format":"standard","meta":{"footnotes":""},"categories":[54,1],"tags":[],"class_list":["post-7601","post","type-post","status-publish","format-standard","has-post-thumbnail","hentry","category-institucionales","category-noticias"],"_links":{"self":[{"href":"https:\/\/epre.gov.ar\/web\/wp-json\/wp\/v2\/posts\/7601","targetHints":{"allow":["GET"]}}],"collection":[{"href":"https:\/\/epre.gov.ar\/web\/wp-json\/wp\/v2\/posts"}],"about":[{"href":"https:\/\/epre.gov.ar\/web\/wp-json\/wp\/v2\/types\/post"}],"author":[{"embeddable":true,"href":"https:\/\/epre.gov.ar\/web\/wp-json\/wp\/v2\/users\/4"}],"replies":[{"embeddable":true,"href":"https:\/\/epre.gov.ar\/web\/wp-json\/wp\/v2\/comments?post=7601"}],"version-history":[{"count":1,"href":"https:\/\/epre.gov.ar\/web\/wp-json\/wp\/v2\/posts\/7601\/revisions"}],"predecessor-version":[{"id":7603,"href":"https:\/\/epre.gov.ar\/web\/wp-json\/wp\/v2\/posts\/7601\/revisions\/7603"}],"wp:featuredmedia":[{"embeddable":true,"href":"https:\/\/epre.gov.ar\/web\/wp-json\/wp\/v2\/media\/7602"}],"wp:attachment":[{"href":"https:\/\/epre.gov.ar\/web\/wp-json\/wp\/v2\/media?parent=7601"}],"wp:term":[{"taxonomy":"category","embeddable":true,"href":"https:\/\/epre.gov.ar\/web\/wp-json\/wp\/v2\/categories?post=7601"},{"taxonomy":"post_tag","embeddable":true,"href":"https:\/\/epre.gov.ar\/web\/wp-json\/wp\/v2\/tags?post=7601"}],"curies":[{"name":"wp","href":"https:\/\/api.w.org\/{rel}","templated":true}]}}