{"id":7350,"date":"2024-04-15T15:55:38","date_gmt":"2024-04-15T12:55:38","guid":{"rendered":"https:\/\/epre.gov.ar\/web\/?p=7350"},"modified":"2024-04-15T17:30:33","modified_gmt":"2024-04-15T14:30:33","slug":"junto-a-la-educacion-entrerriana","status":"publish","type":"post","link":"https:\/\/epre.gov.ar\/web\/junto-a-la-educacion-entrerriana\/","title":{"rendered":"JUNTO A LA EDUCACI\u00d3N ENTRERRIANA"},"content":{"rendered":"\n<p>En el marco de la declaraci\u00f3n de la Emergencia Educativa en la provincia y ante la convocatoria del Sr. Gobernador de Entre R\u00edos, Rogelio Frigerio, de trabajar en conjunto para que las escuelas est\u00e9n en condiciones, nuestro organismo sigue colaborando con distintas instituciones.<\/p>\n\n\n\n<p>En esta oportunidad, el Dr. Pablo Franco, representando al EPRE, hizo entrega a la Directora de la Escuela N\u00b0 1 Del Centenario, Prof. Marcia C\u00e1ceres, de ocho reflectores LED de 100 watts, para mejorar la iluminaci\u00f3n del predio del establecimiento educativo y que sus alumnos puedan desarrollar sus actividades de Educaci\u00f3n F\u00edsica durante los horarios de la noche.<\/p>\n\n\n\n<p><\/p>\n","protected":false},"excerpt":{"rendered":"<p>En el marco de la declaraci\u00f3n de la Emergencia Educativa en la provincia y ante la convocatoria del Sr. Gobernador de Entre R\u00edos, Rogelio Frigerio, de trabajar en conjunto para que las escuelas est\u00e9n en condiciones, nuestro organismo sigue colaborando con distintas instituciones. En esta oportunidad, el Dr. Pablo Franco, representando al EPRE, hizo entrega [&hellip;]<\/p>\n","protected":false},"author":4,"featured_media":7351,"comment_status":"closed","ping_status":"closed","sticky":true,"template":"","format":"standard","meta":{"footnotes":""},"categories":[54,1],"tags":[],"class_list":["post-7350","post","type-post","status-publish","format-standard","has-post-thumbnail","hentry","category-institucionales","category-noticias"],"_links":{"self":[{"href":"https:\/\/epre.gov.ar\/web\/wp-json\/wp\/v2\/posts\/7350","targetHints":{"allow":["GET"]}}],"collection":[{"href":"https:\/\/epre.gov.ar\/web\/wp-json\/wp\/v2\/posts"}],"about":[{"href":"https:\/\/epre.gov.ar\/web\/wp-json\/wp\/v2\/types\/post"}],"author":[{"embeddable":true,"href":"https:\/\/epre.gov.ar\/web\/wp-json\/wp\/v2\/users\/4"}],"replies":[{"embeddable":true,"href":"https:\/\/epre.gov.ar\/web\/wp-json\/wp\/v2\/comments?post=7350"}],"version-history":[{"count":3,"href":"https:\/\/epre.gov.ar\/web\/wp-json\/wp\/v2\/posts\/7350\/revisions"}],"predecessor-version":[{"id":7354,"href":"https:\/\/epre.gov.ar\/web\/wp-json\/wp\/v2\/posts\/7350\/revisions\/7354"}],"wp:featuredmedia":[{"embeddable":true,"href":"https:\/\/epre.gov.ar\/web\/wp-json\/wp\/v2\/media\/7351"}],"wp:attachment":[{"href":"https:\/\/epre.gov.ar\/web\/wp-json\/wp\/v2\/media?parent=7350"}],"wp:term":[{"taxonomy":"category","embeddable":true,"href":"https:\/\/epre.gov.ar\/web\/wp-json\/wp\/v2\/categories?post=7350"},{"taxonomy":"post_tag","embeddable":true,"href":"https:\/\/epre.gov.ar\/web\/wp-json\/wp\/v2\/tags?post=7350"}],"curies":[{"name":"wp","href":"https:\/\/api.w.org\/{rel}","templated":true}]}}