{"id":7243,"date":"2024-03-11T19:32:43","date_gmt":"2024-03-11T16:32:43","guid":{"rendered":"https:\/\/epre.gov.ar\/web\/?p=7243"},"modified":"2024-03-11T19:32:44","modified_gmt":"2024-03-11T16:32:44","slug":"reconociemiento","status":"publish","type":"post","link":"https:\/\/epre.gov.ar\/web\/reconociemiento\/","title":{"rendered":"RECONOCIEMIENTO"},"content":{"rendered":"\n<p>En una reuni\u00f3n de reconocimiento, los directores del Ente Provincial Regulador de la Energ\u00eda de Entre R\u00edos (EPRE), los dres. Marcos Rodr\u00edguez Allende y Pablo Franco; el ing. Javier Lischinsky, el cdor. Fabi\u00e1n Kochendoerfer; el lic. Luis Ram\u00edrez, junto con las nuevas autoridades, Juan Domingo Zacar\u00edas y Marcelo Milano, le brindaron un presente al dr. Jos\u00e9 Carlos Halle, agradeciendo su anterior gesti\u00f3n en el organismo.<\/p>\n\n\n\n<p>Fue en un encuentro cordial y familiar, en el que Zacar\u00edas destac\u00f3 el valioso equipo humano que encontr\u00f3 en el personal, y el marco de ordenamiento profesional del EPRE.<\/p>\n","protected":false},"excerpt":{"rendered":"<p>En una reuni\u00f3n de reconocimiento, los directores del Ente Provincial Regulador de la Energ\u00eda de Entre R\u00edos (EPRE), los dres. Marcos Rodr\u00edguez Allende y Pablo Franco; el ing. Javier Lischinsky, el cdor. Fabi\u00e1n Kochendoerfer; el lic. Luis Ram\u00edrez, junto con las nuevas autoridades, Juan Domingo Zacar\u00edas y Marcelo Milano, le brindaron un presente al dr. [&hellip;]<\/p>\n","protected":false},"author":4,"featured_media":7244,"comment_status":"closed","ping_status":"closed","sticky":false,"template":"","format":"standard","meta":{"footnotes":""},"categories":[54,1],"tags":[],"class_list":["post-7243","post","type-post","status-publish","format-standard","has-post-thumbnail","hentry","category-institucionales","category-noticias"],"_links":{"self":[{"href":"https:\/\/epre.gov.ar\/web\/wp-json\/wp\/v2\/posts\/7243","targetHints":{"allow":["GET"]}}],"collection":[{"href":"https:\/\/epre.gov.ar\/web\/wp-json\/wp\/v2\/posts"}],"about":[{"href":"https:\/\/epre.gov.ar\/web\/wp-json\/wp\/v2\/types\/post"}],"author":[{"embeddable":true,"href":"https:\/\/epre.gov.ar\/web\/wp-json\/wp\/v2\/users\/4"}],"replies":[{"embeddable":true,"href":"https:\/\/epre.gov.ar\/web\/wp-json\/wp\/v2\/comments?post=7243"}],"version-history":[{"count":1,"href":"https:\/\/epre.gov.ar\/web\/wp-json\/wp\/v2\/posts\/7243\/revisions"}],"predecessor-version":[{"id":7245,"href":"https:\/\/epre.gov.ar\/web\/wp-json\/wp\/v2\/posts\/7243\/revisions\/7245"}],"wp:featuredmedia":[{"embeddable":true,"href":"https:\/\/epre.gov.ar\/web\/wp-json\/wp\/v2\/media\/7244"}],"wp:attachment":[{"href":"https:\/\/epre.gov.ar\/web\/wp-json\/wp\/v2\/media?parent=7243"}],"wp:term":[{"taxonomy":"category","embeddable":true,"href":"https:\/\/epre.gov.ar\/web\/wp-json\/wp\/v2\/categories?post=7243"},{"taxonomy":"post_tag","embeddable":true,"href":"https:\/\/epre.gov.ar\/web\/wp-json\/wp\/v2\/tags?post=7243"}],"curies":[{"name":"wp","href":"https:\/\/api.w.org\/{rel}","templated":true}]}}