{"id":6814,"date":"2024-02-16T15:51:30","date_gmt":"2024-02-16T12:51:30","guid":{"rendered":"https:\/\/epre.gov.ar\/web\/?p=6814"},"modified":"2025-05-12T12:01:02","modified_gmt":"2025-05-12T15:01:02","slug":"convocatoria-audiencia-publica-3","status":"publish","type":"post","link":"https:\/\/epre.gov.ar\/web\/convocatoria-audiencia-publica-3\/","title":{"rendered":"CONVOCATORIA AUDIENCIA P\u00daBLICA"},"content":{"rendered":"\n<div>\n<strong style=\"font-size:1.5em\">Datos de la convocatoria de la audiencia publica<\/strong>\n<br>\n<div><b>Ubicacion:<\/b><br>\n<span style=\"margin:1em\">Salon de Eventos PUEBLO M\u00cdO<\/span><\/div>\n<div><b>Direcci\u00f3n:<\/b>\n<br><span style=\"margin:1em\">Fray Retamal 1338, Nogoy\u00e1, Entre R\u00edos<\/span><\/div>\n<div style=\"text-align:justify\"><b>Objeto:<\/b><br>\n<span style=\"margin:1em\">\nDar tratamiento a las presentaciones de la distribuidora Energ\u00eda de Entre R\u00edos S.A. (ENERSA) y la Federaci\u00f3n Argentina de Cooperativas El\u00e9ctricas Regional Entre R\u00edos (FACE), en la cual se analizar\u00e1 la propuesta de modificaci\u00f3n del procedimiento de adecuaci\u00f3n de los Costos de Distribuci\u00f3n (Resoluci\u00f3n EPRE 219\/22), cuya implementaci\u00f3n se solicita a partir 1\u00b0 de mayo de 2024 y la petici\u00f3n de reconocimiento de ingresos no percibidos por la forma en que se implement\u00f3 la Resoluci\u00f3n EPRE N\u00b0 219\/22, que se expidi\u00f3 sobre la Revisi\u00f3n Integral de Tarifa del Tercer per\u00edodo tarifario de los contratos de concesi\u00f3n.\n<\/span><br>\n<\/div>\n<br>\n<div>\n<strong style=\"font-size:1.5em\">Datos de los Defensores de los Usuarios<\/strong>\n<br>\n<b>Por el Colegio de la Abogacia<\/b>\n<ul>\n  <li>\n    <div>Nombre y apellido: Flavia Andrea Vergara<\/div>\n    <div>Direccion: San Martin 287, Nogoy\u00e1<\/div>\n    <div>Telefono: 03435-422186<\/div>\n    <div>Celular: 03435-15458486<\/div>\n    <div>Correo: flaviaandreavergara@gmail.com<\/div>\n    <div>Titulo: Abogada<\/div>\n  <\/li>\n<\/ul>\n<b>Por el Colegio de Ingenieros Especialistas<\/b>\n<ul>\n  <li>\n    <div>Nombre y apellido:Facundo Cuesta<\/div>\n    <div>Direccion: Alberto Sabin 2538, Paran\u00e1<\/div>\n    <div>Telefono: 0343-154350408<\/div>\n    <div>Correo: facundocuesta@hotmail.com<\/div>\n    <div>Titulo: Ingeniero Mec\u00e1nico<\/div>\n  <\/li>\n<br>\n  <li>\n    <div>Nombre y apellido: Matias Paea<\/div>\n    <div>Direccion: Arenales 1263, Villa Elisa<\/div>\n    <div>Celular: 03447-15447070<\/div>\n    <div>Correo: matiaspaea@gmail.com<\/div>\n    <div>Titulo: Ingeniero Electromec\u00e1nico<\/div>\n  <\/li>\n<\/ul>\n<\/div>\n<strong style=\"font-size:1.5em\">Archivos relacionados<\/strong>\n<div><a href=\"https:\/\/epre.gov.ar\/web\/wp-content\/uploads\/2024\/02\/solicitudReconocimientDeIngresosVAD_2023.pdf\" target=\"_BLANK\" rel=\"noopener\">Presentacion ENERSA<\/a><\/div>\n<div><a href=\"https:\/\/epre.gov.ar\/web\/wp-content\/uploads\/2024\/02\/nota-FACE-25-01-24.pdf\" target=\"_BLANK\" rel=\"noopener\">Presentacion FACE<\/a><\/div>\n<div><a href=\"https:\/\/epre.gov.ar\/web\/resolucion-n-18-24\/\">Resoluci\u00f3n N\u00b0 18\/24<\/a><\/div>\n<div style=\"text-align:center;\">\n<a href=\"https:\/\/epre.gov.ar\/web\/wp-content\/uploads\/2024\/02\/Edicto-para-Convocatoria-Audiencia-Publica-28-02-2024.pdf\">\n<img decoding=\"async\" style=\"margin:0px\" src=\"https:\/\/epre.gov.ar\/web\/wp-content\/uploads\/2024\/02\/Edicto-para-Convocatoria-Audiencia-Publica-28-02-2024-e1707396576428.jpg\">\n<\/a><\/div>\n","protected":false},"excerpt":{"rendered":"<p>Datos de la convocatoria de la audiencia publica Ubicacion: Salon de Eventos PUEBLO M\u00cdO Direcci\u00f3n: Fray Retamal 1338, Nogoy\u00e1, Entre R\u00edos Objeto: Dar tratamiento a las presentaciones de la distribuidora Energ\u00eda de Entre R\u00edos S.A. (ENERSA) y la Federaci\u00f3n Argentina de Cooperativas El\u00e9ctricas Regional Entre R\u00edos (FACE), en la cual se analizar\u00e1 la propuesta de [&hellip;]<\/p>\n","protected":false},"author":1,"featured_media":8020,"comment_status":"closed","ping_status":"closed","sticky":true,"template":"","format":"standard","meta":{"footnotes":""},"categories":[44,32],"tags":[],"class_list":["post-6814","post","type-post","status-publish","format-standard","has-post-thumbnail","hentry","category-audiencias","category-breves"],"_links":{"self":[{"href":"https:\/\/epre.gov.ar\/web\/wp-json\/wp\/v2\/posts\/6814","targetHints":{"allow":["GET"]}}],"collection":[{"href":"https:\/\/epre.gov.ar\/web\/wp-json\/wp\/v2\/posts"}],"about":[{"href":"https:\/\/epre.gov.ar\/web\/wp-json\/wp\/v2\/types\/post"}],"author":[{"embeddable":true,"href":"https:\/\/epre.gov.ar\/web\/wp-json\/wp\/v2\/users\/1"}],"replies":[{"embeddable":true,"href":"https:\/\/epre.gov.ar\/web\/wp-json\/wp\/v2\/comments?post=6814"}],"version-history":[{"count":53,"href":"https:\/\/epre.gov.ar\/web\/wp-json\/wp\/v2\/posts\/6814\/revisions"}],"predecessor-version":[{"id":6938,"href":"https:\/\/epre.gov.ar\/web\/wp-json\/wp\/v2\/posts\/6814\/revisions\/6938"}],"wp:featuredmedia":[{"embeddable":true,"href":"https:\/\/epre.gov.ar\/web\/wp-json\/wp\/v2\/media\/8020"}],"wp:attachment":[{"href":"https:\/\/epre.gov.ar\/web\/wp-json\/wp\/v2\/media?parent=6814"}],"wp:term":[{"taxonomy":"category","embeddable":true,"href":"https:\/\/epre.gov.ar\/web\/wp-json\/wp\/v2\/categories?post=6814"},{"taxonomy":"post_tag","embeddable":true,"href":"https:\/\/epre.gov.ar\/web\/wp-json\/wp\/v2\/tags?post=6814"}],"curies":[{"name":"wp","href":"https:\/\/api.w.org\/{rel}","templated":true}]}}