{"id":6498,"date":"2023-12-04T11:30:39","date_gmt":"2023-12-04T11:30:39","guid":{"rendered":"https:\/\/epre.gov.ar\/web\/?p=6498"},"modified":"2023-12-06T12:13:06","modified_gmt":"2023-12-06T12:13:06","slug":"el-sol-es-la-clave-para-generar-toda-la-energia-que-la-humanidad-requerira-en-el-futuro-segun-elon-musk","status":"publish","type":"post","link":"https:\/\/epre.gov.ar\/web\/el-sol-es-la-clave-para-generar-toda-la-energia-que-la-humanidad-requerira-en-el-futuro-segun-elon-musk\/","title":{"rendered":"El Sol es la clave para generar toda la energ\u00eda que la humanidad requerir\u00e1 en el futuro, seg\u00fan Elon Musk"},"content":{"rendered":"\n<p>Elon Musk cree que un enorme reactor de fusi\u00f3n en el cielo podr\u00eda proveer toda la energ\u00eda que necesita Estados Unidos. Pero no se trata de una idea descabellada ni de un proyecto costoso: se trata del Sol, que lleva brillando desde hace eones.\u00a0<\/p>\n\n\n\n<p>El fundador de Tesla y SpaceX estima que una planta solar gigantesca, de unos 160 x 160 km, ser\u00eda suficiente para abastecer la demanda energ\u00e9tica de Estados Unidos con la luz solar. Musk es conocido por sus declaraciones provocadoras y sus propuestas descabelladas, pero no es el \u00fanico que ha pensado en un proyecto solar de gran escala y visi\u00f3n futurista.<\/p>\n\n\n\n<h2 class=\"wp-block-heading\">La instalaci\u00f3n m\u00e1s grande y poderosa de todas<\/h2>\n\n\n\n<p>Elon Musk es famoso por sus declaraciones controversiales y eso fue lo que ofreci\u00f3 hace poco en su intervenci\u00f3n en \u2018The Joe Rogan Experience\u2019, un programa de p\u00f3dcast conducido por el humorista y comentarista Joe Rogan. Musk estuvo el 31 de octubre en sus estudios y entre otros temas habl\u00f3 de las posibilidades de la energ\u00eda solar.<\/p>\n\n\n\n<p>Elon Musk afirm\u00f3 que se podr\u00eda proveer de energ\u00eda a todo Estados Unidos con una planta solar de 100 millas por 100 millas, seg\u00fan recoge <em>Money Wise<\/em>. Eso ser\u00eda una instalaci\u00f3n enorme de unos 160 x 160 kil\u00f3metros en nuestro sistema m\u00e9trico.<\/p>\n\n\n\n<p>La idea de Musk fue tan impresionante que Rogan le pidi\u00f3 que la desarrollara:<\/p>\n\n\n\n<blockquote class=\"wp-block-quote is-layout-flow wp-block-quote-is-layout-flow\">\n<p>\u201c\u00bfAs\u00ed que podr\u00edas tomar un lugar des\u00e9rtico, llenarlo de paneles solares y alimentar todo el pa\u00eds?\u201d<\/p>\n<cite>Paneles, bater\u00edas y un reactor enorme en el cielo<br>Musk le contest\u00f3 que s\u00ed, que era posible. \u00c9l piensa que no ser\u00eda complicado llevar a cabo esa idea y que se podr\u00eda abastecer de energ\u00eda a todo el pa\u00eds con el Sol: <em>\u201cEso funciona sin m\u00e1s. Tenemos un reactor de fusi\u00f3n enorme en el cielo\u201d<\/em>. Su propuesta no se queda solo en palabras.<br>Tesla adquiri\u00f3 SolarCity, una empresa dedicada a la venta de sistemas de producci\u00f3n de energ\u00eda solar, en 2016 por un valor de unos 2,600 millones de d\u00f3lares. <em>\u201cTesla est\u00e1 listo para lanzar al mercado sus productos de almacenamiento de energ\u00eda Powerwall y Powerpack\u201d<\/em>, anunciaba entonces la empresa de Musk, que poco antes hab\u00eda creado su propia divisi\u00f3n energ\u00e9tica: Tesla Energy Operations.<\/cite><\/blockquote>\n\n\n\n<h2 class=\"wp-block-heading\">Elon Musk no es el \u00fanico que apuesta por la energ\u00eda solar<\/h2>\n\n\n\n<p>Seg\u00fan la <em>Solar Energy Industries Association y Wood Mackenzie<\/em>, la industria solar de EUA aumentar\u00e1 32 GW de capacidad de generaci\u00f3n este a\u00f1o, un 53% m\u00e1s que en 2022, y llegar\u00e1 a 375 GW de capacidad operativa en 2028. El crecimiento de la energ\u00eda solar tambi\u00e9n es notable en Europa.<\/p>\n\n\n\n<p>Musk no es el pionero en proponer un proyecto solar de dimensiones colosales y visi\u00f3n futurista. De hecho, ya hay propuestas concretas que superan lo que dijo el empresario en \u2018The Joe Rogan Experience\u2019. Una de ellas la lidera la Agencia Espacial Europea (ESA).<\/p>\n\n\n\n<p>La ESA tiene en mente la idea de usar la SBSP, que significa <em>\u201cenerg\u00eda solar basada en el espacio\u201d<\/em> en ingl\u00e9s, una t\u00e9cnica que consistir\u00eda en capturar la energ\u00eda solar con sat\u00e9lites gigantescos en \u00f3rbita geoestacionaria que luego la transformar\u00edan en microondas de baja intensidad y la enviar\u00edan a estaciones receptoras en la Tierra.<\/p>\n\n\n\n<p>Para conseguir eso habr\u00eda que superar grandes retos, como instalar antenas receptoras gigantescas, montar grandes estructuras en el espacio o analizar el efecto de las microondas de baja potencia, pero la ESA ya ha puesto en marcha la iniciativa SOLARIS para evaluar su factibilidad.<\/p>\n\n\n\n<h2 class=\"wp-block-heading\">Otras agencias tambi\u00e9n se interesan por la SBSP<\/h2>\n\n\n\n<p>La JAXA, la agencia espacial japonesa, ha hecho un informe con sus beneficios y dificultades e incluso ha propuesto soluciones. En los 90 el precursor de JAXA colabor\u00f3 en un dise\u00f1o conceptual, SPS2000, de 10,000 kW, y en los primeros a\u00f1os del siglo XXI la agencia espacial y el Gobierno japon\u00e9s desarrollaron otro concepto de SSPS de un mill\u00f3n de kilovatios.<\/p>\n\n\n\n<p>La SBSP ha interesado a China y la NASA. Esta \u00faltima hizo un estudio para ver el potencial de la SPS. Nilokolai Joseph, de la NASA, dijo que la tecnolog\u00eda y la viabilidad del sistema cambian. La agencia quer\u00eda evaluar su apoyo a la SPS. Un estudio reciente dijo que se pueden hacer paneles solares ligeros y baratos.<\/p>\n\n\n\n<p>Hay proyectos solares de gran escala tanto en la Tierra como en el espacio. Por ejemplo, China tiene una enorme granja solar en el desierto de Mongolia Interior, con 196,000 paneles. Tesla tambi\u00e9n ha participado en grandes proyectos solares.<\/p>\n\n\n\n<p>En el espacio, se ha propuesto la idea de una \u2018Esfera de Dyson\u2019, una estructura que rodear\u00eda el Sol para captar toda su energ\u00eda. Esta idea fue planteada por el f\u00edsico Freeman Dyson en los a\u00f1os 60. Habr\u00e1 que esperar para ver si el tiempo le da la raz\u00f3n a esta teor\u00eda o no.<\/p>\n\n\n\n<p>Fuente: https:\/\/www.xataka.com.mx\/espacio\/sol-clave-para-generar-toda-energia-que-humanidad-requerira-futuro-elon-musk<\/p>\n\n\n\n<p><\/p>\n","protected":false},"excerpt":{"rendered":"<p>Elon Musk cree que un enorme reactor de fusi\u00f3n en el cielo podr\u00eda proveer toda la energ\u00eda que necesita Estados Unidos. Pero no se trata de una idea descabellada ni de un proyecto costoso: se trata del Sol, que lleva brillando desde hace eones.\u00a0 El fundador de Tesla y SpaceX estima que una planta solar [&hellip;]<\/p>\n","protected":false},"author":1,"featured_media":6499,"comment_status":"closed","ping_status":"closed","sticky":false,"template":"","format":"standard","meta":{"footnotes":""},"categories":[1],"tags":[],"class_list":["post-6498","post","type-post","status-publish","format-standard","has-post-thumbnail","hentry","category-noticias"],"_links":{"self":[{"href":"https:\/\/epre.gov.ar\/web\/wp-json\/wp\/v2\/posts\/6498","targetHints":{"allow":["GET"]}}],"collection":[{"href":"https:\/\/epre.gov.ar\/web\/wp-json\/wp\/v2\/posts"}],"about":[{"href":"https:\/\/epre.gov.ar\/web\/wp-json\/wp\/v2\/types\/post"}],"author":[{"embeddable":true,"href":"https:\/\/epre.gov.ar\/web\/wp-json\/wp\/v2\/users\/1"}],"replies":[{"embeddable":true,"href":"https:\/\/epre.gov.ar\/web\/wp-json\/wp\/v2\/comments?post=6498"}],"version-history":[{"count":1,"href":"https:\/\/epre.gov.ar\/web\/wp-json\/wp\/v2\/posts\/6498\/revisions"}],"predecessor-version":[{"id":6500,"href":"https:\/\/epre.gov.ar\/web\/wp-json\/wp\/v2\/posts\/6498\/revisions\/6500"}],"wp:featuredmedia":[{"embeddable":true,"href":"https:\/\/epre.gov.ar\/web\/wp-json\/wp\/v2\/media\/6499"}],"wp:attachment":[{"href":"https:\/\/epre.gov.ar\/web\/wp-json\/wp\/v2\/media?parent=6498"}],"wp:term":[{"taxonomy":"category","embeddable":true,"href":"https:\/\/epre.gov.ar\/web\/wp-json\/wp\/v2\/categories?post=6498"},{"taxonomy":"post_tag","embeddable":true,"href":"https:\/\/epre.gov.ar\/web\/wp-json\/wp\/v2\/tags?post=6498"}],"curies":[{"name":"wp","href":"https:\/\/api.w.org\/{rel}","templated":true}]}}