{"id":6489,"date":"2023-11-29T14:42:25","date_gmt":"2023-11-29T14:42:25","guid":{"rendered":"https:\/\/epre.gov.ar\/web\/?p=6489"},"modified":"2023-11-29T14:42:25","modified_gmt":"2023-11-29T14:42:25","slug":"resolucion-no-171-23","status":"publish","type":"post","link":"https:\/\/epre.gov.ar\/web\/resolucion-no-171-23\/","title":{"rendered":"Resoluci\u00f3n N\u00ba 171 \/ 23"},"content":{"rendered":"\n<p class=\"has-text-align-right\"><strong>EXPTE. EPRE N\u00ba 354\/23<\/strong><\/p>\n\n\n\n<p class=\"has-text-align-right\"><strong>PARAN\u00c1, 29 DE NOVIEMBRE DE 2023<\/strong><\/p>\n\n\n\n<p><a href=\"https:\/\/epre.gov.ar\/web\/wp-content\/uploads\/2023\/11\/Resolucion-171-23.pdf\">Descargar resoluci\u00f3n en formato PDF<\/a><\/p>\n\n\n\n<p><strong>VISTO:<\/strong><\/p>\n\n\n\n<p>El punto 2. \u201cCLASIFICACION DE LOS USUARIOS\u201d del Anexo R\u00e9gimen Tarifario del Contrato de Concesi\u00f3n; el Art\u00edculo 42\u00b0 de la Ley Provincial N\u00b0 10.933; el Art\u00edculo 16\u00b0 del Anexo I \u201cReglamentaci\u00f3n Ley Provincial N\u00b0 10.933 Energ\u00eda Electrica Sostenible\u201d del Decreto Provincial N\u00b0 324\/23; el punto 14.2 \u201cNivel de Potencia\u201d del Anexo I \u201cReglamentaci\u00f3n para la Instalaci\u00f3n de Generaci\u00f3n Distribuida\u201d de la Resoluci\u00f3n EPRE N\u00b0 96\/23; y<\/p>\n\n\n\n<p><strong>CONSIDERANDO:<\/strong><\/p>\n\n\n\n<p>Que, la normativa vigente establece que los Usuarios Generadores deben acoplarse a la Red con una potencia igual o menor que la contratada con la Distribuidora;<\/p>\n\n\n\n<p>Que, la potencia m\u00e1xima a solicitar por un usuario T1 es menor a 10 (diez) kW (kilovatios);<\/p>\n\n\n\n<p>Que, los equipos de acople disponibles en el mercado poseen rangos de potencia nominal que no coinciden con las categor\u00edas tarifarias del Contrato de Concesi\u00f3n;<\/p>\n\n\n\n<p>Que, los Usuarios T1 cuya potencia contratada se encuentra entre 9kW e inferior a 10 kW, les resulta conveniente desde el punto de vista t\u00e9cnico -econ\u00f3mico instalar equipos de acople con potencia nominal de 10 kW inclusive;<\/p>\n\n\n\n<p>Que, no contemplar tal posibilidad redundar\u00eda en una reducci\u00f3n del rendimiento de la instalaci\u00f3n;<\/p>\n\n\n\n<p>Que, el Art\u00edculo 48\u00b0 de la Ley N\u00b0 8916 faculta a este Organismo para establecer la Normativa que regula la actividad el\u00e9ctrica en la Provincia, autoriz\u00e1ndolo por su inciso a) apartado 2 para dictar reglamentos a los cuales deber\u00e1n ajustarse los generadores aislados, distribuidores y usuarios de electricidad en materia de seguridad, normas y procedimientos t\u00e9cnicos;<\/p>\n\n\n\n<p>Que, se ha producido el correspondiente dictamen t\u00e9cnico y legal;<\/p>\n\n\n\n<p>Que, por Decreto N\u00ba 1127\/96 MEOSP se dispuso la intervenci\u00f3n de este Ente, atribuy\u00e9ndose al Interventor las facultades del Directorio, y que de conformidad Decreto N\u00b0 2908\/23 MPIS se ha designado Interventor del Organismo al Dr. Luis Alberto Moix, por lo que en uso de las funciones establecidas en los Art\u00edculos 48\u00ba y 56\u00ba de la Ley N\u00ba 8.916;<\/p>\n\n\n\n<p><strong>EL INTERVENTOR DEL EPRE<\/strong><\/p>\n\n\n\n<p><strong>R E S U E L V E :<\/strong><\/p>\n\n\n\n<p><strong>ARTICULO 1\u00ba:<\/strong> Autorizar las conexiones en los casos en que la potencia contratada sea entre 9 kW e inferior a 10 kW y posean inversores de hasta 10 kW inclusive, no debiendo inyectar a la red m\u00e1s de la contratada, por los motivos expuestos en los considerandos de la presente.<\/p>\n\n\n\n<p><strong>ARTICULO 2\u00ba:<\/strong>Establecer aplicable la presente Resoluci\u00f3n en todo el \u00e1mbito de la provincia de Entre R\u00edos.<\/p>\n\n\n\n<p><strong>ARTICULO 3\u00ba:<\/strong> Registrar, comunicar a las Distribuidoras El\u00e9ctricas de Jurisdicci\u00f3n Provincial, publicar en el Bolet\u00edn Oficial de la provincia, en la p\u00e1gina Web del EPRE y archivar.<\/p>\n","protected":false},"excerpt":{"rendered":"<p>EXPTE. EPRE N\u00ba 354\/23 PARAN\u00c1, 29 DE NOVIEMBRE DE 2023 Descargar resoluci\u00f3n en formato PDF VISTO: El punto 2. \u201cCLASIFICACION DE LOS USUARIOS\u201d del Anexo R\u00e9gimen Tarifario del Contrato de Concesi\u00f3n; el Art\u00edculo 42\u00b0 de la Ley Provincial N\u00b0 10.933; el Art\u00edculo 16\u00b0 del Anexo I \u201cReglamentaci\u00f3n Ley Provincial N\u00b0 10.933 Energ\u00eda Electrica Sostenible\u201d del [&hellip;]<\/p>\n","protected":false},"author":1,"featured_media":5646,"comment_status":"closed","ping_status":"closed","sticky":false,"template":"","format":"standard","meta":{"footnotes":""},"categories":[8],"tags":[],"class_list":["post-6489","post","type-post","status-publish","format-standard","has-post-thumbnail","hentry","category-resoluciones"],"_links":{"self":[{"href":"https:\/\/epre.gov.ar\/web\/wp-json\/wp\/v2\/posts\/6489","targetHints":{"allow":["GET"]}}],"collection":[{"href":"https:\/\/epre.gov.ar\/web\/wp-json\/wp\/v2\/posts"}],"about":[{"href":"https:\/\/epre.gov.ar\/web\/wp-json\/wp\/v2\/types\/post"}],"author":[{"embeddable":true,"href":"https:\/\/epre.gov.ar\/web\/wp-json\/wp\/v2\/users\/1"}],"replies":[{"embeddable":true,"href":"https:\/\/epre.gov.ar\/web\/wp-json\/wp\/v2\/comments?post=6489"}],"version-history":[{"count":1,"href":"https:\/\/epre.gov.ar\/web\/wp-json\/wp\/v2\/posts\/6489\/revisions"}],"predecessor-version":[{"id":6491,"href":"https:\/\/epre.gov.ar\/web\/wp-json\/wp\/v2\/posts\/6489\/revisions\/6491"}],"wp:featuredmedia":[{"embeddable":true,"href":"https:\/\/epre.gov.ar\/web\/wp-json\/wp\/v2\/media\/5646"}],"wp:attachment":[{"href":"https:\/\/epre.gov.ar\/web\/wp-json\/wp\/v2\/media?parent=6489"}],"wp:term":[{"taxonomy":"category","embeddable":true,"href":"https:\/\/epre.gov.ar\/web\/wp-json\/wp\/v2\/categories?post=6489"},{"taxonomy":"post_tag","embeddable":true,"href":"https:\/\/epre.gov.ar\/web\/wp-json\/wp\/v2\/tags?post=6489"}],"curies":[{"name":"wp","href":"https:\/\/api.w.org\/{rel}","templated":true}]}}