{"id":6462,"date":"2023-11-22T12:15:02","date_gmt":"2023-11-22T12:15:02","guid":{"rendered":"https:\/\/epre.gov.ar\/web\/?p=6462"},"modified":"2023-11-22T12:15:04","modified_gmt":"2023-11-22T12:15:04","slug":"energia-renovable-para-un-futuro-mas-sostenible-en-la-antartica","status":"publish","type":"post","link":"https:\/\/epre.gov.ar\/web\/energia-renovable-para-un-futuro-mas-sostenible-en-la-antartica\/","title":{"rendered":"Energ\u00eda Renovable para un futuro m\u00e1s sostenible en la Ant\u00e1rtica."},"content":{"rendered":"\n<p>Saesa Innova, junto a AndesVolt, Corfo Magallanes y la Armada de Chile, realizar\u00e1n primer proyecto h\u00edbrido que implementar\u00e1 energ\u00eda solar, e\u00f3lica y almacenamiento de bater\u00edas, lo que transformar\u00e1 la matriz energ\u00e9tica en el continente blanco.<\/p>\n\n\n\n<p>En el AP \u201cAquiles\u201d se embarc\u00f3 una dotaci\u00f3n de la Armada de Chile, profesionales civiles de Corfo y especialistas en soluciones energ\u00e9ticas de las empresas AndesVolt y Saesa Innova, con el objetivo de llegar al Territorio Chileno Ant\u00e1rtico, en el marco de la Campa\u00f1a Ant\u00e1rtica 2023-2024. \u00a0<\/p>\n\n\n\n<p>Ellos tendr\u00e1n la misi\u00f3n de desarrollar una microred de energ\u00edas renovables en la Base Arturo Prat.&nbsp;El proyecto estar\u00e1 liderado por la Armada de Chile y cuenta con financiamiento Corfo Magallanes, cuyo prop\u00f3sito es fomentar la cooperaci\u00f3n y el intercambio de conocimientos y experiencias, lo que permitir\u00e1 enfrentar de manera colaborativa los desaf\u00edos de la transici\u00f3n energ\u00e9tica.&nbsp;<\/p>\n\n\n\n<p>El Territorio Chileno Ant\u00e1rtico, con su belleza y biodiversidad \u00fanica, enfrenta desaf\u00edos significativos debido al cambio clim\u00e1tico y la dependencia de fuentes no renovables de energ\u00eda. En ese sentido, Saesa Innova y AndesVolt, luego de un arduo trabajo, iniciar\u00e1n un proyecto pionero que utilizar\u00e1 fuentes de energ\u00eda renovable en la Ant\u00e1rtica.&nbsp;<\/p>\n\n\n\n<p>Este piloto se traducir\u00e1 en la instalaci\u00f3n de sistemas de energ\u00eda solar, e\u00f3lica y almacenamiento BESS, que no s\u00f3lo proporcionar\u00e1n una fuente de energ\u00eda m\u00e1s limpia y sostenible para las operaciones en la Base Naval, sino que tambi\u00e9n reducir\u00e1n la huella de carbono y contribuir\u00e1n a la conservaci\u00f3n del fr\u00e1gil ecosistema ant\u00e1rtico.&nbsp;&nbsp;<\/p>\n\n\n\n<p>En este contexto, Camila Trujillo, Gerente de Energ\u00eda de Saesa Innova, dijo que \u201cen Saesa Innova, estamos orgullosos de ser parte de este proyecto innovador, aportando toda nuestra experiencia en soluciones energ\u00e9ticas renovables. Nuestro enfoque se centra en maximizar la generaci\u00f3n de energ\u00eda mediante la integraci\u00f3n de recursos de uso intermitente, con el claro objetivo de alcanzar una soluci\u00f3n limpia y eficiente. Este proyecto representa un desaf\u00edo significativo para nosotros, a pesar de haber enfrentado condiciones clim\u00e1ticas adversas en la ejecuci\u00f3n de diferentes plantas a nivel nacional, ya que la Ant\u00e1rtica es un territorio \u00fanico en t\u00e9rminos de clima y log\u00edstica\u201d. &nbsp;<\/p>\n\n\n\n<p>Por su parte, Claudia Hermosilla, L\u00edder de Negocios de AndesVolt mencion\u00f3 que \u201ces un proyecto de relevancia nacional e internacional, marcando un hito que nos posiciona como pioneros en desarrollo de tecnolog\u00eda local en torno a las energ\u00edas renovables y almacenamiento, con ingenieros y especialistas chilenos. Adem\u00e1s, nuestro \u201cBESS\u201d, Sistema de Almacenamiento de Energ\u00eda de Bater\u00edas, est\u00e1 compuesto de litio, siendo entonces un aporte en la cadena de valor de este importante mineral que se produce en nuestro pa\u00eds.\u201d&nbsp;<\/p>\n\n\n\n<p>Esta fase piloto marcar\u00e1 un precedente en la implementaci\u00f3n de nuevas tecnolog\u00edas en lugares remotos y con condiciones clim\u00e1ticas adversas. La ingenier\u00eda desarrollada, junto con sistemas de monitoreo inteligente, permitir\u00e1n instalaciones robustas y remotizadas con capacidad de monitoreo, configuraci\u00f3n y control remoto desde cualquier parte del mundo con conexi\u00f3n a internet.&nbsp;&nbsp;&nbsp;<\/p>\n\n\n\n<p>En tanto, la directora regional de Corfo Magallanes, Mar\u00eda Jos\u00e9 Navajas, se\u00f1al\u00f3 que \u201cpara nosotros este proyecto que se desarrollar\u00e1 en la Ant\u00e1rtica, es un hito hist\u00f3rico. El tener un piloto de eficiencia energ\u00e9tica, en un territorio tan pr\u00edstino y complejo a veces de llegar, es muy importante, porque va en las l\u00edneas de trabajo del Gobierno y de Corfo, donde la descarbonizaci\u00f3n es uno de los ejes m\u00e1s relevantes, junto al trabajo focalizado en sostenibilidad y sustentabilidad. Tratar de hacer a la Ant\u00e1rtica, m\u00e1s sostenible y sustentable en el tiempo, es algo que a nosotros como instituci\u00f3n nos preocupa y nos ocupa en este caso, a trav\u00e9s de un programa con un aporte importante hacia las empresas Saesa Innova y AndesVolt con el apoyo de la Armada de Chile, a trav\u00e9s del buque Aquiles para transportar la carga de todos los implementos necesarios para armar este piloto en el continente Blanco\u201d. \u00a0La directora regional de Corfo destac\u00f3 tambi\u00e9n el trabajo asociativo para desarrollar este proyecto, donde participaron empresas de la Regi\u00f3n de Los R\u00edos y Los Lagos, el Gobierno Regional de Magallanes, la Seremi de Energ\u00eda y Corfo Magallanes.<\/p>\n\n\n\n<p>\u201cFinalmente, una vez m\u00e1s la Armada de Chile apoyando los intereses del Estado. A contar del 11 de noviembre ser\u00e1 la Campa\u00f1a Ant\u00e1rtica 2023-2024. Al igual como hace 180 a\u00f1os en que apoy\u00f3 la toma de posesi\u00f3n del Estrecho de Magallanes o como en 1947 cuando fue fundada la primera Base Ant\u00e1rtica nacional, en esta ocasi\u00f3n prestaremos los apoyos para el desarrollo de un proyecto tecnol\u00f3gico que busca cambiar la matriz energ\u00e9tica de la Base Ant\u00e1rtica Naval \u201cArturo Prat\u201d con el potencial de ser replicable para otras bases nacionales y comunidades aisladas del pa\u00eds. Esperamos que este proyecto tenga \u00e9xito y es una nueva forma en que la Armada de Chile tiene para contribuir a la Carbono Neutralidad\u201d, se\u00f1al\u00f3 el Jefe del Departamento de Obras y Construcciones de la Tercera Zona Naval, Capit\u00e1n de Fragata John Kittsteiner.&nbsp;&nbsp;<\/p>\n\n\n\n<p>Este proyecto, cuya colaboraci\u00f3n representa un paso significativo hacia un futuro m\u00e1s sostenible en una de las regiones m\u00e1s remotas del planeta, permitir\u00e1 disminuir en el 50% de consumo de combustible, impactando en la reducci\u00f3n de emisiones de CO2 en la regi\u00f3n, y contribuyendo a la protecci\u00f3n del medio ambiente en el Continente Blanco.\u00a0\u00a0<\/p>\n\n\n\n<p>Fuente: https:\/\/mundoagro.cl\/energia-renovable-para-un-futuro-mas-sostenible-en-la-antartica\/<\/p>\n","protected":false},"excerpt":{"rendered":"<p>Saesa Innova, junto a AndesVolt, Corfo Magallanes y la Armada de Chile, realizar\u00e1n primer proyecto h\u00edbrido que implementar\u00e1 energ\u00eda solar, e\u00f3lica y almacenamiento de bater\u00edas, lo que transformar\u00e1 la matriz energ\u00e9tica en el continente blanco. En el AP \u201cAquiles\u201d se embarc\u00f3 una dotaci\u00f3n de la Armada de Chile, profesionales civiles de Corfo y especialistas en [&hellip;]<\/p>\n","protected":false},"author":1,"featured_media":6463,"comment_status":"closed","ping_status":"closed","sticky":false,"template":"","format":"standard","meta":{"footnotes":""},"categories":[1],"tags":[],"class_list":["post-6462","post","type-post","status-publish","format-standard","has-post-thumbnail","hentry","category-noticias"],"_links":{"self":[{"href":"https:\/\/epre.gov.ar\/web\/wp-json\/wp\/v2\/posts\/6462","targetHints":{"allow":["GET"]}}],"collection":[{"href":"https:\/\/epre.gov.ar\/web\/wp-json\/wp\/v2\/posts"}],"about":[{"href":"https:\/\/epre.gov.ar\/web\/wp-json\/wp\/v2\/types\/post"}],"author":[{"embeddable":true,"href":"https:\/\/epre.gov.ar\/web\/wp-json\/wp\/v2\/users\/1"}],"replies":[{"embeddable":true,"href":"https:\/\/epre.gov.ar\/web\/wp-json\/wp\/v2\/comments?post=6462"}],"version-history":[{"count":1,"href":"https:\/\/epre.gov.ar\/web\/wp-json\/wp\/v2\/posts\/6462\/revisions"}],"predecessor-version":[{"id":6464,"href":"https:\/\/epre.gov.ar\/web\/wp-json\/wp\/v2\/posts\/6462\/revisions\/6464"}],"wp:featuredmedia":[{"embeddable":true,"href":"https:\/\/epre.gov.ar\/web\/wp-json\/wp\/v2\/media\/6463"}],"wp:attachment":[{"href":"https:\/\/epre.gov.ar\/web\/wp-json\/wp\/v2\/media?parent=6462"}],"wp:term":[{"taxonomy":"category","embeddable":true,"href":"https:\/\/epre.gov.ar\/web\/wp-json\/wp\/v2\/categories?post=6462"},{"taxonomy":"post_tag","embeddable":true,"href":"https:\/\/epre.gov.ar\/web\/wp-json\/wp\/v2\/tags?post=6462"}],"curies":[{"name":"wp","href":"https:\/\/api.w.org\/{rel}","templated":true}]}}