{"id":641,"date":"2000-12-06T18:48:52","date_gmt":"2000-12-06T18:48:52","guid":{"rendered":"http:\/\/epre.gov.ar\/web\/?p=641"},"modified":"2018-09-20T12:39:50","modified_gmt":"2018-09-20T12:39:50","slug":"resolucion-no-172","status":"publish","type":"post","link":"https:\/\/epre.gov.ar\/web\/resolucion-no-172\/","title":{"rendered":"Resoluci\u00f3n N\u00ba 172\/00"},"content":{"rendered":"<p style=\"text-align: right;\"><strong>EXPTE. N\u00b0 354\/00 EPRE.-<br \/>\n<\/strong><strong>PARAN\u00c1, 06 de Diciembre del 2000<\/strong><\/p>\n<p style=\"text-align: justify;\"><strong>VISTO:<\/strong><\/p>\n<p style=\"text-align: justify;\">La\u00a0 presentaci\u00f3n realizada por la Asociaci\u00f3n Entrerriana de Defensa del Consumidor y Usuario; y<\/p>\n<p style=\"text-align: justify;\"><!--more--><strong>CONSIDERANDO:<\/strong><\/p>\n<p style=\"text-align: justify;\">Que por la misma solicita la revisi\u00f3n y rectificaci\u00f3n de la Resoluci\u00f3n N\u00b0 159\/97 de este Ente Regulador, en virtud de la cual se dispuso que las alicuotas impositivas fijadas por el Decreto N\u00b0 1413\/96 deben aplicarse sobre la totalidad de los cargos fijos y variables m\u00e1s la Contribuci\u00f3n Unica Municipal cuando corresponda;<\/p>\n<p style=\"text-align: justify;\">Que igualmente solicita se reduzca la incidencia de la Tasa Municipal que grava la facturaci\u00f3n de energ\u00eda el\u00e9ctrica requiriendo se limite su aplicaci\u00f3n solamente al cargo variable;<\/p>\n<p style=\"text-align: justify;\">Que para fundamentar su pretensi\u00f3n, la recurrente expresa que ambos recargos gravan solamente los consumos de electricidad, y que el cargo fijo que las Empresas Distribuidoras facturan por el s\u00f3lo hecho de ser usuario del servicio, no puede integrar el concepto de \u201cconsumo\u201d;<\/p>\n<p>Que analizada la petici\u00f3n cabe expresar lo siguiente: el Decreto\u00a0\u00a0\u00a0\u00a0\u00a0\u00a0 N\u00b01413\/96, establece en su art\u00edculo 1\u00b0 que:\u00a0 \u201cEl recargo sobre la venta de energ\u00eda el\u00e9ctrica establecido en el inc.b) del art\u00edculo 24\u00b0 del Decreto Ley N\u00b0 6879 ratificado por la Ley N\u00b0 7512 modificado por el art\u00edculo 78\u00b0 de la Ley N\u00b0 8916, se aplicar\u00e1 \u201csobre la facturaci\u00f3n que efect\u00faen las empresas prestatarias a los consumidores residenciales, urbanos y rurales, excluido todo recargo o tributo que grave el consumo de electricidad\u201d;<\/p>\n<p style=\"text-align: justify;\">Que a partir de este texto, donde se expresa que el recargo se aplicar\u00e1 sobre la facturaci\u00f3n que efect\u00faen las Empresas prestatarias del Servicio P\u00fablico de Electricidad sin discriminaci\u00f3n alguna, es que se dicta la Resoluci\u00f3n N\u00b0 159\/96 EPRE\u00a0\u00a0\u00a0\u00a0\u00a0\u00a0\u00a0\u00a0\u00a0 que aclara que se entiende por facturaci\u00f3n a la suma de los cargos fijos y variables m\u00e1s la Contribuci\u00f3n Unica Municipal en los casos que corresponda;<\/p>\n<p style=\"text-align: justify;\">Que la inclusi\u00f3n de la Contribuci\u00f3n Unica Municipal obedece a que tal contribuci\u00f3n no es un gravamen al consumo de energ\u00eda el\u00e9ctrica, sino un gravamen a la actividad empresaria dentro de la jurisdicci\u00f3n municipal, que solamente se explicita en el cuerpo de la factura y que es computable al efecto del pago de los restantes impuestos;<\/p>\n<p>Que no asiste raz\u00f3n a la recurrente debiendo en todo caso gestionar la modificaci\u00f3n de la Carga Impositiva ante la autoridad competente;<\/p>\n<p style=\"text-align: justify;\">Que en cuanto a la Tasa Municipal que se incluye en la facturaci\u00f3n de la energ\u00eda el\u00e9ctrica y a cargo de los usuarios del servicio en la ciudad de Paran\u00e1, debe estarse a lo dispuesto por la Ordenanza Tributaria\u00a0 N\u00b0 8173 que en su art\u00edculo 64\u00b0 punto 2, establece con claridad que dicho tributo se aplica sobre los cargos fijos y variables que facturen las Empresas prestadoras del Servicio P\u00fablico de Electricidad, en la ciudad de Paran\u00e1, no asistiendo\u00a0 raz\u00f3n a la recurrente en este aspecto;<\/p>\n<p style=\"text-align: justify;\">Que por todo lo expuesto, corresponde rechazar la revocatoria interesada por la Asociaci\u00f3n Entrerriana de Defensa del Consumidor y Usuario;<\/p>\n<p style=\"text-align: justify;\">Que por Decreto N\u00b01127\/96 se ha dispuesto la intervenci\u00f3n del Ente, por lo que en uso de sus facultades;<\/p>\n<p style=\"text-align: justify;\"><strong>EL INTERVENTOR DEL EPRE<\/strong><br \/>\n<strong>RESUELVE :<\/strong><\/p>\n<p style=\"text-align: justify;\"><strong>ARTICULO 1\u00b0:<\/strong> Rechazar la petici\u00f3n efectuada por\u00a0 la Asociaci\u00f3n Entrerriana de Defensa del Consumidor y Usuario de rectificaci\u00f3n de la Resoluci\u00f3n N\u00b0 159\/97 EPRE\u00a0 y la reducci\u00f3n\u00a0 de la incidencia de la Tasa Municipal\u00a0 que grava la facturaci\u00f3n de energ\u00eda el\u00e9ctrica, por los motivos expuestos en los considerandos de la presente.<\/p>\n<p style=\"text-align: justify;\"><strong>ARTICULO 2\u00b0:<\/strong> Registrar, comunicar y archivar.<\/p>\n<p style=\"text-align: center;\"><strong>ING. ORLANDO CHIARDOLA<\/strong><br \/>\n<strong>INTERVENTOR<\/strong><\/p>\n","protected":false},"excerpt":{"rendered":"<p>EXPTE. N\u00b0 354\/00 EPRE.- PARAN\u00c1, 06 de Diciembre del 2000 VISTO: La\u00a0 presentaci\u00f3n realizada por la Asociaci\u00f3n Entrerriana de Defensa del Consumidor y Usuario; y<\/p>\n","protected":false},"author":1,"featured_media":0,"comment_status":"open","ping_status":"closed","sticky":false,"template":"","format":"standard","meta":{"footnotes":""},"categories":[8],"tags":[],"class_list":["post-641","post","type-post","status-publish","format-standard","hentry","category-resoluciones"],"_links":{"self":[{"href":"https:\/\/epre.gov.ar\/web\/wp-json\/wp\/v2\/posts\/641","targetHints":{"allow":["GET"]}}],"collection":[{"href":"https:\/\/epre.gov.ar\/web\/wp-json\/wp\/v2\/posts"}],"about":[{"href":"https:\/\/epre.gov.ar\/web\/wp-json\/wp\/v2\/types\/post"}],"author":[{"embeddable":true,"href":"https:\/\/epre.gov.ar\/web\/wp-json\/wp\/v2\/users\/1"}],"replies":[{"embeddable":true,"href":"https:\/\/epre.gov.ar\/web\/wp-json\/wp\/v2\/comments?post=641"}],"version-history":[{"count":2,"href":"https:\/\/epre.gov.ar\/web\/wp-json\/wp\/v2\/posts\/641\/revisions"}],"predecessor-version":[{"id":3744,"href":"https:\/\/epre.gov.ar\/web\/wp-json\/wp\/v2\/posts\/641\/revisions\/3744"}],"wp:attachment":[{"href":"https:\/\/epre.gov.ar\/web\/wp-json\/wp\/v2\/media?parent=641"}],"wp:term":[{"taxonomy":"category","embeddable":true,"href":"https:\/\/epre.gov.ar\/web\/wp-json\/wp\/v2\/categories?post=641"},{"taxonomy":"post_tag","embeddable":true,"href":"https:\/\/epre.gov.ar\/web\/wp-json\/wp\/v2\/tags?post=641"}],"curies":[{"name":"wp","href":"https:\/\/api.w.org\/{rel}","templated":true}]}}