{"id":6395,"date":"2023-10-30T12:51:58","date_gmt":"2023-10-30T12:51:58","guid":{"rendered":"https:\/\/epre.gov.ar\/web\/?p=6395"},"modified":"2023-10-30T12:51:59","modified_gmt":"2023-10-30T12:51:59","slug":"la-red-de-australia-del-sur-funciona-al-998-con-energia-eolica-y-solar-en-los-ultimos-siete-dias","status":"publish","type":"post","link":"https:\/\/epre.gov.ar\/web\/la-red-de-australia-del-sur-funciona-al-998-con-energia-eolica-y-solar-en-los-ultimos-siete-dias\/","title":{"rendered":"La red de Australia del Sur funciona al 99,8% con energ\u00eda e\u00f3lica y solar en los \u00faltimos siete d\u00edas."},"content":{"rendered":"\n<p>La cuota de renovables del Estado fue del 71,5% en los \u00faltimos 12 meses y del 86,6% en los \u00faltimos 30 d\u00edas, y se logra solo con e\u00f3lica y solar.<\/p>\n\n\n\n<p>Australia Meridional tiene la ambici\u00f3n de alcanzar el \u201c100% neto de energ\u00edas renovables\u201d en 2030, pero la realidad es que lo conseguir\u00e1 varios a\u00f1os antes, quiz\u00e1 ya en 2026, cuando el nuevo enlace de transmisi\u00f3n con Nueva Gales del Sur est\u00e9 totalmente operativo.<\/p>\n\n\n\n<p>Pero el Estado ya tiene una idea de lo que podr\u00eda ser una red \u201c100% renovable neta\u201d, sobre todo la semana pasada, cuando alcanz\u00f3 una media del 99,8% de renovables (como porcentaje de su demanda local) hasta las 9.30 de la ma\u00f1ana del viernes.<\/p>\n\n\n\n<p>Y hay un par de aspectos a destacar: Australia Meridional es \u00fanica en el sentido de que su cuota de renovables -el 71,5% en los \u00faltimos 12 meses, el 86,6% en los \u00faltimos 30 d\u00edas y el 99,8% en los \u00faltimos siete d\u00edas- procede exclusivamente de la energ\u00eda e\u00f3lica y solar: el Estado carece de energ\u00eda hidr\u00e1ulica, geot\u00e9rmica y de biomasa, seg\u00fan informa el portal australiano de energ\u00eda <em>Renew Economy<\/em>.<\/p>\n\n\n\n<p>En segundo lugar, aunque Australia Meridional ha alcanzado anteriormente niveles m\u00e1s altos de energ\u00edas renovables en un periodo de una semana, es la primera vez desde que se introdujeron nuevos protocolos que permiten a los condensadores s\u00edncronos proporcionar la mayor parte de la potencia del sistema y a las centrales de gas reducirse a niveles m\u00ednimos.<\/p>\n\n\n\n<h3 class=\"wp-block-heading\" id=\"solareolica\">Solar+e\u00f3lica<\/h3>\n\n\n\n<p>Esto es lo que parece. Enormes cantidades de energ\u00eda solar durante el d\u00eda, predominio del viento en la oscuridad y una delgada l\u00ednea naranja que ilustra el peque\u00f1o papel que desempe\u00f1a ahora el gas, aparte de los momentos en que la baja producci\u00f3n e\u00f3lica oblig\u00f3 al Estado a encender m\u00e1s centrales de gas y a importar de Victoria.<\/p>\n\n\n\n<p>La energ\u00eda e\u00f3lica cubri\u00f3 el 56,1% de la demanda local durante las 148 horas del periodo, mientras que la solar instalada en tejados aport\u00f3 otro 23,4%, sobre todo durante el d\u00eda.<\/p>\n\n\n\n<p>La energ\u00eda solar a gran escala aport\u00f3 s\u00f3lo el 4,2%, pero eso se debe a que la mayor parte de los 450 MW de capacidad solar a gran escala instalados en el Estado estuvieron restringidos la mayor parte del tiempo por precios negativos.<\/p>\n\n\n\n<p>Por tanto, el \u201cpotencial\u201d de energ\u00edas renovables fue mucho mayor que el 100% \u201cneto\u201d, lo que subraya la necesidad de m\u00e1s almacenamiento, los 250 MW de electrolizadores de hidr\u00f3geno financiados por el gobierno estatal, el nuevo enlace de transmisi\u00f3n y el desplazamiento de la demanda.<\/p>\n\n\n\n<h3 class=\"wp-block-heading\" id=\"exportaciones\">Exportaciones<\/h3>\n\n\n\n<p>Sin embargo, en conjunto, Australia Meridional export\u00f3 m\u00e1s del triple de electricidad de la que import\u00f3 (35 GWh frente a 10 GWh), y el almacenamiento en bater\u00edas tambi\u00e9n desempe\u00f1\u00f3 un papel cada vez m\u00e1s importante, sobre todo con la incorporaci\u00f3n de la bater\u00eda de 250 MW de la isla de Torrens, recientemente puesta en servicio.<\/p>\n\n\n\n<p>Su contribuci\u00f3n en horas punta fue casi igual a la de los generadores de gas, a pesar de que las grandes bater\u00edas del Estado tienen, como mucho, dos horas de almacenamiento y la mayor\u00eda s\u00f3lo una hora o una hora y media.<\/p>\n\n\n\n<p>Es probable que la bater\u00eda de Torrens Island se ampl\u00ede a cuatro horas de almacenamiento a medida que el mercado siga evolucionando y se retiren de los sistemas m\u00e1s generadores de gas construidos originalmente para respaldar a las centrales el\u00e9ctricas de carb\u00f3n ahora cerradas).<\/p>\n\n\n\n<p>En el mismo periodo, la cuota de las energ\u00edas renovables en el conjunto del Mercado Nacional de la Electricidad fue del 47,4%, con la e\u00f3lica y la solar aportando por s\u00ed solas el 41,2%. En el \u00faltimo a\u00f1o, la cuota de renovables ha crecido hasta el 38,6%, todav\u00eda muy lejos del objetivo del Gobierno federal del 82% para 2030.<\/p>\n\n\n\n<p>Fuente: https:\/\/elperiodicodelaenergia.com\/la-red-de-australia-del-sur-funciona-al-998-con-energia-eolica-y-solar-en-los-ultimos-siete-dias\/<\/p>\n\n\n\n<p><\/p>\n","protected":false},"excerpt":{"rendered":"<p>La cuota de renovables del Estado fue del 71,5% en los \u00faltimos 12 meses y del 86,6% en los \u00faltimos 30 d\u00edas, y se logra solo con e\u00f3lica y solar. Australia Meridional tiene la ambici\u00f3n de alcanzar el \u201c100% neto de energ\u00edas renovables\u201d en 2030, pero la realidad es que lo conseguir\u00e1 varios a\u00f1os antes, [&hellip;]<\/p>\n","protected":false},"author":1,"featured_media":6396,"comment_status":"closed","ping_status":"closed","sticky":false,"template":"","format":"standard","meta":{"footnotes":""},"categories":[1],"tags":[],"class_list":["post-6395","post","type-post","status-publish","format-standard","has-post-thumbnail","hentry","category-noticias"],"_links":{"self":[{"href":"https:\/\/epre.gov.ar\/web\/wp-json\/wp\/v2\/posts\/6395","targetHints":{"allow":["GET"]}}],"collection":[{"href":"https:\/\/epre.gov.ar\/web\/wp-json\/wp\/v2\/posts"}],"about":[{"href":"https:\/\/epre.gov.ar\/web\/wp-json\/wp\/v2\/types\/post"}],"author":[{"embeddable":true,"href":"https:\/\/epre.gov.ar\/web\/wp-json\/wp\/v2\/users\/1"}],"replies":[{"embeddable":true,"href":"https:\/\/epre.gov.ar\/web\/wp-json\/wp\/v2\/comments?post=6395"}],"version-history":[{"count":1,"href":"https:\/\/epre.gov.ar\/web\/wp-json\/wp\/v2\/posts\/6395\/revisions"}],"predecessor-version":[{"id":6397,"href":"https:\/\/epre.gov.ar\/web\/wp-json\/wp\/v2\/posts\/6395\/revisions\/6397"}],"wp:featuredmedia":[{"embeddable":true,"href":"https:\/\/epre.gov.ar\/web\/wp-json\/wp\/v2\/media\/6396"}],"wp:attachment":[{"href":"https:\/\/epre.gov.ar\/web\/wp-json\/wp\/v2\/media?parent=6395"}],"wp:term":[{"taxonomy":"category","embeddable":true,"href":"https:\/\/epre.gov.ar\/web\/wp-json\/wp\/v2\/categories?post=6395"},{"taxonomy":"post_tag","embeddable":true,"href":"https:\/\/epre.gov.ar\/web\/wp-json\/wp\/v2\/tags?post=6395"}],"curies":[{"name":"wp","href":"https:\/\/api.w.org\/{rel}","templated":true}]}}