{"id":6323,"date":"2023-09-29T13:02:00","date_gmt":"2023-09-29T13:02:00","guid":{"rendered":"https:\/\/epre.gov.ar\/web\/?p=6323"},"modified":"2023-10-02T13:14:50","modified_gmt":"2023-10-02T13:14:50","slug":"ilerfred-transforma-los-excedentes-de-energia-renovable-en-termica","status":"publish","type":"post","link":"https:\/\/epre.gov.ar\/web\/ilerfred-transforma-los-excedentes-de-energia-renovable-en-termica\/","title":{"rendered":"Ilerfred transforma los excedentes de energ\u00eda renovable en t\u00e9rmica."},"content":{"rendered":"\n<p>Uno de los acometidos m\u00e1s importantes en los que trabaja la compa\u00f1\u00eda Industrial Leridana del Fr\u00edo es la reducci\u00f3n de las emisiones para ayudar a la descarbonizaci\u00f3n del planeta .<\/p>\n\n\n\n<p>Por ello ha desarrollado el m\u00f3dulo \u201cGreen\u201d. Este m\u00f3dulo permite transformar los excedentes de la energ\u00eda renovable en energ\u00eda t\u00e9rmica gracias a la capacidad de autocontrol de la instalaci\u00f3n del Isycad (software que permite el control de los par\u00e1metros de las instalaciones) en funci\u00f3n del producto almacenado en cada c\u00e1mara.<\/p>\n\n\n\n<p>Mediante la implementaci\u00f3n de este m\u00f3dulo, los usuarios tienen la posibilidad de reducir el consumo procedente de la red el\u00e9ctrica convencional y optimizar la eficiencia de producci\u00f3n del sistema de energ\u00eda renovable, consumiendo la totalidad de la producci\u00f3n solar. Como resultado, se logra una reducci\u00f3n en los gastos asociados al consumo energ\u00e9tico, y la consecuente disminuci\u00f3n de las emisiones de gases contaminantes de efecto invernadero.<\/p>\n\n\n\n<p>El m\u00f3dulo \u201cGreen\u201d del software facilita la creaci\u00f3n de un sistema completamente sostenible mediante la acumulaci\u00f3n t\u00e9rmica de los excedentes y la optimizaci\u00f3n de los distintos componentes de la instalaci\u00f3n frigor\u00edfica para este prop\u00f3sito. Todo ello permite llegar a aprovechar el 100% de la generaci\u00f3n energ\u00e9tica renovable para el autoconsumo.<\/p>\n\n\n\n<p>La incorporaci\u00f3n del m\u00f3dulo \u201cGreen\u201d ha demostrado resultados altamente gratificantes en combinaci\u00f3n con plantas solares fotovoltaicas, destacando como un componente fundamental para mitigar los picos de demanda, disminuir el consumo de la red durante los per\u00edodos de mayor solicitud energ\u00e9tica y reducir los tiempos de amortizaci\u00f3n de la planta solar.<\/p>\n\n\n\n<p>El sistema permite aprovechar durante las horas nocturnas o en momentos de baja producci\u00f3n solar la energ\u00eda t\u00e9rmica almacenada procedente de excedentes que se habr\u00edan vertido o desaprovechado sin el m\u00f3dulo \u201cGreen\u201d. Esta estrategia incide evita la necesidad de poner en marcha la sala de m\u00e1quinas durante lapsos prolongados, obteniendo un ahorro de hasta el 70% en los costes de electricidad y contribuyendo a la transici\u00f3n hacia pr\u00e1cticas m\u00e1s sostenibles y eficientes en t\u00e9rminos energ\u00e9ticos.<\/p>\n\n\n\n<p>Fuente: https:\/\/fruittoday.com\/ilerfred-transforma-los-excedentes-de-energia-renovable-en-termica\/<\/p>\n\n\n\n<p><\/p>\n","protected":false},"excerpt":{"rendered":"<p>Uno de los acometidos m\u00e1s importantes en los que trabaja la compa\u00f1\u00eda Industrial Leridana del Fr\u00edo es la reducci\u00f3n de las emisiones para ayudar a la descarbonizaci\u00f3n del planeta . Por ello ha desarrollado el m\u00f3dulo \u201cGreen\u201d. Este m\u00f3dulo permite transformar los excedentes de la energ\u00eda renovable en energ\u00eda t\u00e9rmica gracias a la capacidad de [&hellip;]<\/p>\n","protected":false},"author":1,"featured_media":6324,"comment_status":"closed","ping_status":"closed","sticky":false,"template":"","format":"standard","meta":{"footnotes":""},"categories":[1],"tags":[],"class_list":["post-6323","post","type-post","status-publish","format-standard","has-post-thumbnail","hentry","category-noticias"],"_links":{"self":[{"href":"https:\/\/epre.gov.ar\/web\/wp-json\/wp\/v2\/posts\/6323","targetHints":{"allow":["GET"]}}],"collection":[{"href":"https:\/\/epre.gov.ar\/web\/wp-json\/wp\/v2\/posts"}],"about":[{"href":"https:\/\/epre.gov.ar\/web\/wp-json\/wp\/v2\/types\/post"}],"author":[{"embeddable":true,"href":"https:\/\/epre.gov.ar\/web\/wp-json\/wp\/v2\/users\/1"}],"replies":[{"embeddable":true,"href":"https:\/\/epre.gov.ar\/web\/wp-json\/wp\/v2\/comments?post=6323"}],"version-history":[{"count":1,"href":"https:\/\/epre.gov.ar\/web\/wp-json\/wp\/v2\/posts\/6323\/revisions"}],"predecessor-version":[{"id":6325,"href":"https:\/\/epre.gov.ar\/web\/wp-json\/wp\/v2\/posts\/6323\/revisions\/6325"}],"wp:featuredmedia":[{"embeddable":true,"href":"https:\/\/epre.gov.ar\/web\/wp-json\/wp\/v2\/media\/6324"}],"wp:attachment":[{"href":"https:\/\/epre.gov.ar\/web\/wp-json\/wp\/v2\/media?parent=6323"}],"wp:term":[{"taxonomy":"category","embeddable":true,"href":"https:\/\/epre.gov.ar\/web\/wp-json\/wp\/v2\/categories?post=6323"},{"taxonomy":"post_tag","embeddable":true,"href":"https:\/\/epre.gov.ar\/web\/wp-json\/wp\/v2\/tags?post=6323"}],"curies":[{"name":"wp","href":"https:\/\/api.w.org\/{rel}","templated":true}]}}