{"id":6302,"date":"2023-09-18T12:59:59","date_gmt":"2023-09-18T12:59:59","guid":{"rendered":"https:\/\/epre.gov.ar\/web\/?p=6302"},"modified":"2023-09-18T13:00:00","modified_gmt":"2023-09-18T13:00:00","slug":"las-ventanas-que-jubilaran-a-las-placas-solares-logran-generar-mas-energia-y-se-integran-en-las-fachadas","status":"publish","type":"post","link":"https:\/\/epre.gov.ar\/web\/las-ventanas-que-jubilaran-a-las-placas-solares-logran-generar-mas-energia-y-se-integran-en-las-fachadas\/","title":{"rendered":"Las ventanas que jubilar\u00e1n a las placas solares: logran generar m\u00e1s energ\u00eda y se integran en las fachadas."},"content":{"rendered":"\n<p>Panasonic ha instalado vidrios con c\u00e9lulas fotovoltaicas de perovskita en el balc\u00f3n de una casa piloto para evaluar su desempe\u00f1o y durabilidad.<\/p>\n\n\n\n<p>Este verano, adem\u00e1s de las alt\u00edsimas temperaturas durante las olas de calor, en Espa\u00f1a hemos batido otro tipo de r\u00e9cords menos evidentes. Son los relacionados con la energ\u00eda fotovoltaica, que ha pulverizado las marcas anteriores en producci\u00f3n m\u00e1xima mensual (los 4.507 GWh de julio, un 32,9% m\u00e1s que el a\u00f1o pasado), generaci\u00f3n diaria (161,5 GWh\u00a0el 14 de julio) y ocupando la tercera posici\u00f3n en el mix energ\u00e9tico, convirti\u00e9ndose en la primera fuente de generaci\u00f3n renovable con el 18,9%, seg\u00fan datos de Red El\u00e9ctrica de Espa\u00f1a (REE).<\/p>\n\n\n\n<p>Son todo buenas noticias, pero\u00a0el objetivo de alcanzar la neutralidad de carbono y la descarbonizaci\u00f3n sigue lejos. Por eso se necesitan nuevos enfoques e innovaciones que permitan incorporar las c\u00e9lulas solares en lugares donde hasta ahora parec\u00eda imposible. La energ\u00eda fotovoltaica integrada en edificios, tambi\u00e9n conocida como BIPV \u2014como la que ofrece la espa\u00f1ola Onyx Solar\u2014, ya se utiliza en tejados y fachadas de miles de edificios de todo el mundo, pero los ingenieros siguen buscando mejorar su eficiencia y su durabilidad. En eso trabaja ahora mismo Panasonic, que acaba de presentar sus propias c\u00e9lulas solares de perovskita integradas en vidrio, con la idea de comercializarlas a partir de 2028<\/p>\n\n\n\n<p>La compa\u00f1\u00eda nipona ha instalado un proyecto de prueba para evaluar a fondo sus caracter\u00edsticas en una de las casas de la\u00a0Fujisawa Sustainable Smart Town (o Fujisawa SST), una ciudad inteligente cercana a Tokio que sirve a Panasonic como campo de pruebas de algunas de sus tecnolog\u00edas m\u00e1s punteras.\u00a0\u00abUtilizaremos su eficiencia de primera clase mundial como argumento de venta\u00bb, declar\u00f3 un representante de la compa\u00f1\u00eda en declaraciones recogidas por <em>Nikkei Asia<\/em>. \u00abCualquier lugar del mundo donde se utilice vidrio es un mercado potencial, como las ventanas de las oficinas y las claraboyas de las galer\u00edas comerciales\u00bb.<\/p>\n\n\n\n<p>Como el espacio para instalar placas solares es limitado en las zonas urbanas, cient\u00edficos e ingenieros trabajan en diferentes maneras de integrarlas en las ventanas y las paredes de los edificios. Sin embargo, las c\u00e9lulas solares basadas en silicio presentan algunos problemas de transparencia y dise\u00f1o, que no siempre permiten instalarlas en superficies acristaladas o que limitan mucho su eficiencia.<\/p>\n\n\n\n<p>Por eso Panasonic ha recurrido a la perovskita, el material del futuro de las placas solares, que cada cierto tiempo supera su propio r\u00e9cord de eficiencia, con un 32,5% como \u00faltima marca, muy superior a los 16 o 17% que suelen tener los paneles de silicio.<\/p>\n\n\n\n<p id=\"paragraph_6\">Y lo han logrado gracias a su \u00abm\u00e9todo original de recubrimiento por inyecci\u00f3n de tinta y la tecnolog\u00eda de procesamiento l\u00e1ser\u00bb, que permite depositar el material de forma uniforme sobre una superficie de vidrio. As\u00ed, van intercalando capas de perovskita de menos de 1 micra de espesor entre dos l\u00e1minas de vidrio transl\u00facido. Estas tecnolog\u00edas, adem\u00e1s, mejoran \u00abla flexibilidad en t\u00e9rminos de tama\u00f1o, transparencia y dise\u00f1o, lo que permite la personalizaci\u00f3n de acuerdo con requisitos espec\u00edficos\u00bb, seg\u00fan el comunicado emitido por Panasonic.<\/p>\n\n\n\n<p id=\"paragraph_7\">Como el principal problema que plantean las c\u00e9lulas de este material es que son de color muy oscuro, lo que implicar\u00eda dejar pasar menos luz,\u00a0los t\u00e9cnicos de la empresa japonesa han usado un patr\u00f3n de franjas horizontales, para que al menos la mitad del vidrio sea transparente y se pueda utilizar como una ventana. Dependiendo del lugar y la funci\u00f3n que vaya a ocupar el vidrio, las proporciones pueden modificarse sin mayores problemas.\u00a0<\/p>\n\n\n\n<p id=\"paragraph_8\">En cuanto a sus caracter\u00edsticas, el m\u00f3dulo de Panasonic presenta una eficiencia de conversi\u00f3n del 17,9%. Todav\u00eda no llega a las cifras de r\u00e9cord, pero es la segunda m\u00e1s alta del mundo para una c\u00e9lula de m\u00e1s de 800 cent\u00edmetros cuadrados, s\u00f3lo por detr\u00e1s del 18,6% que ha conseguido recientemente la china UtmoLight.<\/p>\n\n\n\n<p id=\"paragraph_9\">De momento, el primer prototipo de estos vidrios con perovskita se ha instalado como superficie transparente en el balc\u00f3n de una casa modelo de nueva construcci\u00f3n en Fujisawa SST,\u00a0con casi 4 metros de ancho y uno de alto. El objetivo es verificar la eficiencia de las c\u00e9lulas solares de perovskita con dise\u00f1o gradual y transparente y su durabilidad a largo plazo, por lo que estar\u00e1 en per\u00edodo de prueba hasta finales de noviembre de 2024.<\/p>\n\n\n\n<h3 class=\"wp-block-heading\">Ciudades del ma\u00f1ana<\/h3>\n\n\n\n<p id=\"paragraph_10\">En los \u00faltimos a\u00f1os, varias multinacionales japonesas han construido (o est\u00e1n construyendo) sus propias ciudades inteligentes, como es el caso de Toyota y su Woven City a los pies del monte Fuji, o de las aldeas sostenibles de Panasonic, Fujisawa SST, Tsunashima SST y Suita SST, cada una con un enfoque espec\u00edfico.<\/p>\n\n\n\n<p id=\"paragraph_11\">La primera y m\u00e1s avanzada de ellas, donde se ha instalado el prototipo de vidrio fotovoltaico, empez\u00f3 a construirse en 2012 y est\u00e1 ubicada a 50 km al oeste de Tokio, ocupando 19 hect\u00e1reas de terreno para dar cabida a 1.000 viviendas de baja altura, adem\u00e1s de diversas zonas comunes y servicios comunitarios. Sus principales objetivos son la generaci\u00f3n y gesti\u00f3n de energ\u00eda renovable, la seguridad, la movilidad el\u00e9ctrica, adem\u00e1s de fomentar \u00abel bienestar de la convivencia\u00bb.<\/p>\n\n\n\n<p>En definitiva, se trata de un enorme banco de pruebas para las \u00faltimas tecnolog\u00edas desarrolladas por Panasonic, y pretende servir como modelo para las ciudades inteligentes del ma\u00f1ana: \u00abun nuevo estilo de vida en un ambiente m\u00e1s seguro, con conciencia ecol\u00f3gica y servicios a medida\u00bb, resume la compa\u00f1\u00eda.<\/p>\n\n\n\n<p>Fuente: https:\/\/www.elespanol.com\/omicrono\/tecnologia\/20230914\/ventanas-jubilaran-placas-solares-logran-generar-energia-integran-fachadas\/793671007_0.html<\/p>\n\n\n\n<p><\/p>\n","protected":false},"excerpt":{"rendered":"<p>Panasonic ha instalado vidrios con c\u00e9lulas fotovoltaicas de perovskita en el balc\u00f3n de una casa piloto para evaluar su desempe\u00f1o y durabilidad. Este verano, adem\u00e1s de las alt\u00edsimas temperaturas durante las olas de calor, en Espa\u00f1a hemos batido otro tipo de r\u00e9cords menos evidentes. Son los relacionados con la energ\u00eda fotovoltaica, que ha pulverizado las [&hellip;]<\/p>\n","protected":false},"author":1,"featured_media":6303,"comment_status":"closed","ping_status":"closed","sticky":false,"template":"","format":"standard","meta":{"footnotes":""},"categories":[1],"tags":[],"class_list":["post-6302","post","type-post","status-publish","format-standard","has-post-thumbnail","hentry","category-noticias"],"_links":{"self":[{"href":"https:\/\/epre.gov.ar\/web\/wp-json\/wp\/v2\/posts\/6302","targetHints":{"allow":["GET"]}}],"collection":[{"href":"https:\/\/epre.gov.ar\/web\/wp-json\/wp\/v2\/posts"}],"about":[{"href":"https:\/\/epre.gov.ar\/web\/wp-json\/wp\/v2\/types\/post"}],"author":[{"embeddable":true,"href":"https:\/\/epre.gov.ar\/web\/wp-json\/wp\/v2\/users\/1"}],"replies":[{"embeddable":true,"href":"https:\/\/epre.gov.ar\/web\/wp-json\/wp\/v2\/comments?post=6302"}],"version-history":[{"count":1,"href":"https:\/\/epre.gov.ar\/web\/wp-json\/wp\/v2\/posts\/6302\/revisions"}],"predecessor-version":[{"id":6304,"href":"https:\/\/epre.gov.ar\/web\/wp-json\/wp\/v2\/posts\/6302\/revisions\/6304"}],"wp:featuredmedia":[{"embeddable":true,"href":"https:\/\/epre.gov.ar\/web\/wp-json\/wp\/v2\/media\/6303"}],"wp:attachment":[{"href":"https:\/\/epre.gov.ar\/web\/wp-json\/wp\/v2\/media?parent=6302"}],"wp:term":[{"taxonomy":"category","embeddable":true,"href":"https:\/\/epre.gov.ar\/web\/wp-json\/wp\/v2\/categories?post=6302"},{"taxonomy":"post_tag","embeddable":true,"href":"https:\/\/epre.gov.ar\/web\/wp-json\/wp\/v2\/tags?post=6302"}],"curies":[{"name":"wp","href":"https:\/\/api.w.org\/{rel}","templated":true}]}}