{"id":6279,"date":"2023-09-11T13:12:46","date_gmt":"2023-09-11T13:12:46","guid":{"rendered":"https:\/\/epre.gov.ar\/web\/?p=6279"},"modified":"2023-09-11T13:12:47","modified_gmt":"2023-09-11T13:12:47","slug":"los-paises-de-g20-comprometen-aumentar-la-energia-limpia","status":"publish","type":"post","link":"https:\/\/epre.gov.ar\/web\/los-paises-de-g20-comprometen-aumentar-la-energia-limpia\/","title":{"rendered":"Los pa\u00edses de G20 comprometen aumentar la energ\u00eda limpia."},"content":{"rendered":"\n<p>Se crear\u00e1n m\u00e1s fondos para las actividades clim\u00e1ticas y triplicar la capacidad de energ\u00eda renovable.<\/p>\n\n\n\n<p>Los l\u00edderes de G20 llegaron al acuerdo sobre los fondos para las actividades clim\u00e1ticas y triplicar la capacidad de energ\u00eda renovable. En el comunicado publicado despu\u00e9s de la Cumbre de L\u00edderes de G20 organizada con el tema principal de &#8216;\u00danico Mundo, \u00danica Familia y \u00danico Futuro&#8217; por la 18\u00ba vez en la India, ocuparon lugar los objetivos din\u00e1micos sobre la acci\u00f3n clim\u00e1tica. El autorizado del gobierno indio Amitabh Kant quien lider\u00f3 algunas de las negociaciones de G20 ha calificado el documento como m\u00e1s vivo, m\u00e1s din\u00e1mico y firme sobre la acci\u00f3n clim\u00e1tica.\u00a0<\/p>\n\n\n\n<p>Llamaron la atenci\u00f3n los mensajes de los l\u00edderes de G20 sobre las acciones clim\u00e1ticas en un per\u00edodo cuando frecuentemente se observan las cat\u00e1strofes naturales como los calores excesivos. Los l\u00edderes de G20 han llegado al acuerdo sobre acelerar las transici\u00f3n de energ\u00eda detallada con precio agradable, justo, sostenible, puro aplicando diversos m\u00e9todos como un camino a los objetivos clim\u00e1ticos y posibilitar el crecimiento detallado, equilibrado y sostenible.&nbsp;<\/p>\n\n\n\n<p>Los l\u00edderes declararon\u00a0que trabajar\u00e1n para asegurar finanzas de bajo costo en el marco de apoyar a los pa\u00edses en v\u00edas de desarrollo que pasar\u00e1n a la emisi\u00f3n de carbono bajo y sostener triplicando globalmente la capacidad de energ\u00eda renovable.\u00a0<\/p>\n\n\n\n<p>Los pa\u00edses de G20 mientras que llegaron&nbsp;al acuerdo sobre las cantidades necesarias para la transici\u00f3n a la energ\u00eda limpia por primera vez, adem\u00e1s anotaron la necesidad de 5,8&nbsp; &#8211; 5,8 billones de d\u00f3lares necesarios para la necesidad en obtener los objetivos de emisi\u00f3n de los pa\u00edses en v\u00edas de desarrollo hasta 2030.&nbsp;<\/p>\n\n\n\n<p>Por otro lado no se pudo llegar al acuerdo para reducir fase por fase la dependencia global de los combustibles f\u00f3siles.\u00a0<\/p>\n\n\n\n<p>Fuente: https:\/\/www.trt.net.tr\/espanol\/ciencia-y-tecnologia\/2023\/09\/10\/miles-de-muertos-por-el-terremoto-en-marruecos-se-decreta-tres-dias-de-luto-2035217<\/p>\n","protected":false},"excerpt":{"rendered":"<p>Se crear\u00e1n m\u00e1s fondos para las actividades clim\u00e1ticas y triplicar la capacidad de energ\u00eda renovable. Los l\u00edderes de G20 llegaron al acuerdo sobre los fondos para las actividades clim\u00e1ticas y triplicar la capacidad de energ\u00eda renovable. En el comunicado publicado despu\u00e9s de la Cumbre de L\u00edderes de G20 organizada con el tema principal de &#8216;\u00danico [&hellip;]<\/p>\n","protected":false},"author":1,"featured_media":6282,"comment_status":"closed","ping_status":"closed","sticky":false,"template":"","format":"standard","meta":{"footnotes":""},"categories":[1],"tags":[],"class_list":["post-6279","post","type-post","status-publish","format-standard","has-post-thumbnail","hentry","category-noticias"],"_links":{"self":[{"href":"https:\/\/epre.gov.ar\/web\/wp-json\/wp\/v2\/posts\/6279","targetHints":{"allow":["GET"]}}],"collection":[{"href":"https:\/\/epre.gov.ar\/web\/wp-json\/wp\/v2\/posts"}],"about":[{"href":"https:\/\/epre.gov.ar\/web\/wp-json\/wp\/v2\/types\/post"}],"author":[{"embeddable":true,"href":"https:\/\/epre.gov.ar\/web\/wp-json\/wp\/v2\/users\/1"}],"replies":[{"embeddable":true,"href":"https:\/\/epre.gov.ar\/web\/wp-json\/wp\/v2\/comments?post=6279"}],"version-history":[{"count":1,"href":"https:\/\/epre.gov.ar\/web\/wp-json\/wp\/v2\/posts\/6279\/revisions"}],"predecessor-version":[{"id":6283,"href":"https:\/\/epre.gov.ar\/web\/wp-json\/wp\/v2\/posts\/6279\/revisions\/6283"}],"wp:featuredmedia":[{"embeddable":true,"href":"https:\/\/epre.gov.ar\/web\/wp-json\/wp\/v2\/media\/6282"}],"wp:attachment":[{"href":"https:\/\/epre.gov.ar\/web\/wp-json\/wp\/v2\/media?parent=6279"}],"wp:term":[{"taxonomy":"category","embeddable":true,"href":"https:\/\/epre.gov.ar\/web\/wp-json\/wp\/v2\/categories?post=6279"},{"taxonomy":"post_tag","embeddable":true,"href":"https:\/\/epre.gov.ar\/web\/wp-json\/wp\/v2\/tags?post=6279"}],"curies":[{"name":"wp","href":"https:\/\/api.w.org\/{rel}","templated":true}]}}