{"id":6273,"date":"2023-09-08T14:00:10","date_gmt":"2023-09-08T14:00:10","guid":{"rendered":"https:\/\/epre.gov.ar\/web\/?p=6273"},"modified":"2023-09-08T14:00:11","modified_gmt":"2023-09-08T14:00:11","slug":"ypf-luz-abastecera-con-energia-solar-a-9-plantas-de-molinos-rio-de-la-plata","status":"publish","type":"post","link":"https:\/\/epre.gov.ar\/web\/ypf-luz-abastecera-con-energia-solar-a-9-plantas-de-molinos-rio-de-la-plata\/","title":{"rendered":"YPF Luz abastecer\u00e1 con energ\u00eda solar a 9 plantas de Molinos R\u00edo de la Plata."},"content":{"rendered":"\n<p>La empresa de generaci\u00f3n el\u00e9ctrica de la petrolera estatal firm\u00f3 un acuerdo con la alimenticia para proveerle energ\u00eda solar de su parque solar Zonda, ubicado en San Juan.<\/p>\n\n\n\n<p>YPF Luz cerr\u00f3 un nuevo contrato y ya abastece con energ\u00eda solar a las nueve plantas de producci\u00f3n de Molinos R\u00edo de la Plata.\u00a0M\u00e1s de 724 millones de productos alimenticios de la compa\u00f1\u00eda -que forma parte del grupo Perez Companc- son elaborados a partir de fuentes renovables, provenientes de Zonda,\u00a0el primer parque solar de la firma, ubicado en el departamento de Iglesia, en San Juan.<\/p>\n\n\n\n<p>El contrato con la alimenticia es por cinco a\u00f1os para abastecerla de 27.000 megavatios hora por a\u00f1o (mwh\/a\u00f1o),\u00a0equivalente al consumo de 7580 hogares.\u00a0Con la energ\u00eda contratada, la empresa evitar\u00e1 m\u00e1s de 7800 toneladas de emisiones anuales de di\u00f3xido de carbono, inform\u00f3.<\/p>\n\n\n\n<p>El parque solar Zonda cuenta con una potencia instalada de 100 megavatios (MW), equivalente a la energ\u00eda que utilizan m\u00e1s de 88.000 hogares. Tiene un factor de capacidad del 36% y la energ\u00eda que utiliza Molinos Rio de la Plata equivale a 9 MW de su potencia instalada.\u00a0<\/p>\n\n\n\n<p>Al respecto, Mart\u00edn Mandarano, CEO de YPF Luz, expres\u00f3: \u00abNos entusiasma que empresas como Molinos R\u00edo de la Plata, que trabajan con conciencia y respeto por el medioambiente, nos elijan como sus aliados estrat\u00e9gicos para continuar produciendo con energ\u00edas limpias\u00bb, y agreg\u00f3: \u00abLas energ\u00edas renovables son el camino hacia un futuro m\u00e1s sostenible\u00bb.\u00a0<\/p>\n\n\n\n<p>Por su parte, Agust\u00edn Llanos, CEO de Molinos, coment\u00f3: \u00abDesde hace m\u00e1s de 120 a\u00f1os, en Molinos buscamos alentar a los argentinos a comer mejor. Desarrollamos una estrategia de negocios alineada al desarrollo sostenible. Este acuerdo con YPF Luz potenciar\u00e1 el uso de energ\u00edas renovables, que nos permiten continuar acercando a la mesa de los argentinos productos de calidad de una manera cada vez m\u00e1s sustentable\u00bb.<\/p>\n\n\n\n<p>As\u00ed, la empresa que forma parte de la petrolera estatal suma este contrato a la lista de acuerdos que sell\u00f3 recientemente. A mediados de agosto, comunic\u00f3 que el proyecto de litio m\u00e1s grande del pa\u00eds ya usa energ\u00eda renovable: Minera Exar, que opera y produce carbonato de litio desde hace 45 d\u00edas en el Salar Cauchar\u00ed-Oraloz y que la semana pasada protagoniz\u00f3 la primera exportaci\u00f3n,\u00a0cubre el 30% de su demanda en la Puna juje\u00f1a con energ\u00eda solar generada por YPF Luz tambi\u00e9n en Zonda.\u00a0El suministro fue 36.000 MWh\/a\u00f1o\u00a0por una d\u00e9cada.<\/p>\n\n\n\n<p>El anterior convenio fue con Profertil, firma ubicada en Ingeniero White, en virtud del cual el 100% de la energ\u00eda el\u00e9ctrica de su planta de urea granulada provendr\u00e1 de fuentes e\u00f3licas. Este acuerdo, que tiene una duraci\u00f3n de 10 a\u00f1os, ampliar\u00e1 el alcance del contrato firmado en 2018, que ya abastec\u00eda el 60% de la demanda el\u00e9ctrica de la compa\u00f1\u00eda.<\/p>\n\n\n\n<p>La compa\u00f1\u00eda, que es controlada en partes iguales por YPF y la canadiense Nutrien- busca ampliar su planta de Bah\u00eda Blanca para duplicar su actual volumen de producci\u00f3n. De concretarse el proyecto,\u00a0podr\u00eda abastecer a toda la demanda local y hasta tendr\u00eda un saldo exportador.<\/p>\n\n\n\n<p>A su vez, YPF Luz busca expandir sus proyectos para ampliar la capacidad de generaci\u00f3n de energ\u00eda renovable. En abril, acord\u00f3 la adquisici\u00f3n de aerogeneradores con el fabricante dan\u00e9s Vestas para instalar 25 turbinas en su\u00a0cuarto parque e\u00f3lico que\u00a0YPF Luz\u00a0anunci\u00f3 en febrero que construir\u00e1\u00a0en la localidad cordobesa de General Lavalle, con una inversi\u00f3n de u$s 260 millones.<\/p>\n\n\n\n<p>Fuente: https:\/\/www.cronista.com\/negocios\/ypf-luz-abastecera-con-fuentes-renovables-a-9-plantas-de-molinos-rio-de-la-plata\/<\/p>\n\n\n\n<p><\/p>\n","protected":false},"excerpt":{"rendered":"<p>La empresa de generaci\u00f3n el\u00e9ctrica de la petrolera estatal firm\u00f3 un acuerdo con la alimenticia para proveerle energ\u00eda solar de su parque solar Zonda, ubicado en San Juan. YPF Luz cerr\u00f3 un nuevo contrato y ya abastece con energ\u00eda solar a las nueve plantas de producci\u00f3n de Molinos R\u00edo de la Plata.\u00a0M\u00e1s de 724 millones [&hellip;]<\/p>\n","protected":false},"author":1,"featured_media":6274,"comment_status":"closed","ping_status":"closed","sticky":false,"template":"","format":"standard","meta":{"footnotes":""},"categories":[1],"tags":[],"class_list":["post-6273","post","type-post","status-publish","format-standard","has-post-thumbnail","hentry","category-noticias"],"_links":{"self":[{"href":"https:\/\/epre.gov.ar\/web\/wp-json\/wp\/v2\/posts\/6273","targetHints":{"allow":["GET"]}}],"collection":[{"href":"https:\/\/epre.gov.ar\/web\/wp-json\/wp\/v2\/posts"}],"about":[{"href":"https:\/\/epre.gov.ar\/web\/wp-json\/wp\/v2\/types\/post"}],"author":[{"embeddable":true,"href":"https:\/\/epre.gov.ar\/web\/wp-json\/wp\/v2\/users\/1"}],"replies":[{"embeddable":true,"href":"https:\/\/epre.gov.ar\/web\/wp-json\/wp\/v2\/comments?post=6273"}],"version-history":[{"count":1,"href":"https:\/\/epre.gov.ar\/web\/wp-json\/wp\/v2\/posts\/6273\/revisions"}],"predecessor-version":[{"id":6275,"href":"https:\/\/epre.gov.ar\/web\/wp-json\/wp\/v2\/posts\/6273\/revisions\/6275"}],"wp:featuredmedia":[{"embeddable":true,"href":"https:\/\/epre.gov.ar\/web\/wp-json\/wp\/v2\/media\/6274"}],"wp:attachment":[{"href":"https:\/\/epre.gov.ar\/web\/wp-json\/wp\/v2\/media?parent=6273"}],"wp:term":[{"taxonomy":"category","embeddable":true,"href":"https:\/\/epre.gov.ar\/web\/wp-json\/wp\/v2\/categories?post=6273"},{"taxonomy":"post_tag","embeddable":true,"href":"https:\/\/epre.gov.ar\/web\/wp-json\/wp\/v2\/tags?post=6273"}],"curies":[{"name":"wp","href":"https:\/\/api.w.org\/{rel}","templated":true}]}}