{"id":6261,"date":"2023-09-04T12:21:31","date_gmt":"2023-09-04T12:21:31","guid":{"rendered":"https:\/\/epre.gov.ar\/web\/?p=6261"},"modified":"2023-09-04T12:21:33","modified_gmt":"2023-09-04T12:21:33","slug":"energia-eolica-bajo-la-lupa-la-velocidad-del-viento-esta-disminuyendo-por-el-cambio-climatico","status":"publish","type":"post","link":"https:\/\/epre.gov.ar\/web\/energia-eolica-bajo-la-lupa-la-velocidad-del-viento-esta-disminuyendo-por-el-cambio-climatico\/","title":{"rendered":"Energ\u00eda e\u00f3lica bajo la lupa: \u00bfla velocidad del viento est\u00e1 disminuyendo por el cambio clim\u00e1tico?."},"content":{"rendered":"\n<p>Distintos estudios cient\u00edficos identifican una disminuci\u00f3n en la velocidad del viento que podr\u00eda estar ligada al cambio clim\u00e1tico. Predicen efectos negativos para la segunda parte del siglo XXI en cuanto a la producci\u00f3n de energ\u00eda e\u00f3lica.<\/p>\n\n\n\n<p>Desde 1978 hasta 2010, las investigaciones mostraron que los vientos disminuyeron su intensidad alrededor de todo el mundo, con velocidades que cayeron un 2.3% por d\u00e9cada. Sin embargo, en 2019, un grupo de investigadores descubri\u00f3 que despu\u00e9s de 2010, la velocidad promedio del viento global en realidad hab\u00eda aumentado de 11,3 km\/ha a 11,9 km\/h.<\/p>\n\n\n\n<p>A pesar de esos datos contradictorios, el Panel Intergubernamental sobre Cambio Clim\u00e1tico (<a rel=\"noreferrer noopener\" href=\"https:\/\/www.ipcc.ch\/\" target=\"_blank\">IPCC<\/a>), pronostica una desaceleraci\u00f3n de los vientos para las pr\u00f3ximas d\u00e9cadas. Este organismo afirma que para el 2100 la velocidad media anual del viento podr\u00eda caer hasta un 10%.<\/p>\n\n\n\n<h2 class=\"wp-block-heading\">La g\u00e9nesis <strong>del<\/strong> viento<\/h2>\n\n\n\n<p>La funci\u00f3n del viento en el planeta es compensar. Sabemos que tanto el calentamiento diferencial de la superficie terrestre (muy fr\u00edas en los polos (latitudes altas) y c\u00e1lidas en los tr\u00f3picos (latitudes bajas)), como la fuerza centr\u00edfuga por la rotaci\u00f3n de la Tierra, regulan a gran escala la circulaci\u00f3n atmosf\u00e9rica.<\/p>\n\n\n\n<p>Cuando la temperatura del aire aumenta este se dilata, es menos denso y entre las mol\u00e9culas del aire disminuye la presi\u00f3n; as\u00ed mismo el aire m\u00e1s fr\u00edo se contrae, es m\u00e1s denso y entre las mol\u00e9culas del aire aumenta la presi\u00f3n. El aire se desplaza desde los centros de alta presi\u00f3n (anticiclones) hacia los de baja presi\u00f3n, en el intento por compensar esa diferencia. Para simplificarlo, la velocidad de ese desplazamiento es proporcional a la diferencia de presi\u00f3n, o sea que cuanto mayor sea esa diferencia (gradiente de presi\u00f3n), m\u00e1s intenso ser\u00e1 el viento resultante.<\/p>\n\n\n\n<h2 class=\"wp-block-heading\">\u00bfC\u00f3mo podr\u00eda afectar el cambio clim\u00e1tico al viento?<\/h2>\n\n\n\n<p>El acelerado calentamiento global de origen antropog\u00e9nico no solo trae el aumento de la temperatura media, sino que adem\u00e1s modifica la circulaci\u00f3n atmosf\u00e9rica porque altera la posici\u00f3n\/intensidad de los anticiclones (zonas de altas presiones). \u201cComo consecuencia, esto podr\u00eda llevar en determinadas zonas a una marcada disminuci\u00f3n de la velocidad del viento\u201d explica para Nexciencia la Dra. Matilde Rusticucci (DCAO-UBA-CONICET).<\/p>\n\n\n\n<p>\u201cMuy a pesar de lo que todos pens\u00e1bamos, el viento medio en la Patagonia est\u00e1 disminuyendo. No s\u00f3lo aqu\u00ed, en la Argentina, aparentemente en todas las zonas de latitudes medias del mundo, la velocidad del viento se mantuvo en descenso por 20 a\u00f1os (hasta 2013)\u201d, se\u00f1ala Bibiana Cerne (DCAO-UBA) para Nexciencia.<\/p>\n\n\n\n<p>Seg\u00fan el an\u00e1lisis publicado por Jim Robbins para la Escuela de Medio Ambiente de Yale, el investigador Paul Williams, que estudia el viento como profesor de ciencias atmosf\u00e9ricas en la Universidad de Reading en Inglaterra, explica que: \u00abLas diferencias de temperatura entre los polos &#8211; tr\u00f3picos, que impulsan los vientos se est\u00e1 debilitando, y esto es en parte porque el \u00c1rtico se est\u00e1 calentando m\u00e1s r\u00e1pido que los tr\u00f3picos\u00bb.<\/p>\n\n\n\n<h2 class=\"wp-block-heading\">Estudios sobre el \u00abestancamiento\u00bb del viento<\/h2>\n\n\n\n<p>Desde 1979 el \u00c1rtico se ha estado calentando cuatro veces m\u00e1s r\u00e1pido que el resto del mundo, seg\u00fan un estudio reciente publicado en la revista Nature. Esto es mucho m\u00e1s r\u00e1pido de lo que los cient\u00edficos hab\u00edan proyectado anteriormente, y dicho calentamiento podr\u00eda presagiar una disminuci\u00f3n del viento a\u00fan mayor de lo previsto.<\/p>\n\n\n\n<p>Las mediciones del viento son dif\u00edciles de unificar, alrededor del mundo no siempre se midi\u00f3 en forma continua, en el mismo lugar, a diez metros de altura y con est\u00e1ndares internacionales, y no se tiene una serie larga y homog\u00e9nea en el tiempo. El campo de viento es joven, con s\u00f3lo 70 a\u00f1os de datos (los datos de temperatura, por el contrario, se remontan a millas de a\u00f1os), y los sistemas e\u00f3licos son notoriamente dif\u00edciles de estudiar y analizar. Adem\u00e1s, se ha visto modificado por la aparici\u00f3n de instrumental electr\u00f3nico que permite mediciones m\u00e1s exactas.<\/p>\n\n\n\n<p>El viento es una variable que no ha sido de las m\u00e1s analizadas es los estudios sobre cambio clim\u00e1tico, y por ese motivo el debate sobre esta tendencia a la desaceleraci\u00f3n contin\u00faa.<\/p>\n\n\n\n<p>Un reciente trabajo logra estudiar el viento al examinar d\u00f3nde y cu\u00e1nto se deposit\u00f3 el polvo en la Tierra durante la era del Plioceno (que va desde 5.5 millones de a\u00f1os atr\u00e1s y culmin\u00f3 hace 2.6 millones de a\u00f1os), cuando las temperaturas y los niveles de di\u00f3xido de carbono eran similares a los actuales pero en ese entonces por causas naturales, obviamente.<\/p>\n\n\n\n<p>Al utilizar el Plioceno como analog\u00eda del calentamiento global moderno, \u201cparece probable que el movimiento de los vientos del oeste (cinturones de viento del oeste), predominantes en latitudes medias, est\u00e1n migrando hacia los polos en respuesta al forzamiento antropog\u00e9nico\u201d, dice Gisela Winckler, investigadora del Observatorio Terrestre Lamont Doherty de la Universidad de Columbia y autora del art\u00edculo sobre el polvo del Plioceno. Sus modelos indican \u201cque los vientos resultar\u00e1n m\u00e1s d\u00e9biles\u00bb.<\/p>\n\n\n\n<p>Otro estudio reciente encontr\u00f3 que habr\u00e1 variabilidad regional y estacional en los vientos en los Estados Unidos a medida que aumentan los niveles de di\u00f3xido de carbono: para 2100, la velocidad del viento disminuir\u00e1 en la mayor parte del oeste y de la costa este, pero el centro de los EE.UU. ver\u00e1 un aumento. Varios otros estudios predicen una variabilidad similar, tanto regional como estacional, en todo el mundo.<\/p>\n\n\n\n<p>Hannah Bloomfield, investigadora postdoctoral de la Universidad de Bristol, estudia el viento y la energ\u00eda e\u00f3lica. Ella cree que, hasta hace poco, los cambios en la velocidad del viento han estado dentro del rango de variabilidad, y que hoy en d\u00eda no hay evidencia s\u00f3lida de un estancamiento global inducido por el cambio clim\u00e1tico. Pero los modelos del futuro son m\u00e1s preocupantes. \u00abLos estudios muestran que despu\u00e9s de 2050, los argumentos del IPCC sobre el debilitamiento de los vientos empiezan a parecer mucho m\u00e1s convincentes\u00bb.<\/p>\n\n\n\n<h2 class=\"wp-block-heading\">Energ\u00eda e\u00f3lica y los efectos del cambio clim\u00e1tico sobre el viento<\/h2>\n\n\n\n<p>Nos urge obtener el mejor registro que se pueda adquirir de esta variable, para lograr comprender que pasa con el viento, sobre todo en el momento actual, cuando la demanda de fuentes de energ\u00eda alternativas amigables con el medioambiente y abastecidas por un recurso que no sea agotable y perjudicial como los hidrocarburos. Se necesita estudiar para poder proyectar correctamente.<\/p>\n\n\n\n<p>Ni los vientos muy fuertes, ni los muy tranquilos son \u00fatiles para poner en movimiento los molinos que servir\u00e1n para generar electricidad, el m\u00e1s conveniente para producir energ\u00eda e\u00f3lica se ubica entre los 3 y 24 m\/s aproximadamente. \u201cEn un promedio de intensidad del viento de unos 8 m\/s, que disminuye medio metro por segundo cada diez a\u00f1os, es bastante\u201d, enfatiza la investigadora Bibiana Cerne (DCAO-UBA), en la entrevista para Nexciencia. Ese descenso fue el registrado en distintos lugares del mundo como Estados Unidos, Canad\u00e1 y Australia, seg\u00fan precis\u00f3.<\/p>\n\n\n\n<p>Un molino se dise\u00f1a para que produzca energ\u00eda durante unos veinte a\u00f1os. Pero, \u201csi la velocidad del viento medio cambia el valor (medio metro cada diez a\u00f1os), en alg\u00fan punto de vista energ\u00e9tico puede ser importante\u201d, subraya Cerne.<\/p>\n\n\n\n<p>\u00abUna ca\u00edda del 10% en los vientos no significa una ca\u00edda del 10% en la energ\u00eda, sino de un 30%, y eso ser\u00eda catastr\u00f3fico\u00bb, dice Williams. Las turbinas son algo ineficientes y tienen l\u00edmites en la cantidad de energ\u00eda que pueden extraer del viento.<\/p>\n\n\n\n<p>Europa apuesta por la energ\u00eda e\u00f3lica como alternativa al carb\u00f3n y otros combustibles f\u00f3siles. El Reino Unido genera alrededor del 24% de su energ\u00eda a partir de m\u00e1s de 11 mil turbinas e\u00f3licas terrestres y marinas, y la Uni\u00f3n Europea obtiene alrededor del 15% de su electricidad del viento. Ese porcentaje est\u00e1 creciendo a medida que se ponen en funcionamiento m\u00e1s turbinas e\u00f3licas.<\/p>\n\n\n\n<p><a href=\"https:\/\/www.facebook.com\/sharer\/sharer.php?u=https%3A%2F%2Fwww.meteored.com.ar%2Fnoticias%2Fciencia%2Fenergia-eolica-bajo-la-lupa-la-velocidad-del-viento-esta-disminuyendo-por-el-cambio-climatico.html\"><\/a><a href=\"https:\/\/twitter.com\/share?url=https%3A%2F%2Fwww.meteored.com.ar%2Fnoticias%2Fciencia%2Fenergia-eolica-bajo-la-lupa-la-velocidad-del-viento-esta-disminuyendo-por-el-cambio-climatico.html&amp;via=MeteoredAR&amp;text=Energ%C3%ADa+e%C3%B3lica+bajo+la+lupa%3A+%C2%BFla+velocidad+del+viento+est%C3%A1+disminuyendo+por+el+cambio+clim%C3%A1tico%3F\"><\/a><a href=\"mailto:?subject=Energ\u00eda e\u00f3lica bajo la lupa: \u00bfla velocidad del viento est\u00e1 disminuyendo por el cambio clim\u00e1tico?&amp;body=Efectos negativos para la segunda parte del siglo XXI en cuanto a la producci\u00f3n de energ\u00eda e\u00f3lica, por una disminuci\u00f3n de la vel del viento por el CC.: https%3A%2F%2Fwww.meteored.com.ar%2Fnoticias%2Fciencia%2Fenergia-eolica-bajo-la-lupa-la-velocidad-del-viento-esta-disminuyendo-por-el-cambio-climatico.html\"><\/a><a href=\"https:\/\/www.linkedin.com\/shareArticle?mini=true&amp;url=https%3A%2F%2Fwww.meteored.com.ar%2Fnoticias%2Fciencia%2Fenergia-eolica-bajo-la-lupa-la-velocidad-del-viento-esta-disminuyendo-por-el-cambio-climatico.html&amp;title=Energ\u00eda e\u00f3lica bajo la lupa: \u00bfla velocidad del viento est\u00e1 disminuyendo por el cambio clim\u00e1tico?&amp;summary=Efectos negativos para la segunda parte del siglo XXI en cuanto a la producci\u00f3n de energ\u00eda e\u00f3lica, por una disminuci\u00f3n de la vel del viento por el CC.&amp;source=https:\/\/www.meteored.com.ar\"><\/a><a href=\"https:\/\/pinterest.com\/pin\/create\/button\/?url=https:\/\/www.meteored.com.ar\/noticias\/ciencia\/energia-eolica-bajo-la-lupa-la-velocidad-del-viento-esta-disminuyendo-por-el-cambio-climatico.html&amp;media=https%3A%2F%2Fservices.meteored.com%2Fimg%2Farticle%2Fenergia-eolica-bajo-la-lupa-la-velocidad-del-viento-esta-disminuyendo-por-el-cambio-climatico-1693647259072_1280.jpeg&amp;description=Energ\u00eda e\u00f3lica bajo la lupa: \u00bfla velocidad del viento est\u00e1 disminuyendo por el cambio clim\u00e1tico?\"><\/a>En EE.UU., los parques e\u00f3licos proporcionan casi el 10% de la generaci\u00f3n de electricidad a escala de servicios p\u00fablicos. Se prev\u00e9 que para 2050 la cantidad de energ\u00eda producida casi se cuadriplicar\u00e1. Pero si la velocidad del viento disminuye, podr\u00eda resultar m\u00e1s dif\u00edcil alcanzar ese objetivo.<\/p>\n\n\n\n<p>Fuente: https:\/\/www.meteored.com.ar\/noticias\/ciencia\/energia-eolica-bajo-la-lupa-la-velocidad-del-viento-esta-disminuyendo-por-el-cambio-climatico.html<\/p>\n","protected":false},"excerpt":{"rendered":"<p>Distintos estudios cient\u00edficos identifican una disminuci\u00f3n en la velocidad del viento que podr\u00eda estar ligada al cambio clim\u00e1tico. Predicen efectos negativos para la segunda parte del siglo XXI en cuanto a la producci\u00f3n de energ\u00eda e\u00f3lica. Desde 1978 hasta 2010, las investigaciones mostraron que los vientos disminuyeron su intensidad alrededor de todo el mundo, con [&hellip;]<\/p>\n","protected":false},"author":1,"featured_media":6262,"comment_status":"closed","ping_status":"closed","sticky":false,"template":"","format":"standard","meta":{"footnotes":""},"categories":[17],"tags":[],"class_list":["post-6261","post","type-post","status-publish","format-standard","has-post-thumbnail","hentry","category-eolica-energias"],"_links":{"self":[{"href":"https:\/\/epre.gov.ar\/web\/wp-json\/wp\/v2\/posts\/6261","targetHints":{"allow":["GET"]}}],"collection":[{"href":"https:\/\/epre.gov.ar\/web\/wp-json\/wp\/v2\/posts"}],"about":[{"href":"https:\/\/epre.gov.ar\/web\/wp-json\/wp\/v2\/types\/post"}],"author":[{"embeddable":true,"href":"https:\/\/epre.gov.ar\/web\/wp-json\/wp\/v2\/users\/1"}],"replies":[{"embeddable":true,"href":"https:\/\/epre.gov.ar\/web\/wp-json\/wp\/v2\/comments?post=6261"}],"version-history":[{"count":1,"href":"https:\/\/epre.gov.ar\/web\/wp-json\/wp\/v2\/posts\/6261\/revisions"}],"predecessor-version":[{"id":6263,"href":"https:\/\/epre.gov.ar\/web\/wp-json\/wp\/v2\/posts\/6261\/revisions\/6263"}],"wp:featuredmedia":[{"embeddable":true,"href":"https:\/\/epre.gov.ar\/web\/wp-json\/wp\/v2\/media\/6262"}],"wp:attachment":[{"href":"https:\/\/epre.gov.ar\/web\/wp-json\/wp\/v2\/media?parent=6261"}],"wp:term":[{"taxonomy":"category","embeddable":true,"href":"https:\/\/epre.gov.ar\/web\/wp-json\/wp\/v2\/categories?post=6261"},{"taxonomy":"post_tag","embeddable":true,"href":"https:\/\/epre.gov.ar\/web\/wp-json\/wp\/v2\/tags?post=6261"}],"curies":[{"name":"wp","href":"https:\/\/api.w.org\/{rel}","templated":true}]}}