{"id":6249,"date":"2023-09-01T12:29:45","date_gmt":"2023-09-01T12:29:45","guid":{"rendered":"https:\/\/epre.gov.ar\/web\/?p=6249"},"modified":"2023-09-01T12:29:46","modified_gmt":"2023-09-01T12:29:46","slug":"el-invento-que-dira-adios-a-las-placas-solares-esta-bateria-solar-de-bajo-costo-genera-energia","status":"publish","type":"post","link":"https:\/\/epre.gov.ar\/web\/el-invento-que-dira-adios-a-las-placas-solares-esta-bateria-solar-de-bajo-costo-genera-energia\/","title":{"rendered":"El invento que dir\u00e1 adi\u00f3s a las placas solares: esta bater\u00eda solar de bajo costo genera energ\u00eda."},"content":{"rendered":"\n<p>Aunque todav\u00eda queda mucho por desarrollar en el \u00e1mbito de la energ\u00eda solar como la eficiencia, mejorar los materiales de fabricaci\u00f3n, lograr que almacenen m\u00e1s energ\u00eda, entre otras cosas, una colaboraci\u00f3n entre la Universidad de C\u00f3rdoba y el Instituto Max Planck para la Investigaci\u00f3n del Estado S\u00f3lido pretende resolver varios de estos problemas con una soluci\u00f3n muy interesante.<\/p>\n\n\n\n<p>La soluci\u00f3n consta<a href=\"https:\/\/www.20minutos.es\/tecnologia\/moviles-dispositivos\/no-terminada-invento-dira-adios-placas-solares-bateria-solar-bajo-coste-genera-energia-5167876\/\"><\/a>\u00a0de un vidrio semitransparente que puede generar y almacenar energ\u00eda solar, ya que est\u00e1 fabricado con K-PHI, un material no t\u00f3xico compuesto por nitruro de carbono 2D extra\u00eddo de la urea. El trabajo de investigaci\u00f3n, publicado en la revista Advanced Energy Materials, cuenta con la destacada participaci\u00f3n del espa\u00f1ol Alberto Jim\u00e9nez-Solano, del Departamento de F\u00edsica de la Universidad de C\u00f3rdoba.<\/p>\n\n\n\n<h2 class=\"wp-block-heading\">El proceso<\/h2>\n\n\n\n<p>La secuencia de acciones complejas arranc\u00f3 con la aplicaci\u00f3n de una fina capa de nitruro de carbono potasio 2D para construir una estructura firme que sirviera de base para realizar un dispositivo fotovoltaico. Este material viene en forma de polvo o en mezclas con agua de part\u00edculas diminutas, por lo que los investigadores tuvieron que idear m\u00e9todos para producirlo de manera m\u00e1s simple y r\u00e1pida.<\/p>\n\n\n\n<p>De acuerdo con lo explicado por Jim\u00e9nez-Solano, se trata de tener una especie de vidrio muy transparente, con una capa que conduce electricidad y se deja ver a trav\u00e9s de ella (para permitir que la electricidad fluya), adem\u00e1s de una serie de capas hechas de materiales semitransparentes con diferentes funciones, y otro vidrio conductor que completa el circuito el\u00e9ctrico.<\/p>\n\n\n\n<p>Mediante la combinaci\u00f3n de c\u00e1lculos sobre c\u00f3mo se comporta la luz y experimentos el\u00e9ctricos, los cient\u00edficos lograron entender las oportunidades que presenta este dispositivo tanto para captar la energ\u00eda del sol como para guardarla.<\/p>\n\n\n\n<h2 class=\"wp-block-heading\">Experimentos realizados<\/h2>\n\n\n\n<p>El dispositivo tiene varias capas con grosores casi invisibles para el ojo humano, y su disposici\u00f3n semitransparente permite que absorba luz por ambos lados, lo que lo hace m\u00e1s vers\u00e1til y mejora la cantidad de energ\u00eda que genera.<\/p>\n\n\n\n<p>Despu\u00e9s de realizar pruebas en el laboratorio, los cient\u00edficos descubrieron que las capas m\u00e1s delgadas y activas produc\u00edan m\u00e1s energ\u00eda, pero ten\u00edan menos capacidad para almacenarla. Sin embargo, al combinar capas de diferentes grosores, la bater\u00eda solar puede generar corrientes el\u00e9ctricas tanto fuertes como suaves, como las que un tel\u00e9fono m\u00f3vil necesita para funcionar, y estas corrientes podr\u00edan mantenerse por m\u00e1s tiempo.<\/p>\n\n\n\n<p>Adem\u00e1s, los resultados obtenidos a lo largo del proceso pueden aplicarse a otros tipos de bater\u00edas solares, como los fotocondensadores o las bater\u00edas solares de flujo redox. Pero lo que m\u00e1s destacan es que el material necesario para fabricarlo es seguro, est\u00e1 disponible en cantidad, es respetuoso con el medio ambiente y f\u00e1cil de producir, ya que proviene de la urea.\u00a0<\/p>\n\n\n\n<p>Este compuesto es el principal producto final del proceso metab\u00f3lico de las prote\u00ednas en los mam\u00edferos, incluyendo los humanos, y se encuentra en mayor medida en la orina, el sudor y las heces.<\/p>\n\n\n\n<p>Este equipo de cient\u00edficos, liderado por el f\u00edsico espa\u00f1ol Alberto Jim\u00e9nez-Solano, marca un hito inicial hacia una alternativa econ\u00f3mica y efectiva frente a las t\u00edpicas placas solares.<\/p>\n\n\n\n<p>Fuente: https:\/\/www.20minutos.es\/tecnologia\/moviles-dispositivos\/no-terminada-invento-dira-adios-placas-solares-bateria-solar-bajo-coste-genera-energia-5167876\/<\/p>\n","protected":false},"excerpt":{"rendered":"<p>Aunque todav\u00eda queda mucho por desarrollar en el \u00e1mbito de la energ\u00eda solar como la eficiencia, mejorar los materiales de fabricaci\u00f3n, lograr que almacenen m\u00e1s energ\u00eda, entre otras cosas, una colaboraci\u00f3n entre la Universidad de C\u00f3rdoba y el Instituto Max Planck para la Investigaci\u00f3n del Estado S\u00f3lido pretende resolver varios de estos problemas con una [&hellip;]<\/p>\n","protected":false},"author":1,"featured_media":6250,"comment_status":"closed","ping_status":"closed","sticky":false,"template":"","format":"standard","meta":{"footnotes":""},"categories":[1],"tags":[],"class_list":["post-6249","post","type-post","status-publish","format-standard","has-post-thumbnail","hentry","category-noticias"],"_links":{"self":[{"href":"https:\/\/epre.gov.ar\/web\/wp-json\/wp\/v2\/posts\/6249","targetHints":{"allow":["GET"]}}],"collection":[{"href":"https:\/\/epre.gov.ar\/web\/wp-json\/wp\/v2\/posts"}],"about":[{"href":"https:\/\/epre.gov.ar\/web\/wp-json\/wp\/v2\/types\/post"}],"author":[{"embeddable":true,"href":"https:\/\/epre.gov.ar\/web\/wp-json\/wp\/v2\/users\/1"}],"replies":[{"embeddable":true,"href":"https:\/\/epre.gov.ar\/web\/wp-json\/wp\/v2\/comments?post=6249"}],"version-history":[{"count":1,"href":"https:\/\/epre.gov.ar\/web\/wp-json\/wp\/v2\/posts\/6249\/revisions"}],"predecessor-version":[{"id":6251,"href":"https:\/\/epre.gov.ar\/web\/wp-json\/wp\/v2\/posts\/6249\/revisions\/6251"}],"wp:featuredmedia":[{"embeddable":true,"href":"https:\/\/epre.gov.ar\/web\/wp-json\/wp\/v2\/media\/6250"}],"wp:attachment":[{"href":"https:\/\/epre.gov.ar\/web\/wp-json\/wp\/v2\/media?parent=6249"}],"wp:term":[{"taxonomy":"category","embeddable":true,"href":"https:\/\/epre.gov.ar\/web\/wp-json\/wp\/v2\/categories?post=6249"},{"taxonomy":"post_tag","embeddable":true,"href":"https:\/\/epre.gov.ar\/web\/wp-json\/wp\/v2\/tags?post=6249"}],"curies":[{"name":"wp","href":"https:\/\/api.w.org\/{rel}","templated":true}]}}