{"id":6180,"date":"2023-08-04T12:28:53","date_gmt":"2023-08-04T12:28:53","guid":{"rendered":"https:\/\/epre.gov.ar\/web\/?p=6180"},"modified":"2023-08-04T12:28:54","modified_gmt":"2023-08-04T12:28:54","slug":"ineco-y-la-energia-ionica-produccion-electrica-sostenible-y-continua","status":"publish","type":"post","link":"https:\/\/epre.gov.ar\/web\/ineco-y-la-energia-ionica-produccion-electrica-sostenible-y-continua\/","title":{"rendered":"INECO y la energ\u00eda i\u00f3nica: producci\u00f3n el\u00e9ctrica sostenible y continua."},"content":{"rendered":"\n<p>Tras una evoluci\u00f3n conceptual del proyecto y tras varios prototipos, esta novedosa fuente renovable permite generar energ\u00eda a partir de la corrosi\u00f3n de los metales y produce hidr\u00f3geno verde durante el proceso.\u00a0<\/p>\n\n\n\n<p>Ineco, la ingenier\u00eda y consultor\u00eda del Ministerio de Transportes, Movilidad y Agenda Urbana, ha acogido la presentaci\u00f3n del m\u00f3dulo i\u00f3nico, invento 100% espa\u00f1ol del canario Alberto Santana.<br>\u00a0<br>Tras una evoluci\u00f3n conceptual del proyecto y tras varios prototipos, esta novedosa fuente renovable permite generar energ\u00eda a partir de la corrosi\u00f3n de los metales y produce hidr\u00f3geno verde durante el proceso.\u00a0<br>\u00a0<br>La presentaci\u00f3n ha tenido lugar en el nuevo Garaje Tech Ineco, un espacio que la compa\u00f1\u00eda p\u00fablica acaba de poner en marcha para favorecer la creaci\u00f3n y el dise\u00f1o de pilotos de innovaci\u00f3n y de desarrollos tecnol\u00f3gicos. El presidente de Ineco, Sergio V\u00e1zquez Torr\u00f3n, ha puesto en valor la innovaci\u00f3n como palanca de transformaci\u00f3n de la econom\u00eda. \u00a0\u201cPersonas como Alberto Santana nos hacen part\u00edcipes de soluciones que permiten cambiar el paradigma energ\u00e9tico en el que estamos y aportar luz a la lucha contra el cambio clim\u00e1tico. Un salto en innovaci\u00f3n que puede generar un cambio sist\u00e9mico en la industria\u201d, ha remarcado.\u00a0<\/p>\n\n\n\n<p>Un m\u00f3dulo i\u00f3nico o una central el\u00e9ctrica i\u00f3nica es una pluralidad de celdas que, de forma controlada, es capaz de generar energ\u00eda el\u00e9ctrica, recuper\u00e1ndola de los metales a partir de la corrosi\u00f3n en un proceso de electr\u00f3lisis inversa. Las celdas est\u00e1n conectadas entre s\u00ed en un circuito cerrado por donde circula el agua y la sal com\u00fan, entre otros elementos. \u00a0<\/p>\n\n\n\n<p>De forma adicional, el salto electr\u00f3nico interno entre los electrodos descompone el agua en hidr\u00f3geno. El hidr\u00f3geno verde que genera un m\u00f3dulo i\u00f3nico puede comprimirse para alimentar a veh\u00edculos, por ejemplo, mediante una pila de combustible o utilizarse con fines dom\u00e9sticos, comerciales, industriales o de movilidad.&nbsp;<\/p>\n\n\n\n<p>\u201cSe trata de una aut\u00e9ntica revoluci\u00f3n tecnol\u00f3gica\u201d ha destacado su inventor, Alberto Santana. \u201cNo solo por la energ\u00eda el\u00e9ctrica que ofrece, siendo la \u00fanica celda galv\u00e1nica a nivel mundial con un potencial de m\u00e1s de 2,2 voltios, sino tambi\u00e9n por la que ofrece el hidr\u00f3geno que desprende la central durante su funcionamiento\u201d.<\/p>\n\n\n\n<p>Su uso industrial o inyecci\u00f3n a la red el\u00e9ctrica permite que se pueda usar como fuente \u00fanica o como vector de apoyo a otro tipo de energ\u00edas renovables, como la e\u00f3lica o la solar, para mantener una producci\u00f3n el\u00e9ctrica permanente.<\/p>\n\n\n\n<p>En la cita han participado, adem\u00e1s, la directora de la Oficina de Innovaci\u00f3n y Desarrollo de Producto de Ineco, Ana Rojo; y Jos\u00e9 \u00c1ngel Fern\u00e1ndez, gerente en el \u00c1rea de Econom\u00eda y Pol\u00edtica del Transporte de la compa\u00f1\u00eda y miembro del equipo que est\u00e1 apoyando a Alberto Santana en el desarrollo del m\u00f3dulo.<\/p>\n\n\n\n<p>Fuente: https:\/\/www.corresponsables.com\/actualidad\/ineco-energia-ionica-produccion-electrica-sostenible-y-continua<\/p>\n","protected":false},"excerpt":{"rendered":"<p>Tras una evoluci\u00f3n conceptual del proyecto y tras varios prototipos, esta novedosa fuente renovable permite generar energ\u00eda a partir de la corrosi\u00f3n de los metales y produce hidr\u00f3geno verde durante el proceso.\u00a0 Ineco, la ingenier\u00eda y consultor\u00eda del Ministerio de Transportes, Movilidad y Agenda Urbana, ha acogido la presentaci\u00f3n del m\u00f3dulo i\u00f3nico, invento 100% espa\u00f1ol [&hellip;]<\/p>\n","protected":false},"author":1,"featured_media":6181,"comment_status":"closed","ping_status":"closed","sticky":false,"template":"","format":"standard","meta":{"footnotes":""},"categories":[1],"tags":[],"class_list":["post-6180","post","type-post","status-publish","format-standard","has-post-thumbnail","hentry","category-noticias"],"_links":{"self":[{"href":"https:\/\/epre.gov.ar\/web\/wp-json\/wp\/v2\/posts\/6180","targetHints":{"allow":["GET"]}}],"collection":[{"href":"https:\/\/epre.gov.ar\/web\/wp-json\/wp\/v2\/posts"}],"about":[{"href":"https:\/\/epre.gov.ar\/web\/wp-json\/wp\/v2\/types\/post"}],"author":[{"embeddable":true,"href":"https:\/\/epre.gov.ar\/web\/wp-json\/wp\/v2\/users\/1"}],"replies":[{"embeddable":true,"href":"https:\/\/epre.gov.ar\/web\/wp-json\/wp\/v2\/comments?post=6180"}],"version-history":[{"count":1,"href":"https:\/\/epre.gov.ar\/web\/wp-json\/wp\/v2\/posts\/6180\/revisions"}],"predecessor-version":[{"id":6182,"href":"https:\/\/epre.gov.ar\/web\/wp-json\/wp\/v2\/posts\/6180\/revisions\/6182"}],"wp:featuredmedia":[{"embeddable":true,"href":"https:\/\/epre.gov.ar\/web\/wp-json\/wp\/v2\/media\/6181"}],"wp:attachment":[{"href":"https:\/\/epre.gov.ar\/web\/wp-json\/wp\/v2\/media?parent=6180"}],"wp:term":[{"taxonomy":"category","embeddable":true,"href":"https:\/\/epre.gov.ar\/web\/wp-json\/wp\/v2\/categories?post=6180"},{"taxonomy":"post_tag","embeddable":true,"href":"https:\/\/epre.gov.ar\/web\/wp-json\/wp\/v2\/tags?post=6180"}],"curies":[{"name":"wp","href":"https:\/\/api.w.org\/{rel}","templated":true}]}}