{"id":6161,"date":"2023-07-28T12:40:00","date_gmt":"2023-07-28T12:40:00","guid":{"rendered":"https:\/\/epre.gov.ar\/web\/?p=6161"},"modified":"2023-11-21T21:45:32","modified_gmt":"2023-11-21T21:45:32","slug":"resolucion-no-107-2023","status":"publish","type":"post","link":"https:\/\/epre.gov.ar\/web\/resolucion-no-107-2023\/","title":{"rendered":"Resoluci\u00f3n N\u00ba 107 \/ 2023"},"content":{"rendered":"\n<p class=\"has-text-align-right\"><strong>RESOLUCI\u00d3N EPRE N\u00b0 107\/2023<br>EXPTE. N\u00b0 2887929<br>EXPTE EPRE N\u00b0 225\/23<\/strong><\/p>\n\n\n\n<p class=\"has-text-align-right\">PARAN\u00c1, 28 de julio de 2023<\/p>\n\n\n\n<p class=\"has-text-align-center\"><a href=\"https:\/\/epre.gov.ar\/web\/wp-content\/uploads\/2023\/07\/Resolucion-107-23.pdf\" target=\"_blank\" rel=\"noreferrer noopener\">Descargar resoluci\u00f3n y anexos en formato PDF haciendo clic aqu\u00ed<\/a><\/p>\n\n\n\n<p><strong><u>VISTO<\/u><\/strong>:<\/p>\n\n\n\n<p>La Resoluci\u00f3n de la Secretaria de Energ\u00eda de la Naci\u00f3n: <a href=\"https:\/\/www.boletinoficial.gob.ar\/detalleAviso\/primera\/290991\/20230726\" target=\"_blank\" rel=\"noreferrer noopener\">RESOL-2023-612-APN-SE#MEC<\/a>, las Resoluciones <a href=\"https:\/\/epre.gov.ar\/web\/resolucion-n-219-22\/\">EPRE N\u00b0 219\/22<\/a>, <a href=\"https:\/\/epre.gov.ar\/web\/resolucion-no-62-23\/\">N\u00b0 62\/23<\/a> y <a href=\"https:\/\/epre.gov.ar\/web\/resolucion-no-91-2023\/\">N\u00ba 91\/23<\/a> y la Nota GC N\u00b0 182\/2023 de ENERSA y;<\/p>\n\n\n\n<p><strong><u>CONSIDERANDO<\/u><\/strong><strong>:<\/strong><\/p>\n\n\n\n<p>Que este organismo en fecha 16 de junio de 2023, emiti\u00f3 la Resoluci\u00f3n N\u00ba 91\/23 EPRE por la cual, en su Art\u00edculo 1\u00b0, se aprobaron los valores de los cuadros tarifarios que obraron en los Anexos I, II y III, para el per\u00edodo comprendido entre los meses de agosto, septiembre y octubre del a\u00f1o 2023, respectivamente, el cual contiene las categor\u00edas de usuarios y el traslado en su justa incidencia conforme a los precios de energ\u00eda y potencia establecidos por Resoluci\u00f3n 2022-323-APNSE#MEC;<\/p>\n\n\n\n<p>&nbsp;Que en el Art\u00edculo N\u00ba 3 de la mencionada Resoluci\u00f3n EPRE N\u00ba 91\/23, se dispuso que la vigencia del Cuadro Tarifario quedaba condicionada a que no se produzcan modificaciones en los precios mayoristas de energ\u00eda, potencia y\/o transporte en el Mercado El\u00e9ctrico Mayorista (MEM) por parte de la Secretar\u00eda de Energ\u00eda El\u00e9ctrica de la Naci\u00f3n (SEN), en cuyo caso podr\u00edan las Distribuidoras presentar a este ENTE para su an\u00e1lisis y aprobaci\u00f3n los nuevos valores del Cuadro Tarifario;<\/p>\n\n\n\n<p>Que, en este sentido, y de acuerdo a lo dispuesto en el Anexo III \u201cProcedimientos Para La Determinaci\u00f3n Del Cuadro Tarifario\u201d de la Resoluci\u00f3n N\u00b0 219\/22 EPRE, se estableci\u00f3 que el Cuadro Tarifario se recalcular\u00e1 cuando se produzcan variaciones en los precios del Mercado El\u00e9ctrico Mayorista (MEM) y el costo unitario por el uso del sistema de transporte;<\/p>\n\n\n\n<p>Que a ra\u00edz del dictado de la Resoluci\u00f3n RESOL-2023-612-APN-SE#MEC de la Secretaria de Energ\u00eda de la Naci\u00f3n, de fecha 25\/07\/2023 y que fuera publicada en el Bolet\u00edn Oficial de la Rep\u00fablica Argentina en fecha 26 de julio de 2023, por la cual se modifican los precios estacionales, la Empresa de Energ\u00eda de Entre R\u00edos Sociedad An\u00f3nima -ENERSA-, present\u00f3 al EPRE mediante nota GC N\u00b0 182\/23 de fecha 27 de julio de 2023, para su aprobaci\u00f3n, los cuadros tarfarios correspondientes a los meses de agosto, septiembre y octubre de este a\u00f1o;<\/p>\n\n\n\n<p>Que la Resoluci\u00f3n SEN aprob\u00f3 para el per\u00edodo comprendido entre el 1\u00b0 de agosto y el 31 de octubre de 2023, para la demanda de energ\u00eda el\u00e9ctrica declarada por los Agentes Distribuidores y\/o Prestadores del Servicio P\u00fablico de Distribuci\u00f3n del MERCADO EL\u00c9CTRICO MAYORISTA (MEM), como destinada a abastecer a sus usuarios de energ\u00eda el\u00e9ctrica, o los de otros prestadores del servicio p\u00fablico de distribuci\u00f3n de energ\u00eda el\u00e9ctrica dentro del \u00e1rea de influencia o concesi\u00f3n del Agente Distribuidor, la aplicaci\u00f3n de los Precios de Referencia de la Potencia (POTREF) y el Precio Estabilizado de la Energ\u00eda (PEE) en el MEM establecidos en el en el ANEXO I (IF-2023-85602389-APN-DNRYDSE#MEC) que integra dicha medida.<\/p>\n\n\n\n<p>Que el PEE junto con el POTREF y el Precio Estabilizado del Transporte (PET) son los que se deber\u00e1n utilizar para su correspondiente aplicaci\u00f3n en los cuadros tarifarios de los Agentes Distribuidores y otros Prestadores del Servicio P\u00fablico de Distribuci\u00f3n que lo requieran, de conformidad con lo establecido en la Resoluci\u00f3n N\u00b0 137 de fecha 30 de noviembre de 1992 de la SECRETAR\u00cdA DE ENERG\u00cdA del ex MINISTERIO DE ECONOM\u00cdA Y OBRAS Y SERVICIOS P\u00daBLICOS;<\/p>\n\n\n\n<p>Que, adem\u00e1s, la resoluci\u00f3n nacional estableci\u00f3 tambi\u00e9n la continuidad de los valores correspondientes a cada agente distribuidor del MERCADO EL\u00c9CTRICO MAYORISTA (MEM) por el Servicio P\u00fablico de Transporte de Energ\u00eda El\u00e9ctrica en Alta Tensi\u00f3n y por Distribuci\u00f3n Troncal, incorporados en el Anexo II (IF-2022-17198259-APN-DNRYDSE#MEC) de la Resoluci\u00f3n N\u00b0&nbsp;105 de fecha 23 de febrero de 2022 de la SECRETAR\u00cdA DE ENERG\u00cdA del MINISTERIO DE ECONOM\u00cdA, considerando lo mencionado en el segundo p\u00e1rrafo del Art\u00edculo 2\u00b0 de la mencionada medida, manteniendo, adem\u00e1s, vigentes los Art\u00edculo 5\u00b0 y 6\u00b0 de la Resoluci\u00f3n N\u00b0&nbsp;54 del 1\u00b0 de febrero del 2023 y el Art\u00edculo 5\u00b0 de Resoluci\u00f3n N\u00b0&nbsp;323 del 29 de abril del 2023, ambas de la SECRETAR\u00cdA DE ENERG\u00cdA del MINISTERIO DE ECONOM\u00cdA, estableciendo, para el per\u00edodo comprendido entre el 1\u00ba de agosto y el 31 de octubre de 2023, los Precios Sin Subsidio contenidos en el ANEXO III (IF-2023-85610565-APN-DNRYDSE#MEC)&nbsp;que forma parte integrante de la mencionada medida; para que las distribuidoras de jurisdicci\u00f3n federal, expresen en las facturas de sus usuarios el monto del subsidio correspondiente, el que deber\u00e1 ser identificado como \u201cSubsidio Estado Nacional\u201d, como as\u00ed tambi\u00e9n, para los prestadores del servicio p\u00fablico de distribuci\u00f3n de las provincias;<\/p>\n\n\n\n<p>Que, conforme a lo dispuesto por el Art\u00edculo 79\u00ba, segundo p\u00e1rrafo del Decreto N\u00ba 1300\/96 dicho cuadro, una vez aprobado, resultar\u00e1 aplicable a todas las Distribuidoras Concesionarias del Servicio P\u00fablico de Electricidad de la Provincia de Entre R\u00edos, en car\u00e1cter de Cuadro Tarifario Provincial;<\/p>\n\n\n\n<p>Que, en \u00e9ste sentido, los Cuadros Tarifarios presentado por ENERSA en fecha 27 de julio de 2003, incluye el traslado en su justa incidencia de los Precios de Referencia de la Potencia, Precio Estabilizado de la Energ\u00eda y Precio Estabilizado del Transporte para la demanda de energ\u00eda el\u00e9ctrica declarada por los Agentes Distribuidores y\/o Prestadores del Servicio P\u00fablico de Distribuci\u00f3n del MEM, establecidos por Resoluci\u00f3n N\u00b0 612\/23 de la Secretar\u00eda de Energ\u00eda del Ministerio de Econom\u00eda de la Naci\u00f3n, para cada una de las categor\u00edas de usuarios;<\/p>\n\n\n\n<p>Que, en la elaboraci\u00f3n de los nuevos Cuadros Tarifarios de la Provincia para el trimestre agosto a octubre de 2023l, se considera la cobertura de la derogada Tarifa El\u00e9ctrica Social Nacional de acuerdo a la Resoluci\u00f3n N\u00ba 320\/23 de la Secretar\u00eda Ministerial de Energ\u00eda de Entre R\u00edos;<\/p>\n\n\n\n<p>Que se han producido los correspondientes dict\u00e1menes t\u00e9cnicos de las \u00e1reas de competencia funcional del EPRE, que obran agregados al expediente de referencia y cuyos fundamentos t\u00e9cnicos integran la presente;<\/p>\n\n\n\n<p>Que el Ente Provincial Regulador de la Energ\u00eda est\u00e1 facultado para el dictado de la presente, en virtud de lo dispuesto en los Art\u00edculos 48\u00ba inciso b) y 56\u00ba inciso g) de la Ley N\u00ba 8.916 y en el Anexo IV del Contrato de Concesi\u00f3n de la Distribuidora ENERSA;<\/p>\n\n\n\n<p>Que por Decreto N\u00ba 1127\/96 MEOSP se dispuso la intervenci\u00f3n de este Ente, y por Decreto N\u00b0 168 MPIS de fecha 11\/12\/2019 se ha designado Interventor del Organismo al Dr. Jos\u00e9 Carlos Halle;<\/p>\n\n\n\n<p><strong>EL INTERVENTOR DEL EPRE<\/strong><\/p>\n\n\n\n<p><strong>R E S U E L V E:<\/strong><\/p>\n\n\n\n<p><strong><u>ARTICULO 1\u00ba:<\/u><\/strong> Aprobar los valores de los cuadros tarifarios que obra en los Anexos I, II y III, para el per\u00edodo comprendido entre los meses de agosto, septiembre y octubre del a\u00f1o 2023, respectivamente, el cual contiene las categor\u00edas de usuarios y el traslado en su justa incidencia conforme a los precios de energ\u00eda y potencia establecidos por Resoluci\u00f3n 2023-612-APNSE#MEC .<\/p>\n\n\n\n<p><strong><u>ARTICULO 2\u00ba<\/u>:<\/strong> Considerar de aplicaci\u00f3n de los Precios de Referencia de la Potencia (POTREF) y el Precio Estabilizado de la Energ\u00eda (PEE) en el MEM que se detallan a continuaci\u00f3n:<\/p>\n\n\n\n<figure class=\"wp-block-image size-full\"><img loading=\"lazy\" decoding=\"async\" width=\"1058\" height=\"1221\" src=\"https:\/\/epre.gov.ar\/web\/wp-content\/uploads\/2023\/07\/1172023.png\" alt=\"\" class=\"wp-image-6163\" srcset=\"https:\/\/epre.gov.ar\/web\/wp-content\/uploads\/2023\/07\/1172023.png 1058w, https:\/\/epre.gov.ar\/web\/wp-content\/uploads\/2023\/07\/1172023-260x300.png 260w, https:\/\/epre.gov.ar\/web\/wp-content\/uploads\/2023\/07\/1172023-225x260.png 225w, https:\/\/epre.gov.ar\/web\/wp-content\/uploads\/2023\/07\/1172023-768x886.png 768w, https:\/\/epre.gov.ar\/web\/wp-content\/uploads\/2023\/07\/1172023-300x346.png 300w, https:\/\/epre.gov.ar\/web\/wp-content\/uploads\/2023\/07\/1172023-850x981.png 850w\" sizes=\"auto, (max-width: 1058px) 100vw, 1058px\" \/><\/figure>\n\n\n\n<p><strong><u>ARTICULO 3\u00ba<\/u><\/strong><strong>: <\/strong>Disponer que la vigencia del Cuadro Tarifario aprobado por la presente resoluci\u00f3n, queda condicionado a que no se produzcan nuevas modificaciones en los precios mayoristas de energ\u00eda, potencia y\/o transporte en el Mercado El\u00e9ctrico Mayorista (MEM) por parte de la Secretar\u00eda de Energ\u00eda El\u00e9ctrica de la Naci\u00f3n (SEN), en cuyo caso podr\u00e1n las Distribuidoras presentar a este ENTE para su an\u00e1lisis y aprobaci\u00f3n los nuevos valores del Cuadro Tarifario.<\/p>\n\n\n\n<p><strong><u>ARTICULO 4\u00ba<\/u><\/strong><strong>:<\/strong> Ratificar la vigencia de los Art\u00edculos 4\u00b0, 5\u00b0 y 6\u00b0 de la Resoluci\u00f3n EPRE N\u00b0 91\/23, de fecha 16 de junio de 2023.<\/p>\n\n\n\n<p><strong><u>ARTICULO 5\u00ba<\/u><\/strong><strong>:<\/strong> Registrar, notificar al Poder Concedente, a la Secretar\u00eda Ministerial de Energ\u00eda de la Provincia de Entre R\u00edos, a las Distribuidoras Provinciales, publicar en el Bolet\u00edn Oficial, P\u00e1gina Web del EPRE y, oportunamente, archivar.<\/p>\n","protected":false},"excerpt":{"rendered":"<p>RESOLUCI\u00d3N EPRE N\u00b0 107\/2023EXPTE. N\u00b0 2887929EXPTE EPRE N\u00b0 225\/23 PARAN\u00c1, 28 de julio de 2023 Descargar resoluci\u00f3n y anexos en formato PDF haciendo clic aqu\u00ed VISTO: La Resoluci\u00f3n de la Secretaria de Energ\u00eda de la Naci\u00f3n: RESOL-2023-612-APN-SE#MEC, las Resoluciones EPRE N\u00b0 219\/22, N\u00b0 62\/23 y N\u00ba 91\/23 y la Nota GC N\u00b0 182\/2023 de ENERSA [&hellip;]<\/p>\n","protected":false},"author":1,"featured_media":5646,"comment_status":"closed","ping_status":"closed","sticky":false,"template":"","format":"standard","meta":{"footnotes":""},"categories":[8],"tags":[],"class_list":["post-6161","post","type-post","status-publish","format-standard","has-post-thumbnail","hentry","category-resoluciones"],"_links":{"self":[{"href":"https:\/\/epre.gov.ar\/web\/wp-json\/wp\/v2\/posts\/6161","targetHints":{"allow":["GET"]}}],"collection":[{"href":"https:\/\/epre.gov.ar\/web\/wp-json\/wp\/v2\/posts"}],"about":[{"href":"https:\/\/epre.gov.ar\/web\/wp-json\/wp\/v2\/types\/post"}],"author":[{"embeddable":true,"href":"https:\/\/epre.gov.ar\/web\/wp-json\/wp\/v2\/users\/1"}],"replies":[{"embeddable":true,"href":"https:\/\/epre.gov.ar\/web\/wp-json\/wp\/v2\/comments?post=6161"}],"version-history":[{"count":2,"href":"https:\/\/epre.gov.ar\/web\/wp-json\/wp\/v2\/posts\/6161\/revisions"}],"predecessor-version":[{"id":6165,"href":"https:\/\/epre.gov.ar\/web\/wp-json\/wp\/v2\/posts\/6161\/revisions\/6165"}],"wp:featuredmedia":[{"embeddable":true,"href":"https:\/\/epre.gov.ar\/web\/wp-json\/wp\/v2\/media\/5646"}],"wp:attachment":[{"href":"https:\/\/epre.gov.ar\/web\/wp-json\/wp\/v2\/media?parent=6161"}],"wp:term":[{"taxonomy":"category","embeddable":true,"href":"https:\/\/epre.gov.ar\/web\/wp-json\/wp\/v2\/categories?post=6161"},{"taxonomy":"post_tag","embeddable":true,"href":"https:\/\/epre.gov.ar\/web\/wp-json\/wp\/v2\/tags?post=6161"}],"curies":[{"name":"wp","href":"https:\/\/api.w.org\/{rel}","templated":true}]}}