{"id":6125,"date":"2023-07-19T13:35:28","date_gmt":"2023-07-19T13:35:28","guid":{"rendered":"https:\/\/epre.gov.ar\/web\/?p=6125"},"modified":"2023-07-19T13:35:29","modified_gmt":"2023-07-19T13:35:29","slug":"argentina-y-la-ue-llegan-a-un-acuerdo-de-cooperacion-en-energia","status":"publish","type":"post","link":"https:\/\/epre.gov.ar\/web\/argentina-y-la-ue-llegan-a-un-acuerdo-de-cooperacion-en-energia\/","title":{"rendered":"Argentina y la UE llegan a un acuerdo de cooperaci\u00f3n en energ\u00eda."},"content":{"rendered":"\n<p>El memorando de entendimiento fue firmado por la presidenta de la Comisi\u00f3n Europea, Ursula von der Leyen, y el presidente de Argentina, Alberto Fern\u00e1ndez.<\/p>\n\n\n\n<p>La Uni\u00f3n Europea y Argentina rubricaron hoy un acuerdo sobre energ\u00eda que establece una alianza entre ambas partes para colaborar en diversos aspectos, tales como fomentar las energ\u00edas sustentables, promover la utilizaci\u00f3n del hidr\u00f3geno como fuente de energ\u00eda, disminuir las emisiones de metano y avanzar en una transici\u00f3n ecol\u00f3gica equitativa desde el punto de vista social.<\/p>\n\n\n\n<p>Durante la celebraci\u00f3n de la cumbre UE-Celac, la presidenta de la Comisi\u00f3n Europea, Ursula von der Leyen, y el presidente de Argentina, Alberto Fern\u00e1ndez, rubricaron un acuerdo de entendimiento. Este importante documento fue firmado en el contexto de dicho encuentro y cont\u00f3 con la presencia destacada de la comisaria de Energ\u00eda del Ejecutivo comunitario, Kadri Simson, as\u00ed como del canciller argentino de Exteriores, Santiago Cafiero.<\/p>\n\n\n\n<p>En un comunicado, la representante alemana resalt\u00f3 la relevancia de nuestra colaboraci\u00f3n en el \u00e1mbito energ\u00e9tico como una esfera sumamente prometedora para asegurar una transici\u00f3n equitativa y ecol\u00f3gica en ambas regiones. Asimismo, afirm\u00f3 que este acuerdo ser\u00e1 un referente y moldear\u00e1 la cooperaci\u00f3n entre la Uni\u00f3n Europea y Argentina en los a\u00f1os venideros.<\/p>\n\n\n\n<p>Espec\u00edficamente, ambas partes se comprometen a fomentar y promover el desarrollo de energ\u00edas renovables y la eficiencia energ\u00e9tica. Adem\u00e1s, acuerdan impulsar la utilizaci\u00f3n del hidr\u00f3geno y sus derivados en procesos industriales, transporte y almacenamiento de energ\u00eda.<\/p>\n\n\n\n<p>Por otra parte, la Uni\u00f3n Europea y Argentina se comprometen a colaborar en la reducci\u00f3n de las emisiones de metano en la cadena de suministro de combustibles f\u00f3siles, en la medida m\u00e1s avanzada que permita la tecnolog\u00eda. Esto implica la investigaci\u00f3n de nuevas innovaciones para disminuir la liberaci\u00f3n y combusti\u00f3n de dichos gases, evitando su escape al m\u00e1ximo nivel posible.<\/p>\n\n\n\n<p>En ese sentido, el acuerdo resalta la importancia de garantizar el cumplimiento de la legislaci\u00f3n ambiental relevante de la Uni\u00f3n Europea y Argentina en futuras inversiones en proyectos o actividades prometedoras.<\/p>\n\n\n\n<p>Asimismo, enfatiza la necesidad de tener en cuenta las inquietudes sobre la disminuci\u00f3n de la diversidad biol\u00f3gica y asegurar la protecci\u00f3n, conservaci\u00f3n y rehabilitaci\u00f3n de los sistemas acu\u00e1ticos y los ecosistemas relacionados.<\/p>\n\n\n\n<p>Adem\u00e1s, el documento destaca la vitalidad de llevar a cabo una transici\u00f3n energ\u00e9tica equitativa que respete los intereses de las comunidades locales.<\/p>\n\n\n\n<p>La capital de B\u00e9lgica resalt\u00f3 que la Uni\u00f3n Europea y Argentina mantienen una comunicaci\u00f3n s\u00f3lida y establecida en el \u00e1mbito energ\u00e9tico, abordando tem\u00e1ticas como las energ\u00edas renovables, la eficiencia energ\u00e9tica, el hidr\u00f3geno y el gas natural. Esta relaci\u00f3n se sustenta en las declaraciones, iniciativas y acuerdos establecidos durante el Di\u00e1logo de Alto Nivel en Energ\u00eda y en la Duod\u00e9cima Comisi\u00f3n Mixta de Cooperaci\u00f3n entre la Uni\u00f3n Europea y Argentina, llevada a cabo en Buenos Aires el 22 de junio de 2022.<\/p>\n\n\n\n<p>Fuente: https:\/\/www.todojujuy.com\/politica\/argentina-y-la-ue-llegan-un-acuerdo-cooperacion-energia-n236863<\/p>\n\n\n\n<p><\/p>\n","protected":false},"excerpt":{"rendered":"<p>El memorando de entendimiento fue firmado por la presidenta de la Comisi\u00f3n Europea, Ursula von der Leyen, y el presidente de Argentina, Alberto Fern\u00e1ndez. La Uni\u00f3n Europea y Argentina rubricaron hoy un acuerdo sobre energ\u00eda que establece una alianza entre ambas partes para colaborar en diversos aspectos, tales como fomentar las energ\u00edas sustentables, promover la [&hellip;]<\/p>\n","protected":false},"author":1,"featured_media":6126,"comment_status":"closed","ping_status":"closed","sticky":false,"template":"","format":"standard","meta":{"footnotes":""},"categories":[1],"tags":[],"class_list":["post-6125","post","type-post","status-publish","format-standard","has-post-thumbnail","hentry","category-noticias"],"_links":{"self":[{"href":"https:\/\/epre.gov.ar\/web\/wp-json\/wp\/v2\/posts\/6125","targetHints":{"allow":["GET"]}}],"collection":[{"href":"https:\/\/epre.gov.ar\/web\/wp-json\/wp\/v2\/posts"}],"about":[{"href":"https:\/\/epre.gov.ar\/web\/wp-json\/wp\/v2\/types\/post"}],"author":[{"embeddable":true,"href":"https:\/\/epre.gov.ar\/web\/wp-json\/wp\/v2\/users\/1"}],"replies":[{"embeddable":true,"href":"https:\/\/epre.gov.ar\/web\/wp-json\/wp\/v2\/comments?post=6125"}],"version-history":[{"count":1,"href":"https:\/\/epre.gov.ar\/web\/wp-json\/wp\/v2\/posts\/6125\/revisions"}],"predecessor-version":[{"id":6127,"href":"https:\/\/epre.gov.ar\/web\/wp-json\/wp\/v2\/posts\/6125\/revisions\/6127"}],"wp:featuredmedia":[{"embeddable":true,"href":"https:\/\/epre.gov.ar\/web\/wp-json\/wp\/v2\/media\/6126"}],"wp:attachment":[{"href":"https:\/\/epre.gov.ar\/web\/wp-json\/wp\/v2\/media?parent=6125"}],"wp:term":[{"taxonomy":"category","embeddable":true,"href":"https:\/\/epre.gov.ar\/web\/wp-json\/wp\/v2\/categories?post=6125"},{"taxonomy":"post_tag","embeddable":true,"href":"https:\/\/epre.gov.ar\/web\/wp-json\/wp\/v2\/tags?post=6125"}],"curies":[{"name":"wp","href":"https:\/\/api.w.org\/{rel}","templated":true}]}}