{"id":6113,"date":"2023-07-13T14:28:08","date_gmt":"2023-07-13T14:28:08","guid":{"rendered":"https:\/\/epre.gov.ar\/web\/?p=6113"},"modified":"2023-07-13T14:28:09","modified_gmt":"2023-07-13T14:28:09","slug":"13-de-julio-dia-del-trabajador-de-la-electricidad","status":"publish","type":"post","link":"https:\/\/epre.gov.ar\/web\/13-de-julio-dia-del-trabajador-de-la-electricidad\/","title":{"rendered":"13 DE JULIO, D\u00cdA DEL TRABAJADOR DE LA ELECTRICIDAD"},"content":{"rendered":"\n<p>Hoy se celebra el D\u00eda del Trabajador de la Electricidad en conmemoraci\u00f3n a la creaci\u00f3n de la Federaci\u00f3n Argentina de Trabajadores de Luz y Fuerza (FATLyF), el 13 de julio de 1948 con la participaci\u00f3n de 29 organizaciones gremiales.<\/p>\n\n\n\n<p>La creciente organizaci\u00f3n de sindicatos el\u00e9ctricos en Argentina se aceler\u00f3 como respuesta a los atropellos que se comet\u00edan contra los trabajadores de las empresas privadas de electricidad que estaban en manos de capitales extranjeros.&nbsp;<strong>Hasta 1943, exist\u00edan solo dos sindicatos de Luz y Fuerza<\/strong>:&nbsp;<strong>Tucum\u00e1n<\/strong>&nbsp;(con 24 a\u00f1os de existencia) y&nbsp;<strong>Rosario<\/strong>&nbsp;(con 15 a\u00f1os).<\/p>\n\n\n\n<p>A partir de ese momento, en tan solo cinco a\u00f1os, se fundaron otros cinco. La creaci\u00f3n de la&nbsp;<strong>FATLyF&nbsp;<\/strong>ocurri\u00f3 un mes despu\u00e9s de la hist\u00f3rica&nbsp;<strong>movilizaci\u00f3n obrera<\/strong>&nbsp;que tuvo lugar en Buenos Aires, gracias a la cual se logr\u00f3 la<strong>&nbsp;liberaci\u00f3n&nbsp;<\/strong>del ex presidente<strong>&nbsp;Juan Domingo Per\u00f3n<\/strong>.<\/p>\n\n\n\n<p>El 31 de agosto de 1949 firmaron el primer&nbsp;<strong>Convenio Colectivo de Trabajo de alcance nacional con el sector el\u00e9ctrico<\/strong>&nbsp;e intituyeron el<strong>&nbsp;13 de julio como D\u00eda del Trabajador de la Electricidad<\/strong>.<\/p>\n\n\n\n<p>Actualmente la&nbsp;<strong>Federaci\u00f3n Argentina de Trabajadores de Luz y Fuerza&nbsp;<\/strong>nuclea a&nbsp;<strong>41 sindicatos de Luz y Fuerza&nbsp;<\/strong>distribuidos en toda la Argentina, los cuales cuentan con m\u00e1s de&nbsp;<strong>60 mil afiliados directos<\/strong>&nbsp;y alrededor de 280.000 indirectos.<\/p>\n\n\n\n<p>Los&nbsp;<strong>trabajadores del sector el\u00e9ctrico<\/strong>&nbsp;desarrollan una actividad laboral que figura en la&nbsp;<strong>tercera posici\u00f3n en los \u00edndices de fallecidos por Accidentes de trabajo y\/o enfermedades profesionales<\/strong>. En el&nbsp;<strong>90%<\/strong>&nbsp;<strong>de los casos&nbsp;<\/strong>en que se producen accidentes laborales, los&nbsp;<strong>desenlaces son fatales<\/strong>.<\/p>\n\n\n\n<p>Con motivo de la celebraci\u00f3n de esta jornada de<strong>&nbsp;lucha por los derechos de los trabajadores de la energ\u00eda el\u00e9ctrica argentina<\/strong>, cada a\u00f1o se realiza una&nbsp;<strong>marcha sindical&nbsp;<\/strong>para simbolizar el poder que tienen si se muestran todos unidos. Este a\u00f1o, el&nbsp;<strong>asueto<\/strong>&nbsp;por el d\u00eda del trabajador electricista&nbsp;<strong>se corre al viernes 16<\/strong>.<\/p>\n","protected":false},"excerpt":{"rendered":"<p>Hoy se celebra el D\u00eda del Trabajador de la Electricidad en conmemoraci\u00f3n a la creaci\u00f3n de la Federaci\u00f3n Argentina de Trabajadores de Luz y Fuerza (FATLyF), el 13 de julio de 1948 con la participaci\u00f3n de 29 organizaciones gremiales. La creciente organizaci\u00f3n de sindicatos el\u00e9ctricos en Argentina se aceler\u00f3 como respuesta a los atropellos que [&hellip;]<\/p>\n","protected":false},"author":1,"featured_media":6115,"comment_status":"closed","ping_status":"closed","sticky":false,"template":"","format":"standard","meta":{"footnotes":""},"categories":[1],"tags":[],"class_list":["post-6113","post","type-post","status-publish","format-standard","has-post-thumbnail","hentry","category-noticias"],"_links":{"self":[{"href":"https:\/\/epre.gov.ar\/web\/wp-json\/wp\/v2\/posts\/6113","targetHints":{"allow":["GET"]}}],"collection":[{"href":"https:\/\/epre.gov.ar\/web\/wp-json\/wp\/v2\/posts"}],"about":[{"href":"https:\/\/epre.gov.ar\/web\/wp-json\/wp\/v2\/types\/post"}],"author":[{"embeddable":true,"href":"https:\/\/epre.gov.ar\/web\/wp-json\/wp\/v2\/users\/1"}],"replies":[{"embeddable":true,"href":"https:\/\/epre.gov.ar\/web\/wp-json\/wp\/v2\/comments?post=6113"}],"version-history":[{"count":1,"href":"https:\/\/epre.gov.ar\/web\/wp-json\/wp\/v2\/posts\/6113\/revisions"}],"predecessor-version":[{"id":6116,"href":"https:\/\/epre.gov.ar\/web\/wp-json\/wp\/v2\/posts\/6113\/revisions\/6116"}],"wp:featuredmedia":[{"embeddable":true,"href":"https:\/\/epre.gov.ar\/web\/wp-json\/wp\/v2\/media\/6115"}],"wp:attachment":[{"href":"https:\/\/epre.gov.ar\/web\/wp-json\/wp\/v2\/media?parent=6113"}],"wp:term":[{"taxonomy":"category","embeddable":true,"href":"https:\/\/epre.gov.ar\/web\/wp-json\/wp\/v2\/categories?post=6113"},{"taxonomy":"post_tag","embeddable":true,"href":"https:\/\/epre.gov.ar\/web\/wp-json\/wp\/v2\/tags?post=6113"}],"curies":[{"name":"wp","href":"https:\/\/api.w.org\/{rel}","templated":true}]}}