{"id":6109,"date":"2023-07-07T12:00:27","date_gmt":"2023-07-07T12:00:27","guid":{"rendered":"https:\/\/epre.gov.ar\/web\/?p=6109"},"modified":"2023-07-07T12:00:28","modified_gmt":"2023-07-07T12:00:28","slug":"inta-tendra-un-parque-solar-para-su-autoabastecimiento-energetico","status":"publish","type":"post","link":"https:\/\/epre.gov.ar\/web\/inta-tendra-un-parque-solar-para-su-autoabastecimiento-energetico\/","title":{"rendered":"INTA tendr\u00e1 un parque solar para su autoabastecimiento energ\u00e9tico."},"content":{"rendered":"\n<p>Mariano Garmendia -presidente del INTA- y Juan Carlos Caparros -presidente del Directorio en Energ\u00eda Provincial Sociedad del Estado (EPSE)- firmaron un convenio para la construcci\u00f3n del parque con paneles fotovoltaicos en el predio del INTA San Juan, que permitir\u00e1 generar 7.500 MWh\/a\u00f1o, lo que equivale a casi el 50 % de la energ\u00eda el\u00e9ctrica que demanda el INTA en todo el pa\u00eds. Un proyecto que potencia la soberan\u00eda energ\u00e9tica nacional e impulsa el uso de tecnolog\u00edas sustentables.<\/p>\n\n\n\n<p>Reunidos en la sede del INTA San Juan, Mariano Garmendia -presidente del INTA- y Juan Carlos Caparros -presidente del Directorio en Energ\u00eda Provincial Sociedad del Estado (EPSE)- firmaron un convenio para la construcci\u00f3n de un parque solar con paneles fotovoltaicos en el predio del INTA San Juan que permitir\u00e1 generar 7.500 MWh\/a\u00f1o, lo que equivale a casi el 50 % de la energ\u00eda el\u00e9ctrica que demanda en todo el pa\u00eds el INTA, un organismo dependiente de la Secretar\u00eda de Agricultura de la Naci\u00f3n.<\/p>\n\n\n\n<p>Del acto tambi\u00e9n participaron Carlos Parera -director nacional del INTA-, Claudio Galmarini -director del centro regional Mendoza-San Juan del INTA-, Sergio Melgarejo, miembro del consejo directivo del INTA y presidente de INTeA, Ramiro Gasc\u00f3n -secretario de Agua y Energ\u00eda de San Juan- y Armando S\u00e1nchez -intendente de la Municipalidad de Pocito, San Juan-, entre numerosas autoridades institucionales, provinciales y municipales.<\/p>\n\n\n\n<p>En su discurso, Garmendia destac\u00f3 el trabajo articulado del INTA con EPSE: \u201cNos llena de orgullo que el Estado pueda tener una empresa estatal de la calidad que es EPSE\u201d. Y agreg\u00f3: \u201cEsto es parte de una estrategia que tenemos como instituci\u00f3n en l\u00ednea con el uso eficiente de energ\u00eda y la implementaci\u00f3n de energ\u00edas limpias. Vamos a ser un faro para otras instituciones de Ciencia y Tecnolog\u00eda\u201d.<\/p>\n\n\n\n<p>Adem\u00e1s, detall\u00f3: \u201cEn materia energ\u00e9tica, debemos tener una visi\u00f3n a corto, mediano y largo plazo con compromiso y con gesti\u00f3n diaria\u201d. En esta misma l\u00ednea, Parera celebr\u00f3 el proyecto y subray\u00f3 la necesidad de \u201cser cada vez m\u00e1s cuidadosos con el ambiente, tenemos que reducir la emisi\u00f3n de gases de efecto invernadero y las energ\u00edas renovables son precisamente una oportunidad y en esto estamos enmarcados\u201d.<\/p>\n\n\n\n<p>A su turno, Caparr\u00f3s explic\u00f3 que \u201cSan Juan cuenta con 19 Parques Solares en operaci\u00f3n, tenemos 460 MWh de potencia instalada, lo que hoy representa aproximadamente el 39 % del consumo de la energ\u00eda que tiene San Juan y en algunas horas del d\u00eda pr\u00e1cticamente cubrimos el 100 %, pero como porcentaje en energ\u00eda solamente solar\u201d.<\/p>\n\n\n\n<p>En referencia al convenio con el INTA, Caparr\u00f3s explic\u00f3 que \u201cla principal funci\u00f3n del EPSE va a ser acompa\u00f1ar en todo este proceso del desarrollo del parque solar y luego en el proceso de adquisiciones de los componentes y en la etapa de asesorarlo en todo lo que es la etapa de construcci\u00f3n\u201d.<\/p>\n\n\n\n<p>Por su parte, M\u00f3nica Ruiz, directora del INTA San Juan, reconoci\u00f3 que \u201cesta generaci\u00f3n de energ\u00eda pretende cumplir con el objetivo de tener una instituci\u00f3n que sea autosustentable, con el uso de energ\u00edas sustentables. La generaci\u00f3n del parque cubrir\u00e1 entre el 50% y el 60% de la energ\u00eda que necesita el INTA de todo el pa\u00eds\u201d.<\/p>\n\n\n\n<p>Adem\u00e1s, detall\u00f3: \u201cSi bien con la primera parte se busca abastecer casi el 60 % de la energ\u00eda necesaria para toda nuestra instituci\u00f3n, en un futuro se pretende trabajar en la segunda etapa que concluir\u00e1 con la producci\u00f3n de energ\u00eda para cubrir la demanda de todas las experimentales del pa\u00eds\u201d.<\/p>\n\n\n\n<p><strong>Un convenio por el autoabastecimiento energ\u00e9tico<\/strong><\/p>\n\n\n\n<p>El convenio entre INTA y Energ\u00eda Provincial Sociedad del Estado (EPSE) establece un marco de cooperaci\u00f3n para llevar a cabo actividades cient\u00edficas, t\u00e9cnicas y acad\u00e9micas vinculadas a la generaci\u00f3n de energ\u00eda solar fotovoltaica. Mediante esta alianza estrat\u00e9gica se pondr\u00e1 en marcha la Etapa 1 de la construcci\u00f3n de un Parque Solar de 3 MWp que genera aproximadamente 7.500 MWh\/a\u00f1o, lo que equivale a casi el 50 % de la demanda el\u00e9ctrica del conjunto de sedes del INTA en el pa\u00eds.<\/p>\n\n\n\n<p>Mediante este acuerdo de cooperaci\u00f3n cient\u00edfica, t\u00e9cnica y acad\u00e9mica, EPSE y el INTA realizar\u00e1n el relevamiento y an\u00e1lisis de los estudios el\u00e9ctricos y de los datos de radiaci\u00f3n solar disponibles para la construcci\u00f3n de una planta fotovoltaica.<\/p>\n\n\n\n<p>Para esto, EPSE aportar\u00e1 los recursos humanos para la definici\u00f3n, dise\u00f1o, construcci\u00f3n y operaci\u00f3n de centrales solares fotovoltaicas de potencia, adem\u00e1s de participar de manera continua en la investigaci\u00f3n, el desarrollo y la innovaci\u00f3n de la energ\u00eda solar con el fin de mantener competitivo al sector.<\/p>\n\n\n\n<p>Por su parte, el INTA ha determinado de manera institucional, la necesidad de incorporar una central de energ\u00eda solar para la generaci\u00f3n y\/o autoconsumo de las distintas sedes que posee en territorio argentino, raz\u00f3n por la que accede a los servicios de EPSE.<\/p>\n\n\n\n<p>El proyecto, cuya ejecuci\u00f3n y administraci\u00f3n estar\u00e1 a cargo de INTeA tiene por objetivo mejorar la gesti\u00f3n ambiental de INTA y ofrecer al sector agroalimentario soluciones innovadoras para sus procesos productivos.<\/p>\n\n\n\n<p>Fuente: https:\/\/www.argentina.gob.ar\/noticias\/inta-tendra-un-parque-solar-para-su-autoabastecimiento-energetico<\/p>\n\n\n\n<p><\/p>\n","protected":false},"excerpt":{"rendered":"<p>Mariano Garmendia -presidente del INTA- y Juan Carlos Caparros -presidente del Directorio en Energ\u00eda Provincial Sociedad del Estado (EPSE)- firmaron un convenio para la construcci\u00f3n del parque con paneles fotovoltaicos en el predio del INTA San Juan, que permitir\u00e1 generar 7.500 MWh\/a\u00f1o, lo que equivale a casi el 50 % de la energ\u00eda el\u00e9ctrica que [&hellip;]<\/p>\n","protected":false},"author":1,"featured_media":6110,"comment_status":"closed","ping_status":"closed","sticky":false,"template":"","format":"standard","meta":{"footnotes":""},"categories":[1],"tags":[],"class_list":["post-6109","post","type-post","status-publish","format-standard","has-post-thumbnail","hentry","category-noticias"],"_links":{"self":[{"href":"https:\/\/epre.gov.ar\/web\/wp-json\/wp\/v2\/posts\/6109","targetHints":{"allow":["GET"]}}],"collection":[{"href":"https:\/\/epre.gov.ar\/web\/wp-json\/wp\/v2\/posts"}],"about":[{"href":"https:\/\/epre.gov.ar\/web\/wp-json\/wp\/v2\/types\/post"}],"author":[{"embeddable":true,"href":"https:\/\/epre.gov.ar\/web\/wp-json\/wp\/v2\/users\/1"}],"replies":[{"embeddable":true,"href":"https:\/\/epre.gov.ar\/web\/wp-json\/wp\/v2\/comments?post=6109"}],"version-history":[{"count":1,"href":"https:\/\/epre.gov.ar\/web\/wp-json\/wp\/v2\/posts\/6109\/revisions"}],"predecessor-version":[{"id":6111,"href":"https:\/\/epre.gov.ar\/web\/wp-json\/wp\/v2\/posts\/6109\/revisions\/6111"}],"wp:featuredmedia":[{"embeddable":true,"href":"https:\/\/epre.gov.ar\/web\/wp-json\/wp\/v2\/media\/6110"}],"wp:attachment":[{"href":"https:\/\/epre.gov.ar\/web\/wp-json\/wp\/v2\/media?parent=6109"}],"wp:term":[{"taxonomy":"category","embeddable":true,"href":"https:\/\/epre.gov.ar\/web\/wp-json\/wp\/v2\/categories?post=6109"},{"taxonomy":"post_tag","embeddable":true,"href":"https:\/\/epre.gov.ar\/web\/wp-json\/wp\/v2\/tags?post=6109"}],"curies":[{"name":"wp","href":"https:\/\/api.w.org\/{rel}","templated":true}]}}