{"id":6100,"date":"2023-07-05T13:54:18","date_gmt":"2023-07-05T13:54:18","guid":{"rendered":"https:\/\/epre.gov.ar\/web\/?p=6100"},"modified":"2023-07-05T13:54:20","modified_gmt":"2023-07-05T13:54:20","slug":"instalaran-los-primeros-arboles-solares-hechos-por-un-grupo-de-cooperativas","status":"publish","type":"post","link":"https:\/\/epre.gov.ar\/web\/instalaran-los-primeros-arboles-solares-hechos-por-un-grupo-de-cooperativas\/","title":{"rendered":"Instalar\u00e1n los primeros \u00e1rboles solares hechos por un grupo de cooperativas."},"content":{"rendered":"\n<p><em>Estar\u00e1n ubicados en la localidad de Castelli. Permitir\u00e1n proveer energ\u00eda de manera sustentable, a trav\u00e9s de paneles solares. <\/em>\u00a0<\/p>\n\n\n\n<p>Un grupo de cooperativas avanza con la instalaci\u00f3n de \u00e1rboles solares en algunas de las m\u00e1s de 50 localidades que integran la Red de Municipios Cooperativos. Las agrupaciones que promueven esta acci\u00f3n son Creando Conciencia de Tigre (reciclaje), Eco Tec de Berazategui (energ\u00edas renovables), y Cooperar 7 de Mayo de la localidad santafesina de Villa Constituci\u00f3n (log\u00edstica y construcci\u00f3n). Tambi\u00e9n cuenta con el apoyo de la Cooperativa El\u00e9ctrica de Castelli \u2013CUECCA.<\/p>\n\n\n\n<p>El proyecto, que surgi\u00f3 en el seno de la Federaci\u00f3n de Cooperativas de Trabajo de la Rep\u00fablica Argentina (FECOOTRA) y la Confederaci\u00f3n Argentina de Trabajadores Cooperativos Asociados&nbsp;(CONARCOOP), se encuentra en la etapa final de la ejecuci\u00f3n.<\/p>\n\n\n\n<p>La iniciativa tambi\u00e9n cuenta con el respaldo del ministerio de Producci\u00f3n, Ciencia e Innovaci\u00f3n Tecnol\u00f3gica de la provincia de Buenos Aires, que otorg\u00f3 un subsidio a favor de FECOOTRA para la construcci\u00f3n de \u00e1rboles solares y paradas de micro inteligentes, en el marco del Programa \u201cCooperativas en Marcha\u201d y del subprograma \u00abProyectos de Integraci\u00f3n Cooperativa\u00bb.<br>De esta manera, se apunta a poder desarrollar e innovar con energ\u00edas alternativas brindando un servicio a la comunidad, mediante estaciones solares. As\u00ed, se podr\u00e1 proveer a la poblaci\u00f3n de energ\u00eda 12v para acceder a iluminaci\u00f3n, carga de telefon\u00eda y Wifi.<\/p>\n\n\n\n<p>El espacio que ocupa cada \u00e1rbol es de unos 3m2, con una estructura met\u00e1lica simil al tronco y sus ramas.<br>\u00a0<br>\u201cEn la que ser\u00edan las ramas, est\u00e1n montados los paneles solares provistos por EcoTec y que permiten la aucumulaci\u00f3n de energ\u00edas renovables, que se tranforman en electricidad para la carga de distintos elementos electr\u00f3nicos. Toda esta estructura es sostenida por un banco de madera pl\u00e1stica, que a su vez sirve para que las personas puedan sentarse y hacer la carga de sus arrtefactos con comodidad\u201d, describi\u00f3 el presidente de CONARCOOP y Creando Conciencia, Ramiro Mart\u00ednez. \u00a0\u00a0<\/p>\n\n\n\n<p>Mart\u00ednez detall\u00f3 que se emplazar\u00e1n en lugares p\u00fablicos donde se concentra la juventud de dicha ciudad, en el centro camionero donde tienen que esperar muchas horas con la finalidad de que puedan contar con agua caliente iluminaci\u00f3n y conectividad, y en el paseo \u201cLa Laguna\u201d, para ofrecer dichos servicios a los parroquianos, visitantes y turistas. \u201cLa idea es colocarlos en sitios visibles, recreativos y tur\u00edsticos\u201d, resalt\u00f3.<\/p>\n\n\n\n<p>Actualmente los \u00e1rboles est\u00e1n en el proceso de fabricaci\u00f3n, ensamble de partes y conexiones. \u201cYa tenemos hecho el producto final. Justo ahora comenzamos a coordinar el montaje en destino con la Cooperativa El\u00e9ctrica de Castelli \u2013CUECCA\u201d, se\u00f1al\u00f3 Mart\u00ednez.<\/p>\n\n\n\n<p>Fuente: https:\/\/argentina.corresponsables.com\/actualidad\/instalaran-los-primeros-arboles-solares-hechos-por-un-grupo-de-cooperativas<\/p>\n\n\n\n<p><\/p>\n","protected":false},"excerpt":{"rendered":"<p>Estar\u00e1n ubicados en la localidad de Castelli. Permitir\u00e1n proveer energ\u00eda de manera sustentable, a trav\u00e9s de paneles solares. \u00a0 Un grupo de cooperativas avanza con la instalaci\u00f3n de \u00e1rboles solares en algunas de las m\u00e1s de 50 localidades que integran la Red de Municipios Cooperativos. Las agrupaciones que promueven esta acci\u00f3n son Creando Conciencia de [&hellip;]<\/p>\n","protected":false},"author":1,"featured_media":6101,"comment_status":"closed","ping_status":"closed","sticky":false,"template":"","format":"standard","meta":{"footnotes":""},"categories":[1],"tags":[],"class_list":["post-6100","post","type-post","status-publish","format-standard","has-post-thumbnail","hentry","category-noticias"],"_links":{"self":[{"href":"https:\/\/epre.gov.ar\/web\/wp-json\/wp\/v2\/posts\/6100","targetHints":{"allow":["GET"]}}],"collection":[{"href":"https:\/\/epre.gov.ar\/web\/wp-json\/wp\/v2\/posts"}],"about":[{"href":"https:\/\/epre.gov.ar\/web\/wp-json\/wp\/v2\/types\/post"}],"author":[{"embeddable":true,"href":"https:\/\/epre.gov.ar\/web\/wp-json\/wp\/v2\/users\/1"}],"replies":[{"embeddable":true,"href":"https:\/\/epre.gov.ar\/web\/wp-json\/wp\/v2\/comments?post=6100"}],"version-history":[{"count":1,"href":"https:\/\/epre.gov.ar\/web\/wp-json\/wp\/v2\/posts\/6100\/revisions"}],"predecessor-version":[{"id":6102,"href":"https:\/\/epre.gov.ar\/web\/wp-json\/wp\/v2\/posts\/6100\/revisions\/6102"}],"wp:featuredmedia":[{"embeddable":true,"href":"https:\/\/epre.gov.ar\/web\/wp-json\/wp\/v2\/media\/6101"}],"wp:attachment":[{"href":"https:\/\/epre.gov.ar\/web\/wp-json\/wp\/v2\/media?parent=6100"}],"wp:term":[{"taxonomy":"category","embeddable":true,"href":"https:\/\/epre.gov.ar\/web\/wp-json\/wp\/v2\/categories?post=6100"},{"taxonomy":"post_tag","embeddable":true,"href":"https:\/\/epre.gov.ar\/web\/wp-json\/wp\/v2\/tags?post=6100"}],"curies":[{"name":"wp","href":"https:\/\/api.w.org\/{rel}","templated":true}]}}