{"id":6097,"date":"2023-07-05T12:39:28","date_gmt":"2023-07-05T12:39:28","guid":{"rendered":"https:\/\/epre.gov.ar\/web\/?p=6097"},"modified":"2023-07-05T12:39:31","modified_gmt":"2023-07-05T12:39:31","slug":"litio-la-argentina-aumenta-la-capacidad-productiva-a-200-000-toneladas-anuales","status":"publish","type":"post","link":"https:\/\/epre.gov.ar\/web\/litio-la-argentina-aumenta-la-capacidad-productiva-a-200-000-toneladas-anuales\/","title":{"rendered":"Litio: la Argentina aumenta la capacidad productiva a 200.000 toneladas anuales."},"content":{"rendered":"\n<p>Con tres proyectos en marcha y otros cinco en construcci\u00f3n, el pa\u00eds quintuplicar\u00e1 la producci\u00f3n instalada de litio. Desembarca un gigante global de las materias primas. Los desaf\u00edos pendientes. Se vienen las celdas de ion litio argentinas.<\/p>\n\n\n\n<p>El Gobierno nacional confirm\u00f3 el lanzamiento de las primeras celdas de ion litio argentinas producidas por Y-TEC con recursos naturales de Catamarca y se pronostica un crecimiento exponencial de la capacidad productva instalada de litio entre los tres proyectos en marcha y otros cinco en producci\u00f3n.<\/p>\n\n\n\n<p>La Argentina se posiciona hoy en el mercado con una capacidad de producci\u00f3n instalada de 37.500 toneladas de carbonato de litio y una producci\u00f3n anual promedio de 33.000 toneladas.<\/p>\n\n\n\n<p>Posee tres plantas de litio en funcionamiento. Dos ubicadas en Jujuy, por un lado, en el Salar de Olaroz, de la empresa Sales de Jujuy; y por otro, en el Salar Cauchari-Olaroz de la Minera EXAR; y otra en Catamarca, ubicada en el Salar del Hombre Muerto, de la empresa Livent. Estos tres proyectos posicionan al pa\u00eds como el cuarto productor a nivel mundial, luego de Australia, Chile y China; y el segundo en recursos (concentraci\u00f3n de un material de inter\u00e9s econ\u00f3mico), solo superado por Bolivia. En materia de reservas (que son los recursos con viabilidad econ\u00f3mica de explotaci\u00f3n), la Argentina es el tercer pa\u00eds, por debajo de Chile y Australia.<\/p>\n\n\n\n<p>En el corto plazo se espera que otros cinco proyectos de litio, que a la fecha se encuentran en construcci\u00f3n, entren en producci\u00f3n en Jujuy, Salta y Catamarca.<\/p>\n\n\n\n<p>Se trata de Proyecto Mariana, de la firma china Ganfeng Lithium; Centenario-Ratones de la empresa francesa Eramet; Sal de Oro, de la surcoreana POSCO que la semana pasada lanz\u00f3 la construcci\u00f3n de una segunda planta; Sal de Vida, de la australiana Allkem Lda; y Tres Quebradas, de la empresachina, Zijin Mining Group. Estos proyectos, junto a los dos que se encuentran en operaci\u00f3n que est\u00e1n expandiendo sus capacidades (Sales de Jujuy, por su lado, aumentar\u00e1 25.000 toneladas, mientras que Livent, en cada una de sus dos fases de expansi\u00f3n, sumar\u00e1 20.000 toneladas), permitir\u00e1n aumentar la capacidad productiva a m\u00e1s de 200.000 toneladas.<\/p>\n\n\n\n<p>La francesa Eramet anunci\u00f3 recientemente que el grupo de materias primas Glencore expres\u00f3 su inter\u00e9s en ayudar a financiar la producci\u00f3n de litio en el pa\u00eds y revel\u00f3 estudian un esquema de participaci\u00f3n, que implique el pago por adelantado y la comercializaci\u00f3n conjunta de litio que se producir\u00e1 a partir del pr\u00f3ximo a\u00f1o en su proyecto Centenario Rat\u00f3n.<\/p>\n\n\n\n<h2 class=\"wp-block-heading\">Las bater\u00edas de litio argentinas<\/h2>\n\n\n\n<p>A principios de 2023, a partir del trabajo en conjunto de la provincia de Catamarca e Y-TEC, se firm\u00f3 un convenio por el cual Livent proveer\u00e1 el carbonato de litio para abastecer a UNILIB, la primera planta de desarrollo tecnol\u00f3gico de celdas y bater\u00edas de Am\u00e9rica latina, que se pondr\u00e1 en marcha en conjunto con la Universidad Nacional de La Plata.<\/p>\n\n\n\n<p>La planta que se pondr\u00e1 en marcha en septiembre de este a\u00f1o, tendr\u00e1 una capacidad de producci\u00f3n anual -medida en energ\u00eda almacenada- de 15 MWh, equivalente a 2.000 bater\u00edas para almacenamiento estacionario de energ\u00edas renovables o unos 300 para autos el\u00e9ctricos.<\/p>\n\n\n\n<p>En las \u00faltimas horas la secretaria de Miner\u00eda, Fernanda \u00c1vila, y el presidente de Y-TEC, Roberto Salvarezza, anunciaron la compra de litio a la estadounidense Livent.<\/p>\n\n\n\n<p>\u201cEl desarrollo de la cadena de valor alrededor de la actividad minera es prioridad para el Gobierno y, tal cual lo indica Sergio Massa, debemos generar las condiciones para que el pa\u00eds sea un actor clave a nivel mundial&#8230;\u201d, afirm\u00f3 la funcionaria nacional, que la semana pasada particip\u00f3 en Salta de una expo de proveedores mineros de pueblos originarios de la Puna.<\/p>\n\n\n\n<p>\u201cNuestro pa\u00eds -agreg\u00f3 \u00c1vilacuenta con el capital humano y cient\u00edfico, y una industria nacional robusta para poder seguir avanzando en la cadena de valor. Este es un ejemplo concreto de eso y de que cuando la coordinaci\u00f3n entre provincia, empresas privadas y Naci\u00f3n es virtuosa y las decisiones son firmes, podemos tenerresultados concretos y beneficios para nuestro pa\u00eds\u201d.<\/p>\n\n\n\n<p>Salvarezza celebr\u00f3 que en breve se pone en marcha el UNILIB y se comenzar\u00e1 a producir las primeras celdas de bater\u00edas de ion litio en el pa\u00eds. \u201cEs importante para nosotros contar con el carbonato de litio para hacer realidad un emprendimiento que tiene m\u00e1s de 12 a\u00f1os de investigaci\u00f3n cient\u00edfica. De esta manera, las primeras celdas argentinas ser\u00e1n producidas con carbonato de litio catamarque\u00f1o\u201d, sostuvo.<\/p>\n\n\n\n<h2 class=\"wp-block-heading\">Litio: los desaf\u00edos pendientes<\/h2>\n\n\n\n<p>La obtenci\u00f3n de carbonato de litio grado bater\u00eda es un proceso que conlleva un alt\u00edsimo valor agregado, mientras impulsa el desarrollo de proveedores locales y genera empleo formal y bien remunerado en las comunidades donde se inserta. Pero hay desaf\u00edos pendientes.<\/p>\n\n\n\n<p>Un informe realizado por Fundar en conjunto con la red Green Dealings y CENIT en base a la opini\u00f3n de 600 expertos en litio record\u00f3 que Argentina, Bolivia y Chile forman una regi\u00f3n que concentra el 53% de los recursos mundiales de litio y alrededor del 80% de aquellos que se encuentran en salmueras de salares. \u201cA medida que la demanda de litio aumenta se abren nuevas oportunidades econ\u00f3micas para estos pa\u00edses. No obstante, conlleva riesgos de impactos negativos sobre el ambiente y las poblaciones que habitan los territorios donde se desarrolla la miner\u00eda de litio, y en el desaprovechamiento de oportunidades para desarrollar capacidades productivas y tecnol\u00f3gicas\u201d, advierten los especialistas en el reporte al que accedi\u00f3 \u00c1mbito.<\/p>\n\n\n\n<p>Los resultados de la encuesta indicaron un amplio acuerdo en torno a la idea de que la miner\u00eda de litio en salares enfrenta desaf\u00edos significativos de sostenibilidad. El 77% de los participantes coincidieron en que se debe abordar este problema de manera prioritaria, aun si ello implica ralentizar o incluso suspender la actividad minera.<\/p>\n\n\n\n<p>Seg\u00fan el panel, los desaf\u00edos ambientales son prioritarios. Los temas que requieren mayor atenci\u00f3n est\u00e1n vinculados al impacto de la miner\u00eda sobre el balance h\u00eddrico de la cuenca y sobre la biodiversidad del \u00e1rea donde se desarrolla la miner\u00eda.<\/p>\n\n\n\n<p>En segundo lugar, se encuentran los desaf\u00edos de car\u00e1cter social. En este caso, se destaca la necesidad de mejorar la convivencia de la actividad minera con las econom\u00edas regionales, as\u00ed como tambi\u00e9n el respeto a las pr\u00e1cticas sociales y culturales de las comunidades cercanas o vinculadas con los salares.<\/p>\n\n\n\n<p>Con relaci\u00f3n a los desaf\u00edos para lograr la sostenibilidad econ\u00f3mica, se se\u00f1ala la necesidad de que los pa\u00edses ricos en recursos de litio mejoren su capacidad para capturar el valor generado en su territorio. Con ese fin, se priorizaron dos canales: en primer lugar, que las comunidades locales logren una mayor participaci\u00f3n en los beneficios obtenidos y, en segundo orden, que la miner\u00eda establezca una vinculaci\u00f3n m\u00e1s estrecha con los actores del sistema productivo y de innovaci\u00f3n nacional.<\/p>\n\n\n\n<p>Finalmente, en el caso de los desaf\u00edos de car\u00e1cter social, se destaca la necesidad de mejorar la convivencia de la actividad minera con las econom\u00edas regionales, as\u00ed como tambi\u00e9n el respeto a las pr\u00e1cticas sociales y culturales de las comunidades cercanas o vinculadas con los salares.<\/p>\n\n\n\n<p>\u201cPara los y las expertas el concepto de justicia est\u00e1 fuertemente vinculado con temas de sostenibilidad econ\u00f3mica, por encima de la sostenibilidad ambiental y social\u201d, remarc\u00f3 el informe, y a\u00f1adi\u00f3 que el principal obst\u00e1culo es \u201cla debilidad institucional y de capacidades estatales en los pa\u00edses productores\u201d, mientras que en segunda instancia se destac\u00f3 la asimetr\u00eda de recursos que existe entre pa\u00edses demandantes y productores.<\/p>\n\n\n\n<p>Fuente: https:\/\/www.ambito.com\/energia\/litio-la-argentina-aumenta-la-capacidad-productiva-200000-toneladas-anuales-n5760190<\/p>\n\n\n\n<p><\/p>\n","protected":false},"excerpt":{"rendered":"<p>Con tres proyectos en marcha y otros cinco en construcci\u00f3n, el pa\u00eds quintuplicar\u00e1 la producci\u00f3n instalada de litio. Desembarca un gigante global de las materias primas. Los desaf\u00edos pendientes. Se vienen las celdas de ion litio argentinas. El Gobierno nacional confirm\u00f3 el lanzamiento de las primeras celdas de ion litio argentinas producidas por Y-TEC con [&hellip;]<\/p>\n","protected":false},"author":1,"featured_media":6098,"comment_status":"closed","ping_status":"closed","sticky":false,"template":"","format":"standard","meta":{"footnotes":""},"categories":[1],"tags":[],"class_list":["post-6097","post","type-post","status-publish","format-standard","has-post-thumbnail","hentry","category-noticias"],"_links":{"self":[{"href":"https:\/\/epre.gov.ar\/web\/wp-json\/wp\/v2\/posts\/6097","targetHints":{"allow":["GET"]}}],"collection":[{"href":"https:\/\/epre.gov.ar\/web\/wp-json\/wp\/v2\/posts"}],"about":[{"href":"https:\/\/epre.gov.ar\/web\/wp-json\/wp\/v2\/types\/post"}],"author":[{"embeddable":true,"href":"https:\/\/epre.gov.ar\/web\/wp-json\/wp\/v2\/users\/1"}],"replies":[{"embeddable":true,"href":"https:\/\/epre.gov.ar\/web\/wp-json\/wp\/v2\/comments?post=6097"}],"version-history":[{"count":1,"href":"https:\/\/epre.gov.ar\/web\/wp-json\/wp\/v2\/posts\/6097\/revisions"}],"predecessor-version":[{"id":6099,"href":"https:\/\/epre.gov.ar\/web\/wp-json\/wp\/v2\/posts\/6097\/revisions\/6099"}],"wp:featuredmedia":[{"embeddable":true,"href":"https:\/\/epre.gov.ar\/web\/wp-json\/wp\/v2\/media\/6098"}],"wp:attachment":[{"href":"https:\/\/epre.gov.ar\/web\/wp-json\/wp\/v2\/media?parent=6097"}],"wp:term":[{"taxonomy":"category","embeddable":true,"href":"https:\/\/epre.gov.ar\/web\/wp-json\/wp\/v2\/categories?post=6097"},{"taxonomy":"post_tag","embeddable":true,"href":"https:\/\/epre.gov.ar\/web\/wp-json\/wp\/v2\/tags?post=6097"}],"curies":[{"name":"wp","href":"https:\/\/api.w.org\/{rel}","templated":true}]}}