{"id":6094,"date":"2023-07-03T14:53:32","date_gmt":"2023-07-03T14:53:32","guid":{"rendered":"https:\/\/epre.gov.ar\/web\/?p=6094"},"modified":"2023-07-03T14:53:33","modified_gmt":"2023-07-03T14:53:33","slug":"desarrollan-una-herramienta-para-optimizar-la-produccion-conjunta-de-energia-eolica-y-solar","status":"publish","type":"post","link":"https:\/\/epre.gov.ar\/web\/desarrollan-una-herramienta-para-optimizar-la-produccion-conjunta-de-energia-eolica-y-solar\/","title":{"rendered":"Desarrollan una herramienta para optimizar la producci\u00f3n conjunta de energ\u00eda e\u00f3lica y solar."},"content":{"rendered":"\n<p>La metodolog\u00eda dise\u00f1ada por la Universidad de Murcia y el CSIC identifica las regiones donde el sol y el viento ofrecen, conjuntamente, menos fluctuaciones en la producci\u00f3n de energ\u00eda. A trav\u00e9s de la sistema Climax se pueden planificar el emplazamiento y uso compartido de estas renovables para aumentar la estabilidad del suministro.<\/p>\n\n\n\n<p>Las energ\u00edas renovables, en particular la e\u00f3lica y solar, est\u00e1n llamadas a desempe\u00f1ar un papel fundamental en la transici\u00f3n hacia sistemas energ\u00e9ticos descarbonizados para frenar el cambio clim\u00e1tico. Sin embargo, su integraci\u00f3n en los planes de desarrollo se ve comprometida debido a la intermitencia de su producci\u00f3n, sujeta a la variabilidad de las condiciones atmosf\u00e9ricas.<\/p>\n\n\n\n<p>Para hacer frente a este reto, un estudio internacional liderado por investigadores de la Universidad de Murcia y de la Plataforma Tem\u00e1tica Interdisciplinar (PTI) Clima y Servicios Clim\u00e1ticos del CSIC propone una estrategia, basada en el an\u00e1lisis de la variabilidad natural de los recursos, para planificar un despliegue de instalaciones e\u00f3licas y solares fotovoltaicas que optimice su complementariedad espacio-temporal y minimice las fluctuaciones de la producci\u00f3n conjunta de ambas energ\u00edas.<\/p>\n\n\n\n<p>El resultado de la investigaci\u00f3n se ha llevado a la pr\u00e1ctica con la creaci\u00f3n de una herramienta de libre acceso denominada Climax. Se trata de un modelo que identifica regiones con una variabilidad temporal similar de ambos recursos (solar y e\u00f3lico) y determina las cuotas \u00f3ptimas de cada tecnolog\u00eda en dichas regiones. Es decir, busca aquellos lugares donde las energ\u00edas solar y e\u00f3lica puedan ser aprovechadas al m\u00e1ximo desde una\u00a0perspectiva no individual, sino conjunta.<\/p>\n\n\n\n<p>Seg\u00fan los investigadores, una ubicaci\u00f3n \u00f3ptima de las instalaciones de cada tecnolog\u00eda reducir\u00eda hasta un 60 % las anomal\u00edas mensuales de la producci\u00f3n total de electricidad e\u00f3lica y solar.<\/p>\n\n\n\n<h2 class=\"wp-block-heading\">Proyecto piloto<\/h2>\n\n\n\n<p>A pesar del car\u00e1cter experimental y piloto de la aplicaci\u00f3n, el mero desarrollo de esta herramienta supone un avance sustancial respecto a trabajos anteriores que aportaban investigaciones estrictamente acad\u00e9micas sobre la complementariedad de ambas energ\u00edas.<\/p>\n\n\n\n<p>\u201cPresentamos una nueva metodolog\u00eda basada en la ciencia del clima para reducir la intermitencia indeseada de la generaci\u00f3n conjunta de solar y e\u00f3lica, con el objetivo de ayudar a planificar el despliegue de nuevas unidades de producci\u00f3n renovable\u201d, explican los investigadores en el art\u00edculo publicado en la revista <em>Earth\u2019s Future<\/em>.<\/p>\n\n\n\n<p>En este sentido, los expertos consideran que las regiones europeas incluidas en el an\u00e1lisis deber\u00edan hacer esfuerzos en sus pol\u00edticas energ\u00e9ticas hacia el despliegue de m\u00e1s instalaciones solares con el fin de reducir la volatilidad mes a mes de la producci\u00f3n combinada e\u00f3lica-solar. \u201cLos beneficios ser\u00edan enormes, sobre todo para regiones del sur de Europa y a nivel continental\u201d, concluyen.<\/p>\n\n\n\n<p>Fuente: https:\/\/www.agenciasinc.es\/Noticias\/Desarrollan-una-herramienta-para-optimizar-la-produccion-conjunta-de-energia-eolica-y-solar<\/p>\n\n\n\n<p><\/p>\n\n\n\n<p><\/p>\n","protected":false},"excerpt":{"rendered":"<p>La metodolog\u00eda dise\u00f1ada por la Universidad de Murcia y el CSIC identifica las regiones donde el sol y el viento ofrecen, conjuntamente, menos fluctuaciones en la producci\u00f3n de energ\u00eda. A trav\u00e9s de la sistema Climax se pueden planificar el emplazamiento y uso compartido de estas renovables para aumentar la estabilidad del suministro. Las energ\u00edas renovables, [&hellip;]<\/p>\n","protected":false},"author":1,"featured_media":6095,"comment_status":"closed","ping_status":"closed","sticky":false,"template":"","format":"standard","meta":{"footnotes":""},"categories":[1],"tags":[],"class_list":["post-6094","post","type-post","status-publish","format-standard","has-post-thumbnail","hentry","category-noticias"],"_links":{"self":[{"href":"https:\/\/epre.gov.ar\/web\/wp-json\/wp\/v2\/posts\/6094","targetHints":{"allow":["GET"]}}],"collection":[{"href":"https:\/\/epre.gov.ar\/web\/wp-json\/wp\/v2\/posts"}],"about":[{"href":"https:\/\/epre.gov.ar\/web\/wp-json\/wp\/v2\/types\/post"}],"author":[{"embeddable":true,"href":"https:\/\/epre.gov.ar\/web\/wp-json\/wp\/v2\/users\/1"}],"replies":[{"embeddable":true,"href":"https:\/\/epre.gov.ar\/web\/wp-json\/wp\/v2\/comments?post=6094"}],"version-history":[{"count":1,"href":"https:\/\/epre.gov.ar\/web\/wp-json\/wp\/v2\/posts\/6094\/revisions"}],"predecessor-version":[{"id":6096,"href":"https:\/\/epre.gov.ar\/web\/wp-json\/wp\/v2\/posts\/6094\/revisions\/6096"}],"wp:featuredmedia":[{"embeddable":true,"href":"https:\/\/epre.gov.ar\/web\/wp-json\/wp\/v2\/media\/6095"}],"wp:attachment":[{"href":"https:\/\/epre.gov.ar\/web\/wp-json\/wp\/v2\/media?parent=6094"}],"wp:term":[{"taxonomy":"category","embeddable":true,"href":"https:\/\/epre.gov.ar\/web\/wp-json\/wp\/v2\/categories?post=6094"},{"taxonomy":"post_tag","embeddable":true,"href":"https:\/\/epre.gov.ar\/web\/wp-json\/wp\/v2\/tags?post=6094"}],"curies":[{"name":"wp","href":"https:\/\/api.w.org\/{rel}","templated":true}]}}