{"id":6071,"date":"2023-06-26T14:11:13","date_gmt":"2023-06-26T14:11:13","guid":{"rendered":"https:\/\/epre.gov.ar\/web\/?p=6071"},"modified":"2023-06-26T14:11:15","modified_gmt":"2023-06-26T14:11:15","slug":"energias-renovables-para-proteger-la-naturaleza","status":"publish","type":"post","link":"https:\/\/epre.gov.ar\/web\/energias-renovables-para-proteger-la-naturaleza\/","title":{"rendered":"Energ\u00edas renovables para proteger la naturaleza."},"content":{"rendered":"\n<p>El cambio de paradigma que se est\u00e1 produciendo en las \u00faltimas d\u00e9cadas, de una econom\u00eda y producci\u00f3n de energ\u00eda basada en el carb\u00f3n y en los combustibles f\u00f3siles hacia la descarbonizaci\u00f3n, con las energ\u00edas renovables, est\u00e1 suponiendo todo un reto. Cualquier cambio de esta envergadura pasa por un periodo de adaptaci\u00f3n y socializaci\u00f3n, pero ahora ya estamos en otra fase, y es en la de buscar las mejores medidas de integraci\u00f3n. Si no, que se lo cuenten a las grandes empresas que han invertido y apostado por las energ\u00edas renovables.<\/p>\n\n\n\n<p>Desde sus inicios se ha asociado a este tipo de generaci\u00f3n de energ\u00eda un impacto sobre el medio ambiente, la afecci\u00f3n a la naturaleza, aunque los controles y los estudios de impacto ambiental previos obligan ya a tener todo bajo control. La nueva realidad en la que nos encontramos hoy en d\u00eda obliga a las empresas a que el impacto ambiental no sea negativo, y son cada vez m\u00e1s los que hacen que su impacto incluso sea neutro o positivo.<\/p>\n\n\n\n<p>Cuando pensamos en la construcci\u00f3n de una nueva infraestructura cabe pensar que siempre tienen un impacto en el medio ambiente. Esto es cierto, pero no siempre es perjudicial. Hoy d\u00eda se habla de proyectos regenerativos, \u00bfqu\u00e9 es esto? Proyectos que impactan positivamente sobre su entorno. As\u00ed se trabaja ahora en renovables, pensando en su impacto positivo, sobre el entorno y la sociedad, adem\u00e1s de en la econom\u00eda local.<\/p>\n\n\n\n<p>Hablando de sostenibilidad (tan en boga en nuestros d\u00edas) cabe plantear una triple perspectiva: social, ambiental y econ\u00f3mica. Si tenemos en cuenta estos tres pilares, estaremos hablando de un proyecto \u201credondo\u201d.<\/p>\n\n\n\n<h3 class=\"wp-block-heading\" id=\"buenas-practicas\">Buenas pr\u00e1cticas<\/h3>\n\n\n\n<p>Para el desarrollo de este tipo de proyectos \u201cperfectos\u201d (optimizados, id\u00f3neos, y todas cuantas calificaciones positivas se nos ocurran) se hace necesario pensar en esta triple visi\u00f3n. As\u00ed, surgen algunos ejemplos de buenas pr\u00e1cticas que ponen de manifiesto el impacto positivo la poblaci\u00f3n, sobre el medio y en la econom\u00eda, por ese orden, que es lo que ha de prevalecer.<\/p>\n\n\n\n<p>Un primer paso es la realizaci\u00f3n de EIAs (Evaluaciones de Impacto Ambiental). Estas garantizan un m\u00ednimo impacto en el entorno y la sostenibilidad del proyecto en t\u00e9rminos ambientales. Adem\u00e1s, se acompa\u00f1an de estudios socioecon\u00f3micos y evaluaciones del impacto social, sobre el empleo y econom\u00eda locales. Los estudios de viabilidad son clave para determinar la pertinencia de un proyecto o no.<\/p>\n\n\n\n<p>Adem\u00e1s, hoy d\u00eda se proponen soluciones mixtas. No solo en la producci\u00f3n de energ\u00eda (con centrales en las que conviven diversos tipos de renovables), si no actuaciones que permiten desarrollar varios tipos de actividades econ\u00f3micas en el mismo lugar. Es el caso de la \u201cagrivoltaica\u201d: energ\u00eda solar fotovoltaica que cohabita con la producci\u00f3n agr\u00edcola (o incluso ganadera).<\/p>\n\n\n\n<h3 class=\"wp-block-heading\" id=\"distintos-cultivos\">Distintos cultivos<\/h3>\n\n\n\n<p>Es com\u00fan ver hoy en d\u00eda pastos, ganado y otro tipo de actividades como la apicultura (cultivo de las abejas) o incluso la viticultura en una misma parcela o bajo el paraguas de las renovables. Lo mismo ocurre con la energ\u00eda e\u00f3lica, su consumo de espacio es en vertical, por lo que permite el paso, el pasto y realizar una vida cotidiana al agricultor y sus tierras, al ganadero y sus cabezas.<\/p>\n\n\n\n<p>Pero es que, adem\u00e1s, la instalaci\u00f3n de energ\u00edas renovables puede tener un impacto positivo sobre el medio. Por ejemplo, facilitan el desarrollo de cultivos herb\u00e1ceos y otro tipo de especies bajo la sombra de los paneles fotovoltaicos, reducen la temperatura bajo su superficie, permiten a las cabezas de ganado pastar y descansar bajo su cobijo.<\/p>\n\n\n\n<p>C\u00f3mo no, hay que tener en cuenta adem\u00e1s su impacto positivo en la sociedad, posibilitando nuevos empleos en zonas rurales, mejorando la econom\u00eda local, donde adem\u00e1s se est\u00e1 contribuyendo a su repoblaci\u00f3n y, por ende, a luchar contra la despoblaci\u00f3n, esa lacra dif\u00edcil de combatir que complica el desarrollo sostenible e igualitario para todos los territorios.<\/p>\n\n\n\n<p>Hace unas semanas Iberdrola celebr\u00f3 en M\u00e9rida los Premios Convive, que sirvieron para poner de manifiesto las mejores pr\u00e1cticas de integraci\u00f3n ambiental y social en distintos puntos de Espa\u00f1a. Las distintas empresas, asociaciones y entidades p\u00fablicas que fueron reconocidas son el espejo en el que otros muchos tendr\u00e1n que mirarse para hacer las cosas bien. La responsabilidad social corporativas es importante, pero la sociedad tambi\u00e9n demanda que esto sea la nueva realidad.<\/p>\n\n\n\n<h3 class=\"wp-block-heading\" id=\"y-que-pasa-con-el-resto-de-elementos-agua-y-aire\">\u00bfY qu\u00e9 pasa con el resto de elementos: agua y aire?<\/h3>\n\n\n\n<p>No preocupa solo el medio donde habitamos, el terrestre, tambi\u00e9n se est\u00e1 trabajando sobre la convivencia, no s\u00f3lo en tierra, sino en el agua y en el aire. Para ello, se realizan grandes inversiones en I+D, para desarrollar -entre otros- aerogeneradores con un menor impacto para la avifauna, ac\u00fastico, etc.; paneles solares m\u00e1s eficientes, turbinas que aprovechan de forma \u00f3ptima la fuerza del agua y son menos lesivas para la fauna pisc\u00edcola, e\u00f3lica <em>offshore<\/em> mejor planificada con un menor impacto sobre los ecosistemas marinos\u2026<\/p>\n\n\n\n<p>La Organizaci\u00f3n Meteorol\u00f3gica Mundial ha lanzado esta semana un duro comunicado en el que alerta de los efectos del cambio clim\u00e1tico en Europa y ha manifestado rotundamente que las energ\u00edas renovables est\u00e1n siendo la \u00fanica ventana de esperanza que se est\u00e1 abriendo para luchar contra este problema que ir\u00e1 a m\u00e1s si no actuamos con rapidez.<\/p>\n\n\n\n<p>Y no olvidemos que todo esto es para zanjar un problema heredado, las energ\u00edas f\u00f3siles y su impacto sobre la atm\u00f3sfera y, en definitiva, sobre nosotros. Hay que tomarse los riesgos en serio.<\/p>\n\n\n\n<p>Fuente: https:\/\/elperiodicodelaenergia.com\/energias-renovables-para-proteger-la-naturaleza\/<\/p>\n\n\n\n<p><\/p>\n","protected":false},"excerpt":{"rendered":"<p>El cambio de paradigma que se est\u00e1 produciendo en las \u00faltimas d\u00e9cadas, de una econom\u00eda y producci\u00f3n de energ\u00eda basada en el carb\u00f3n y en los combustibles f\u00f3siles hacia la descarbonizaci\u00f3n, con las energ\u00edas renovables, est\u00e1 suponiendo todo un reto. Cualquier cambio de esta envergadura pasa por un periodo de adaptaci\u00f3n y socializaci\u00f3n, pero ahora [&hellip;]<\/p>\n","protected":false},"author":1,"featured_media":6072,"comment_status":"closed","ping_status":"closed","sticky":false,"template":"","format":"standard","meta":{"footnotes":""},"categories":[1],"tags":[],"class_list":["post-6071","post","type-post","status-publish","format-standard","has-post-thumbnail","hentry","category-noticias"],"_links":{"self":[{"href":"https:\/\/epre.gov.ar\/web\/wp-json\/wp\/v2\/posts\/6071","targetHints":{"allow":["GET"]}}],"collection":[{"href":"https:\/\/epre.gov.ar\/web\/wp-json\/wp\/v2\/posts"}],"about":[{"href":"https:\/\/epre.gov.ar\/web\/wp-json\/wp\/v2\/types\/post"}],"author":[{"embeddable":true,"href":"https:\/\/epre.gov.ar\/web\/wp-json\/wp\/v2\/users\/1"}],"replies":[{"embeddable":true,"href":"https:\/\/epre.gov.ar\/web\/wp-json\/wp\/v2\/comments?post=6071"}],"version-history":[{"count":1,"href":"https:\/\/epre.gov.ar\/web\/wp-json\/wp\/v2\/posts\/6071\/revisions"}],"predecessor-version":[{"id":6073,"href":"https:\/\/epre.gov.ar\/web\/wp-json\/wp\/v2\/posts\/6071\/revisions\/6073"}],"wp:featuredmedia":[{"embeddable":true,"href":"https:\/\/epre.gov.ar\/web\/wp-json\/wp\/v2\/media\/6072"}],"wp:attachment":[{"href":"https:\/\/epre.gov.ar\/web\/wp-json\/wp\/v2\/media?parent=6071"}],"wp:term":[{"taxonomy":"category","embeddable":true,"href":"https:\/\/epre.gov.ar\/web\/wp-json\/wp\/v2\/categories?post=6071"},{"taxonomy":"post_tag","embeddable":true,"href":"https:\/\/epre.gov.ar\/web\/wp-json\/wp\/v2\/tags?post=6071"}],"curies":[{"name":"wp","href":"https:\/\/api.w.org\/{rel}","templated":true}]}}