{"id":6042,"date":"2023-06-16T13:27:48","date_gmt":"2023-06-16T13:27:48","guid":{"rendered":"https:\/\/epre.gov.ar\/web\/?p=6042"},"modified":"2023-06-16T13:27:49","modified_gmt":"2023-06-16T13:27:49","slug":"ursula-von-der-leye-argentina-se-convertira-en-un-centro-regional-de-energia-renovable","status":"publish","type":"post","link":"https:\/\/epre.gov.ar\/web\/ursula-von-der-leye-argentina-se-convertira-en-un-centro-regional-de-energia-renovable\/","title":{"rendered":"Ursula von der Leye: \u00abArgentina se convertir\u00e1 en un centro regional de energ\u00eda renovable."},"content":{"rendered":"\n<p>La presidenta de la Comisi\u00f3n Europea destac\u00f3 que el pa\u00eds podr\u00e1 ocupar ese rol con el apoyo de la plataforma Global Gateway, un plan de inversi\u00f3n de infraestructura por el cual el bloque invertir\u00e1 10.000 millones de euros en Latinoam\u00e9rica y el Caribe.<\/p>\n\n\n\n<p>El gobierno de Argentina y la Comisi\u00f3n Europea firmaron un Memor\u00e1ndum de Entendimiento de Asociaci\u00f3n Estrat\u00e9gica sobre Cadenas de Valor Sostenibles en Materias Primas con el que se busca promover una mayor integraci\u00f3n econ\u00f3mica entre las regiones y potenciar las oportunidades comerciales y financieras para el pa\u00eds.\u00a0<\/p>\n\n\n\n<p>Y uno de los pilares del acuerdo est\u00e1 directamente vinculado con que Europa se involucre m\u00e1s activamente en agregarle valor a la producci\u00f3n de litio a trav\u00e9s de la producci\u00f3n de bater\u00edas, en la explotaci\u00f3n de cobre y otros minerales claves para la cadena de las energ\u00edas limpias y, por ende, producir y comercializar hidr\u00f3geno verde<\/p>\n\n\n\n<p>Bajo ese contexto, Ursula von der Leye, presidenta de la Comisi\u00f3n Europea, se refiri\u00f3 a la \u201ctransformaci\u00f3n verde\u201d, principalmente en el \u00e1mbito energ\u00e9tico, y se\u00f1al\u00f3 el enorme potencial solar, e\u00f3lico y de H2V del pa\u00eds para concretar inversiones provenientes del viejo continente.\u00a0<\/p>\n\n\n\n<p>\u201cArgentina se convertir\u00e1 en un centro regional de energ\u00eda renovable con el apoyo de la plataforma de inversi\u00f3n Global Gateway\u201d, afirm\u00f3 durante una conferencia de prensa en Casa Rosada.\u00a0<\/p>\n\n\n\n<p>\u00abEsto acelerar\u00e1 su transici\u00f3n hacia la energ\u00eda limpia, crear\u00e1 puestos de trabajo y, por supuesto, interesa mucho a la Uni\u00f3n Europea porque \u00e9sta necesita tener un proveedor de energ\u00eda limpia que sea fiable\u201d, agreg\u00f3.\u00a0<\/p>\n\n\n\n<p>Global Gateway es una iniciativa de la UE, presentada por la Comisi\u00f3n Europea y el Alto Representante de la Uni\u00f3n Europea para Asuntos Exteriores y Pol\u00edtica de Seguridad el 1 de diciembre de 2021, con el objetivo de movilizar 300.000 millones de euros para 2027 para proyectos de infraestructura sostenible en todo el mundo.<\/p>\n\n\n\n<p>Plan que dentro de ese presupuesto incluye que el bloque invertir\u00e1 10.000 millones de euros en Latinoam\u00e9rica y el Caribe, y que se completar\u00e1 con contribuciones adicionales de los Estados miembro y de inversores del sector privado.<\/p>\n\n\n\n<p>Y cabe destacar que estas declaraciones y la propia firma del Memor\u00e1ndum de Entendimiento llegaron apenas horas m\u00e1s tarde de que la UE prometi\u00f3 invertir 2.000 millones de euros para desarrollar la econom\u00eda del hidr\u00f3geno verde en Brasil y reafirm\u00f3 su inter\u00e9s en la regi\u00f3n de LATAM.&nbsp;<\/p>\n\n\n\n<p>Adem\u00e1s ,Ursula von der Leye apunt\u00f3 a la importancia que tendr\u00e1 el litio y el desarrollo de nuevas cadenas de valor que vayan \u201cm\u00e1s all\u00e1 de la mera extracci\u00f3n\u201d y que ese valor a\u00f1adido se mantenga en la regi\u00f3n para generar m\u00e1s puestos de trabajo y oportunidades empresariales.\u00a0<\/p>\n\n\n\n<p>\u201cEl litio es crucial para las tecnolog\u00edas de energ\u00eda limpia, est\u00e1 en las bater\u00edas, en las turbinas e\u00f3licas y como el mundo entra en la era de las tecnolog\u00edas limpias para combatir el cambio clim\u00e1tico, la demanda de litio crecer\u00e1 de manera exponencial, tanto en Latinoam\u00e9rica como en el planeta entero\u201d, sostuvo.&nbsp;<\/p>\n\n\n\n<p>\u201cEsta es la gran oportunidad para que Argentina desarrolle este sector con las cadenas de valor apropiadas. Por ejemplo, la demanda europea de litio se espera que crezca doce veces para 2030, y estos acuerdos har\u00e1n que haya flujos de inversi\u00f3n mayores, en infraestructura de alta calidad y sostenible que podr\u00e1 suponer un apoyo important\u00edsimo en la econom\u00eda mundial\u201d, manifest\u00f3.<\/p>\n\n\n\n<p>Fuente: https:\/\/www.energiaestrategica.com\/ursula-von-der-leye-argentina-se-convertira-en-un-centro-regional-de-energia-renovable\/<\/p>\n","protected":false},"excerpt":{"rendered":"<p>La presidenta de la Comisi\u00f3n Europea destac\u00f3 que el pa\u00eds podr\u00e1 ocupar ese rol con el apoyo de la plataforma Global Gateway, un plan de inversi\u00f3n de infraestructura por el cual el bloque invertir\u00e1 10.000 millones de euros en Latinoam\u00e9rica y el Caribe. El gobierno de Argentina y la Comisi\u00f3n Europea firmaron un Memor\u00e1ndum de [&hellip;]<\/p>\n","protected":false},"author":1,"featured_media":6043,"comment_status":"closed","ping_status":"closed","sticky":false,"template":"","format":"standard","meta":{"footnotes":""},"categories":[1],"tags":[],"class_list":["post-6042","post","type-post","status-publish","format-standard","has-post-thumbnail","hentry","category-noticias"],"_links":{"self":[{"href":"https:\/\/epre.gov.ar\/web\/wp-json\/wp\/v2\/posts\/6042","targetHints":{"allow":["GET"]}}],"collection":[{"href":"https:\/\/epre.gov.ar\/web\/wp-json\/wp\/v2\/posts"}],"about":[{"href":"https:\/\/epre.gov.ar\/web\/wp-json\/wp\/v2\/types\/post"}],"author":[{"embeddable":true,"href":"https:\/\/epre.gov.ar\/web\/wp-json\/wp\/v2\/users\/1"}],"replies":[{"embeddable":true,"href":"https:\/\/epre.gov.ar\/web\/wp-json\/wp\/v2\/comments?post=6042"}],"version-history":[{"count":1,"href":"https:\/\/epre.gov.ar\/web\/wp-json\/wp\/v2\/posts\/6042\/revisions"}],"predecessor-version":[{"id":6044,"href":"https:\/\/epre.gov.ar\/web\/wp-json\/wp\/v2\/posts\/6042\/revisions\/6044"}],"wp:featuredmedia":[{"embeddable":true,"href":"https:\/\/epre.gov.ar\/web\/wp-json\/wp\/v2\/media\/6043"}],"wp:attachment":[{"href":"https:\/\/epre.gov.ar\/web\/wp-json\/wp\/v2\/media?parent=6042"}],"wp:term":[{"taxonomy":"category","embeddable":true,"href":"https:\/\/epre.gov.ar\/web\/wp-json\/wp\/v2\/categories?post=6042"},{"taxonomy":"post_tag","embeddable":true,"href":"https:\/\/epre.gov.ar\/web\/wp-json\/wp\/v2\/tags?post=6042"}],"curies":[{"name":"wp","href":"https:\/\/api.w.org\/{rel}","templated":true}]}}