{"id":6036,"date":"2023-06-14T12:37:14","date_gmt":"2023-06-14T12:37:14","guid":{"rendered":"https:\/\/epre.gov.ar\/web\/?p=6036"},"modified":"2023-06-14T12:37:15","modified_gmt":"2023-06-14T12:37:15","slug":"argentina-tendra-sus-primeras-baterias-de-litio-en-agosto","status":"publish","type":"post","link":"https:\/\/epre.gov.ar\/web\/argentina-tendra-sus-primeras-baterias-de-litio-en-agosto\/","title":{"rendered":"Argentina tendr\u00e1 sus primeras bater\u00edas de litio en agosto."},"content":{"rendered":"\n<p>La planta nacional de celdas y bater\u00edas de litio comenzar\u00e1 a operar con una capacidad instalada que alcanzar\u00eda en un a\u00f1o 15 MWh\/a\u00f1o.<\/p>\n\n\n\n<p>El director de la empresa tecnol\u00f3gica Y-Tec y exministro de Ciencia, Tecnolog\u00eda e Innovaci\u00f3n de la Naci\u00f3n, Roberto Salvarezza, sostuvo que en agosto comenzar\u00e1 a operar la planta nacional de celdas y bater\u00edas de litio (UniLiB), destinadas al sector publico y a proyectos estrat\u00e9gicos, con una capacidad instalada que alcanzar\u00eda en un a\u00f1o 15 MWh\/a\u00f1o.<\/p>\n\n\n\n<p>\u00abEntre agosto y septiembre pondremos en marcha la planta nacional de celdas y bater\u00edas de litio, donde se fabricar\u00e1 bater\u00edas de ion-litio destinadas al sector p\u00fablico, entre ellos: el equipamiento a las fuerzas armadas y el abastecimiento de energ\u00eda para poblaciones rurales\u00bb, sostuvo Salvarezza durante un panel realizado en la Facultad de Ingenier\u00eda de la UBA.<\/p>\n\n\n\n<p>Asimismo, anticip\u00f3 que la planta ubicada en predio del Polo Productivo Tecnol\u00f3gico \u00abJorge Alberto S\u00e1bato\u00bb en La Plata, tendr\u00e1 una capacidad de producci\u00f3n anual -medida en energ\u00eda almacenada- de 15 MWh, equivalente a mil bater\u00edas para almacenamiento estacionario de energ\u00edas renovables o unas 50 para colectivos el\u00e9ctricos.<\/p>\n\n\n\n<p>Salvarezza precis\u00f3 que estas bater\u00edas se destinar\u00e1n a \u00abdemandas concretas\u00bb como equipamiento de comunicaci\u00f3n de las fuerzas armadas, electromovilidad o energ\u00eda estacionaria complementando las energ\u00edas renovables como la e\u00f3lica o la solar para abastecer ciudades de menor tama\u00f1o que cuentan sin energ\u00eda.<\/p>\n\n\n\n<p>Al respecto, revel\u00f3 que en conjunto con la provincia de Buenos Aires se realiza un proyecto piloto para abastecer una poblaci\u00f3n cercana a Berisso (la isla Paulino) que est\u00e1 desconectada de energ\u00eda el\u00e9ctrica, por lo que, \u00abcon bater\u00edas de litio y paneles solares se producir\u00e1 un paquete de soluciones que abastecer\u00e1n aproximadamente 150 viviendas\u00bb.<\/p>\n\n\n\n<p>\u00abTenemos probadas nuestras bater\u00edas acopladas con el parque solar y ser\u00e1 toda una experiencia desde el punto de vista social porque implica pensar en c\u00f3mo se van a administrar esos parques y c\u00f3mo se va a cobrar una tarifa cuando no consume electricidad de red; sin embargo, hay sectores como las f\u00e1bricas de motos el\u00e9ctricas como City Car que est\u00e1n pidi\u00e9ndonos bater\u00edas para garantizar la disponibilidad de bater\u00edas\u00bb, ampli\u00f3.<\/p>\n\n\n\n<p>Por \u00faltimo, en cuanto a la electromovilidad, la subsecretaria de Asuntos Estrat\u00e9gicos (SAE), Ver\u00f3nica Robert, afirm\u00f3 que la Argentina tiene la capacidad para equipar a los veh\u00edculos el\u00e9ctricos y, por ello, est\u00e1 en un lugar preferente.<\/p>\n\n\n\n<p>\u00abSomos capaces de hacer algo de esos veh\u00edculos el\u00e9ctrico y eso nos pone en un lugar preferente; por ejemplo, las bater\u00edas de litio, que s\u00ed se pueden hacer en la Argentina y que constituyen el 30% del valor del veh\u00edculo, en este contexto resulta fundamental el sector tecnol\u00f3gico para industrializar el litio\u00bb, concluy\u00f3.<\/p>\n\n\n\n<p>Fuente: https:\/\/mase.lmneuquen.com\/baterias\/argentina-tendra-sus-primeras-baterias-litio-agosto-n1030837<\/p>\n\n\n\n<p> <\/p>\n","protected":false},"excerpt":{"rendered":"<p>La planta nacional de celdas y bater\u00edas de litio comenzar\u00e1 a operar con una capacidad instalada que alcanzar\u00eda en un a\u00f1o 15 MWh\/a\u00f1o. El director de la empresa tecnol\u00f3gica Y-Tec y exministro de Ciencia, Tecnolog\u00eda e Innovaci\u00f3n de la Naci\u00f3n, Roberto Salvarezza, sostuvo que en agosto comenzar\u00e1 a operar la planta nacional de celdas y [&hellip;]<\/p>\n","protected":false},"author":1,"featured_media":6037,"comment_status":"closed","ping_status":"closed","sticky":false,"template":"","format":"standard","meta":{"footnotes":""},"categories":[1],"tags":[],"class_list":["post-6036","post","type-post","status-publish","format-standard","has-post-thumbnail","hentry","category-noticias"],"_links":{"self":[{"href":"https:\/\/epre.gov.ar\/web\/wp-json\/wp\/v2\/posts\/6036","targetHints":{"allow":["GET"]}}],"collection":[{"href":"https:\/\/epre.gov.ar\/web\/wp-json\/wp\/v2\/posts"}],"about":[{"href":"https:\/\/epre.gov.ar\/web\/wp-json\/wp\/v2\/types\/post"}],"author":[{"embeddable":true,"href":"https:\/\/epre.gov.ar\/web\/wp-json\/wp\/v2\/users\/1"}],"replies":[{"embeddable":true,"href":"https:\/\/epre.gov.ar\/web\/wp-json\/wp\/v2\/comments?post=6036"}],"version-history":[{"count":1,"href":"https:\/\/epre.gov.ar\/web\/wp-json\/wp\/v2\/posts\/6036\/revisions"}],"predecessor-version":[{"id":6038,"href":"https:\/\/epre.gov.ar\/web\/wp-json\/wp\/v2\/posts\/6036\/revisions\/6038"}],"wp:featuredmedia":[{"embeddable":true,"href":"https:\/\/epre.gov.ar\/web\/wp-json\/wp\/v2\/media\/6037"}],"wp:attachment":[{"href":"https:\/\/epre.gov.ar\/web\/wp-json\/wp\/v2\/media?parent=6036"}],"wp:term":[{"taxonomy":"category","embeddable":true,"href":"https:\/\/epre.gov.ar\/web\/wp-json\/wp\/v2\/categories?post=6036"},{"taxonomy":"post_tag","embeddable":true,"href":"https:\/\/epre.gov.ar\/web\/wp-json\/wp\/v2\/tags?post=6036"}],"curies":[{"name":"wp","href":"https:\/\/api.w.org\/{rel}","templated":true}]}}