{"id":6029,"date":"2023-06-12T12:50:36","date_gmt":"2023-06-12T12:50:36","guid":{"rendered":"https:\/\/epre.gov.ar\/web\/?p=6029"},"modified":"2023-06-12T12:50:37","modified_gmt":"2023-06-12T12:50:37","slug":"alemania-demuestra-que-se-puede-descarbonizar-la-energia-sin-nucleares","status":"publish","type":"post","link":"https:\/\/epre.gov.ar\/web\/alemania-demuestra-que-se-puede-descarbonizar-la-energia-sin-nucleares\/","title":{"rendered":"Alemania demuestra que se puede descarbonizar la energ\u00eda sin nucleares."},"content":{"rendered":"\n<p>Los datos lo demuestran: se puede prescindir de la energ\u00eda nuclear en un pa\u00eds sin incrementar el consumo de combustibles f\u00f3siles como el carb\u00f3n o el gas.<\/p>\n\n\n\n<p>Los datos lo demuestran: se puede prescindir de la energ\u00eda nuclear en un pa\u00eds y sustituir su generaci\u00f3n por renovables, sin incrementar el consumo de combustibles f\u00f3siles como el carb\u00f3n o el gas. Los agoreros que afirmaban que eso era imposible y que la energ\u00eda nuclear estaba destinada a ser una parte indispensable del futuro mix de energ\u00edas en todos los pa\u00edses se equivocaban, o como el presidente de Repsol,\u00a0Antonio Brufau, son\u00a0directamente unos mentirosos.<\/p>\n\n\n\n<p>Seg\u00fan datos del Fraunhofer Institute, la\u00a0generaci\u00f3n de energ\u00eda en Alemania en el mes de mayo de 2022\u00a0ten\u00eda a\u00fan presencia de energ\u00eda nuclear, en un 5.79%. Adem\u00e1s, hab\u00eda un 39.70% de energ\u00eda producida mediante combustibles f\u00f3siles (carb\u00f3n y gas), y ya un 55.72% de energ\u00edas renovables (solar, e\u00f3lica, hidroel\u00e9ctrica y biomasa).<\/p>\n\n\n\n<p>En\u00a0mayo de este a\u00f1o 2023, con un consumo de energ\u00eda menor, el aporte de\u00a0la energ\u00eda nuclear ha desaparecido tras el cierre de las \u00faltimas centrales que quedaban\u00a0como parte de\u00a0un plan trazado hace m\u00e1s de veinte a\u00f1os, y la generada mediante combustibles f\u00f3siles ha pasado a suponer un 31.70%, un significativo descenso del 7% que, dados los planes de inversi\u00f3n del pa\u00eds en infraestructuras para la producci\u00f3n de energ\u00edas renovables, seguir\u00e1 descendiendo. La producci\u00f3n mediante renovables, sin embargo, ha incrementado su participaci\u00f3n hasta suponer un 69.70% del total, cubriendo no solo la contribuci\u00f3n de las nucleares, sino adem\u00e1s, eliminando parte de la necesidad de quemar combustibles f\u00f3siles. El\u00a0objetivo de Alemania, la mayor econom\u00eda de Europa, de descarbonizar la generaci\u00f3n de energ\u00eda en el a\u00f1o 2035\u00a0es perfectamente viable, y no solo no necesita la participaci\u00f3n de la energ\u00eda nuclear, sino que\u00a0va a costarle menos que la factura que pagaba en combustibles f\u00f3siles.<\/p>\n\n\n\n<p>La producci\u00f3n mediante renovables, sin embargo, ha incrementado su participaci\u00f3n hasta suponer un 69.70% del total, cubriendo no solo la contribuci\u00f3n de las nucleares, sino adem\u00e1s, eliminando parte de la necesidad de quemar combustibles f\u00f3siles.<\/p>\n\n\n\n<p>La l\u00f3gica se impone: si los costes de generaci\u00f3n de la energ\u00eda solar y de las bater\u00edas descienden como descienden, lo l\u00f3gico es apostar por esa forma de generaci\u00f3n, porque ninguna otra es capaz de generar energ\u00eda de forma m\u00e1s barata. Y si eso compensa para un pa\u00eds con un nivel de insolaci\u00f3n tan reducido como Alemania, imaginemos qu\u00e9 ocurre cuando hablamos de otros contextos.<\/p>\n\n\n\n<p>Mientras, Francia sigue luchando con\u00a0unos gastos\u00a0de\u00a0mantenimiento\u00a0elevad\u00edsimos y unos\u00a0sobrecostes demenciales\u00a0en la construcci\u00f3n de sus centrales nucleares. De hecho, una parte muy significativa del incremento en consumo de carb\u00f3n de Alemania el pasado 2022 fue precisamente para poder afrontar la exportaci\u00f3n a Francia de la energ\u00eda que necesitaba debido a los m\u00faltiples fallos de sus centrales nucleares. La energ\u00eda nuclear, por mucho que pretendan los que viven de ella, se ha convertido en algo innecesario, en una tecnolog\u00eda superada en su rendimiento por la eficiencia de otras. Y, claramente, en una apuesta equivocada.<\/p>\n\n\n\n<p>Fuente: https:\/\/www.elsaltodiario.com\/desconexion-nuclear\/alemania-demuestra-se-puede-descarbonizar-energia-nucleares<\/p>\n","protected":false},"excerpt":{"rendered":"<p>Los datos lo demuestran: se puede prescindir de la energ\u00eda nuclear en un pa\u00eds sin incrementar el consumo de combustibles f\u00f3siles como el carb\u00f3n o el gas. Los datos lo demuestran: se puede prescindir de la energ\u00eda nuclear en un pa\u00eds y sustituir su generaci\u00f3n por renovables, sin incrementar el consumo de combustibles f\u00f3siles como [&hellip;]<\/p>\n","protected":false},"author":1,"featured_media":6030,"comment_status":"closed","ping_status":"closed","sticky":false,"template":"","format":"standard","meta":{"footnotes":""},"categories":[1],"tags":[],"class_list":["post-6029","post","type-post","status-publish","format-standard","has-post-thumbnail","hentry","category-noticias"],"_links":{"self":[{"href":"https:\/\/epre.gov.ar\/web\/wp-json\/wp\/v2\/posts\/6029","targetHints":{"allow":["GET"]}}],"collection":[{"href":"https:\/\/epre.gov.ar\/web\/wp-json\/wp\/v2\/posts"}],"about":[{"href":"https:\/\/epre.gov.ar\/web\/wp-json\/wp\/v2\/types\/post"}],"author":[{"embeddable":true,"href":"https:\/\/epre.gov.ar\/web\/wp-json\/wp\/v2\/users\/1"}],"replies":[{"embeddable":true,"href":"https:\/\/epre.gov.ar\/web\/wp-json\/wp\/v2\/comments?post=6029"}],"version-history":[{"count":1,"href":"https:\/\/epre.gov.ar\/web\/wp-json\/wp\/v2\/posts\/6029\/revisions"}],"predecessor-version":[{"id":6031,"href":"https:\/\/epre.gov.ar\/web\/wp-json\/wp\/v2\/posts\/6029\/revisions\/6031"}],"wp:featuredmedia":[{"embeddable":true,"href":"https:\/\/epre.gov.ar\/web\/wp-json\/wp\/v2\/media\/6030"}],"wp:attachment":[{"href":"https:\/\/epre.gov.ar\/web\/wp-json\/wp\/v2\/media?parent=6029"}],"wp:term":[{"taxonomy":"category","embeddable":true,"href":"https:\/\/epre.gov.ar\/web\/wp-json\/wp\/v2\/categories?post=6029"},{"taxonomy":"post_tag","embeddable":true,"href":"https:\/\/epre.gov.ar\/web\/wp-json\/wp\/v2\/tags?post=6029"}],"curies":[{"name":"wp","href":"https:\/\/api.w.org\/{rel}","templated":true}]}}