{"id":6026,"date":"2023-06-09T13:32:32","date_gmt":"2023-06-09T13:32:32","guid":{"rendered":"https:\/\/epre.gov.ar\/web\/?p=6026"},"modified":"2023-06-09T13:32:34","modified_gmt":"2023-06-09T13:32:34","slug":"la-eolica-y-la-energia-solar-superan-a-los-combustibles-fosiles-en-la-ue","status":"publish","type":"post","link":"https:\/\/epre.gov.ar\/web\/la-eolica-y-la-energia-solar-superan-a-los-combustibles-fosiles-en-la-ue\/","title":{"rendered":"La e\u00f3lica y la energ\u00eda solar superan a los combustibles f\u00f3siles en la UE."},"content":{"rendered":"\n<p>La UE se encamina hacia un \u00abenorme colapso\u00bb de la energ\u00eda procedente de combustibles f\u00f3siles este a\u00f1o, seg\u00fan el grupo de estudios sobre energ\u00eda Ember.<\/p>\n\n\n\n<p>La energ\u00eda e\u00f3lica y la solar produjeron en mayo m\u00e1s energ\u00eda en la UE que todos los combustibles f\u00f3siles juntos, seg\u00fan la consultora.<\/p>\n\n\n\n<p>Se trata del primer mes completo del que se tiene constancia en el que las energ\u00edas renovables producen m\u00e1s electricidad: casi un tercio de la electricidad del bloque procede de la e\u00f3lica y la solar. Los combustibles f\u00f3siles generaron un m\u00ednimo hist\u00f3rico del 27%.<\/p>\n\n\n\n<p>\u00abLa transici\u00f3n el\u00e9ctrica en Europa ha entrado en hipervelocidad\u00bb, afirma Sarah Brown, responsable de Ember para Europa.\u00a0\u00abLa energ\u00eda limpia sigue batiendo r\u00e9cord tras r\u00e9cord\u00bb, asegura Brown.<\/p>\n\n\n\n<h2 class=\"wp-block-heading\">\u00bfQu\u00e9 ha impulsado el crecimiento de las energ\u00edas renovables en la UE?<\/h2>\n\n\n\n<p>Seg\u00fan los datos de Ember, el crecimiento de la energ\u00eda solar, los buenos resultados de la e\u00f3lica y la baja demanda de electricidad han sido los factores que han impulsado este r\u00e9cord.<\/p>\n\n\n\n<p>La energ\u00eda solar gener\u00f3 por s\u00ed sola el 14% de la electricidad de la UE en mayo: un m\u00e1ximo hist\u00f3rico.\u00a0Incluso sin el sol del verano, super\u00f3 por primera vez a la energ\u00eda de carb\u00f3n, que el mes pasado produjo solo una d\u00e9cima parte del total.<\/p>\n\n\n\n<p>La generaci\u00f3n de electricidad a partir de energ\u00eda e\u00f3lica tambi\u00e9n creci\u00f3 en comparaci\u00f3n con mayo del a\u00f1o pasado. Pero no alcanz\u00f3 el r\u00e9cord de enero de este a\u00f1o, cuando aport\u00f3 el 23% de la electricidad del bloque.<\/p>\n\n\n\n<p>El impulso a la instalaci\u00f3n de nuevas energ\u00edas renovables tambi\u00e9n ha provocado un descenso de la generaci\u00f3n a partir de combustibles f\u00f3siles de enero a mayo de este a\u00f1o, lo que ha permitido que la energ\u00eda solar y la e\u00f3lica ganen terreno.<\/p>\n\n\n\n<p>Portugal instal\u00f3 0,9 GW de energ\u00eda solar fotovoltaica en 2022, aumentando su capacidad solar en m\u00e1s de un 50% hasta los 2,5 GW, suficiente para abastecer a cerca de un mill\u00f3n de hogares. Esta capacidad adicional elev\u00f3 la generaci\u00f3n e\u00f3lica y solar del pa\u00eds a m\u00e1s del 50% de la producci\u00f3n el\u00e9ctrica en abril.<\/p>\n\n\n\n<p>Otros pa\u00edses de la UE, como Espa\u00f1a, Suecia y B\u00e9lgica, tambi\u00e9n han alcanzado m\u00e1ximos hist\u00f3ricos de generaci\u00f3n renovable este a\u00f1o.<\/p>\n\n\n\n<h2 class=\"wp-block-heading\">La energ\u00eda f\u00f3sil disminuye en la UE<\/h2>\n\n\n\n<p>Con el carb\u00f3n generando solo el 10% de la energ\u00eda y el gas alcanzando su cuota m\u00e1s baja desde 2018 con un 15%, la energ\u00eda procedente de combustibles f\u00f3siles sigue cayendo en la UE. Seg\u00fan Ember, se trata de una tendencia que se ha mantenido desde finales de 2022 hasta los primeros meses de este a\u00f1o.<\/p>\n\n\n\n<p>El carb\u00f3n alcanz\u00f3 un m\u00ednimo hist\u00f3rico en mayo, incluso en pa\u00edses europeos que hasta ahora depend\u00edan en gran medida de este combustible f\u00f3sil. A pesar de cerrar sus \u00faltimas centrales nucleares en abril, el carb\u00f3n cay\u00f3 a su nivel m\u00e1s bajo en Alemania desde 2020.<\/p>\n\n\n\n<p>En Polonia, uno de los mayores productores de electricidad de carb\u00f3n de Europa, la generaci\u00f3n tambi\u00e9n cay\u00f3 a un m\u00ednimo hist\u00f3rico del 62%.<\/p>\n\n\n\n<p>Las cifras de muchos pa\u00edses reflejan el descenso de la electricidad generada con combustibles f\u00f3siles en toda la UE.\u00a0La e\u00f3lica y la solar se convertir\u00e1n en la \u00abcolumna vertebral\u00bb de la electricidad de la UE este a\u00f1o.<\/p>\n\n\n\n<p>La noticia llega mientras Italia declaraba esta semana que podr\u00eda cerrar sus centrales el\u00e9ctricas de carb\u00f3n en 2024 -un a\u00f1o antes de lo previsto- si los precios del gas se mantienen bajos.<\/p>\n\n\n\n<p>Sin embargo, el uso del gas tambi\u00e9n est\u00e1 disminuyendo. El informe Europe Electricity Review de Ember de enero muestra que la energ\u00eda e\u00f3lica y la solar se convirtieron en la principal fuente de electricidad de la UE por primera vez en 2022.<\/p>\n\n\n\n<p>Las cantidades r\u00e9cord de nueva energ\u00eda e\u00f3lica y solar ayudaron al bloque a evitar la \u00abtriple crisis\u00bb de las restricciones en el suministro de gas ruso, los problemas con la energ\u00eda hidroel\u00e9ctrica debido a la sequ\u00eda y los cortes nucleares inesperados.<\/p>\n\n\n\n<p>\u00abNo solo la energ\u00eda de carb\u00f3n marc\u00f3 nuevos m\u00ednimos, sino que el gas tambi\u00e9n se est\u00e1 desplomando\u00bb, afirma Brown.\u00a0\u00abLa UE va camino de sufrir un enorme desplome de la energ\u00eda f\u00f3sil este a\u00f1o, a medida que la e\u00f3lica y la solar se perfilan como la columna vertebral del futuro sistema el\u00e9ctrico\u00bb.<\/p>\n\n\n\n<p>Fuente: https:\/\/es.euronews.com\/green\/2023\/06\/08\/la-eolica-y-la-energia-solar-superan-a-los-combustibles-fosiles-en-la-ue<\/p>\n","protected":false},"excerpt":{"rendered":"<p>La UE se encamina hacia un \u00abenorme colapso\u00bb de la energ\u00eda procedente de combustibles f\u00f3siles este a\u00f1o, seg\u00fan el grupo de estudios sobre energ\u00eda Ember. La energ\u00eda e\u00f3lica y la solar produjeron en mayo m\u00e1s energ\u00eda en la UE que todos los combustibles f\u00f3siles juntos, seg\u00fan la consultora. Se trata del primer mes completo del [&hellip;]<\/p>\n","protected":false},"author":1,"featured_media":6027,"comment_status":"closed","ping_status":"closed","sticky":false,"template":"","format":"standard","meta":{"footnotes":""},"categories":[1],"tags":[],"class_list":["post-6026","post","type-post","status-publish","format-standard","has-post-thumbnail","hentry","category-noticias"],"_links":{"self":[{"href":"https:\/\/epre.gov.ar\/web\/wp-json\/wp\/v2\/posts\/6026","targetHints":{"allow":["GET"]}}],"collection":[{"href":"https:\/\/epre.gov.ar\/web\/wp-json\/wp\/v2\/posts"}],"about":[{"href":"https:\/\/epre.gov.ar\/web\/wp-json\/wp\/v2\/types\/post"}],"author":[{"embeddable":true,"href":"https:\/\/epre.gov.ar\/web\/wp-json\/wp\/v2\/users\/1"}],"replies":[{"embeddable":true,"href":"https:\/\/epre.gov.ar\/web\/wp-json\/wp\/v2\/comments?post=6026"}],"version-history":[{"count":1,"href":"https:\/\/epre.gov.ar\/web\/wp-json\/wp\/v2\/posts\/6026\/revisions"}],"predecessor-version":[{"id":6028,"href":"https:\/\/epre.gov.ar\/web\/wp-json\/wp\/v2\/posts\/6026\/revisions\/6028"}],"wp:featuredmedia":[{"embeddable":true,"href":"https:\/\/epre.gov.ar\/web\/wp-json\/wp\/v2\/media\/6027"}],"wp:attachment":[{"href":"https:\/\/epre.gov.ar\/web\/wp-json\/wp\/v2\/media?parent=6026"}],"wp:term":[{"taxonomy":"category","embeddable":true,"href":"https:\/\/epre.gov.ar\/web\/wp-json\/wp\/v2\/categories?post=6026"},{"taxonomy":"post_tag","embeddable":true,"href":"https:\/\/epre.gov.ar\/web\/wp-json\/wp\/v2\/tags?post=6026"}],"curies":[{"name":"wp","href":"https:\/\/api.w.org\/{rel}","templated":true}]}}