{"id":6013,"date":"2023-06-05T13:55:40","date_gmt":"2023-06-05T13:55:40","guid":{"rendered":"https:\/\/epre.gov.ar\/web\/?p=6013"},"modified":"2023-06-05T13:55:42","modified_gmt":"2023-06-05T13:55:42","slug":"el-complejo-engranaje-de-la-transicion-energetica-i","status":"publish","type":"post","link":"https:\/\/epre.gov.ar\/web\/el-complejo-engranaje-de-la-transicion-energetica-i\/","title":{"rendered":"El complejo engranaje de la transici\u00f3n energ\u00e9tica (I)"},"content":{"rendered":"\n<p>La transici\u00f3n energ\u00e9tica en Europa, que permitir\u00e1 la descarbonizaci\u00f3n hacia una econom\u00eda con cero emisiones netas de gases de efecto invernadero y energ\u00e9ticamente independiente, es una transformaci\u00f3n de proporciones gigantescas que, adem\u00e1s, se quiere llevar a cabo en tan solo unas pocas d\u00e9cadas.<\/p>\n\n\n\n<p>Si hubiera que enumerar solo quince factores que ser\u00e1n claves para lograr la descarbonizaci\u00f3n, ser\u00edan estos: energ\u00eda e\u00f3lica, energ\u00eda fotovoltaica, demanda renovable, hidr\u00f3geno verde, redes de transporte y distribuci\u00f3n, bater\u00edas, bombeo, energ\u00eda termosolar, interconexiones internacionales, redes inteligentes, regulaci\u00f3n adecuada, biocombustibles, biomasa, captura y almacenamiento de CO2 y autoconsumo. En una serie de tres noticias se analizar\u00e1n cada uno de ellos y su papel en la transici\u00f3n energ\u00e9tica.<\/p>\n\n\n\n<p>La transici\u00f3n energ\u00e9tica en Europa, que permitir\u00e1 la descarbonizaci\u00f3n hacia una econom\u00eda con cero emisiones netas de gases de efecto invernadero y energ\u00e9ticamente independiente, es una transformaci\u00f3n de proporciones gigantescas que, adem\u00e1s, se quiere llevar a cabo en tan solo unas pocas d\u00e9cadas. Los efectos del cambio clim\u00e1tico y las consecuencias de la dependencia energ\u00e9tica exterior en una situaci\u00f3n geopol\u00edtica muy tensionada han hecho que la Uni\u00f3n Europea haya decidido pisar el acelerador de la transici\u00f3n energ\u00e9tica.<\/p>\n\n\n\n<p>Una transformaci\u00f3n de tal envergadura y tan r\u00e1pida requiere que muchos factores que interact\u00faan en el sistema energ\u00e9tico europeo avancen y se transformen de manera simult\u00e1nea. Es decir, la visi\u00f3n de futuro del sector europeo de la energ\u00eda en 2050 est\u00e1 bastante clara, pero en el camino hacia ese objetivo se vivir\u00e1n desajustes. Pero si la transici\u00f3n avanza como se espera, estos desajustes ser\u00e1n temporales.<\/p>\n\n\n\n<h3 class=\"wp-block-heading\" id=\"energia-eolica-y-solar-fotovoltaica\">Energ\u00eda e\u00f3lica y solar fotovoltaica<\/h3>\n\n\n\n<p>Las energ\u00edas renovables son la punta de flecha, la cara m\u00e1s visible de la transici\u00f3n energ\u00e9tica. Para una completa descarbonizaci\u00f3n hay que sustituir todo el uso actual de los combustibles f\u00f3siles, que es la principal fuente energ\u00e9tica en que se basa la econom\u00eda europea y mundial en estos momentos. Las energ\u00edas renovables ser\u00e1n las que acabar\u00e1n proporcionando el 100% de la energ\u00eda que se consumir\u00e1.<\/p>\n\n\n\n<p>Entre las tecnolog\u00edas renovables destacan la e\u00f3lica y la solar fotovoltaica. Ambas llevan ya mucho tiempo presentes en los sistemas el\u00e9ctricos de muchos pa\u00edses, pero son las que est\u00e1n creciendo m\u00e1s r\u00e1pidamente y las que los planes de energ\u00eda y clima de los pa\u00edses europeos marcan como las principales a la hora de desplazar al gas y al carb\u00f3n del mix energ\u00e9tico.<\/p>\n\n\n\n<p>La energ\u00eda e\u00f3lica es ya una tecnolog\u00eda muy madura que lleva d\u00e9cadas aumentando su capacidad instalada en Europa. Por su lado, la energ\u00eda solar fotovoltaica, aunque tambi\u00e9n ya lleva mucho tiempo participando del mix de generaci\u00f3n de electricidad europeo, en los \u00faltimos a\u00f1os ha experimentado una fuerte aceleraci\u00f3n gracias a la ca\u00edda de los costes de los paneles fotovoltaicos y por la flexibilidad que permite colocarlos tanto en grandes plantas sobre suelo como en tejados y cubiertas residenciales e industriales.<\/p>\n\n\n\n<p>Precisamente es la energ\u00eda solar fotovoltaica la que ahora mismo est\u00e1 creciendo m\u00e1s r\u00e1pidamente y la que est\u00e1 provocando precios negativos en varios mercados el\u00e9ctricos europeos y tambi\u00e9n vertidos de energ\u00eda al no poder integrarse toda su producci\u00f3n a la red en momentos de m\u00e1xima irradiaci\u00f3n solar en las horas centrales del d\u00eda. Estos son un ejemplo de los desajustes que se comentaban anteriormente y se dan porque la capacidad de producci\u00f3n renovable est\u00e1 aumentando mucho m\u00e1s r\u00e1pido que otros factores como el almacenamiento de energ\u00eda y el aumento de la demanda de electricidad, que en el largo plazo compensar\u00e1n y evitar\u00e1n en gran medida tanto precios negativos como vertidos.<\/p>\n\n\n\n<h3 class=\"wp-block-heading\" id=\"demanda-de-energias-renovables\">Demanda de energ\u00edas renovables<\/h3>\n\n\n\n<p>Actualmente, en la Uni\u00f3n Europea un 70% del total del consumo final de energ\u00eda proviene de combustibles f\u00f3siles. En tres d\u00e9cadas, el consumo de combustibles f\u00f3siles debe caer hasta cero y toda la energ\u00eda debe provenir de fuentes renovables. Por consiguiente, la demanda de energ\u00edas no emisoras va a multiplicarse por tres.<\/p>\n\n\n\n<p>En cuanto a la demanda de electricidad, actualmente supone alrededor de una cuarta parte del consumo de energ\u00eda final. Dado que gran parte de la descarbonizaci\u00f3n vendr\u00e1 de la electrificaci\u00f3n, esta demanda va a multiplicarse por cuatro en las pr\u00f3ximas d\u00e9cadas.<\/p>\n\n\n\n<p>Este aumento de la demanda de energ\u00edas renovables es el contrapeso necesario que absorber\u00e1 toda la producci\u00f3n renovable, a la vez que la producci\u00f3n renovable necesita de este aumento de la demanda para ser rentable y minimizar los vertidos de energ\u00eda.<\/p>\n\n\n\n<h3 class=\"wp-block-heading\" id=\"hidrogeno-verde\">Hidr\u00f3geno verde<\/h3>\n\n\n\n<p>A la hora de descarbonizar, all\u00ed donde no llegue la electrificaci\u00f3n har\u00e1n falta combustibles verdes, de origen renovables que no causen emisiones ni en su producci\u00f3n ni en su combusti\u00f3n. En procesos industriales de altas temperaturas o en el transporte pesado y de largas distancias, la electrificaci\u00f3n no es eficiente o, simplemente, no es posible. Es aqu\u00ed donde los combustibles verdes jugar\u00e1n un papel clave en la transici\u00f3n energ\u00e9tica.<\/p>\n\n\n\n<p>El vector que ahora mismo es el m\u00e1s indicado para este rol es el hidr\u00f3geno verde. El hidr\u00f3geno verde es el que se produce por electr\u00f3lisis del agua usando electricidad de fuentes renovables. Durante su combusti\u00f3n, el hidr\u00f3geno no emite gases de efecto invernadero, por lo que es el gas id\u00f3neo para convertirse en el combustible del futuro.<\/p>\n\n\n\n<p>Los objetivos de la Uni\u00f3n Europea son que el hidr\u00f3geno verde sea una tecnolog\u00eda madura y totalmente implantada en el continente en 2050. Para 2030, el objetivo es disponer de 40&nbsp;GW de electrolizadores y una producci\u00f3n de 10&nbsp;millones de toneladas al a\u00f1o. Para ello, la fecha m\u00e1xima de finalizaci\u00f3n de los contratos a largo plazo de gas natural se ha fijado en 2049.<\/p>\n\n\n\n<p>La construcci\u00f3n de electrolizadores y el desarrollo de la infraestructura necesaria para su distribuci\u00f3n ser\u00e1n otras de las claves para una transici\u00f3n energ\u00e9tica completa. La pen\u00ednsula ib\u00e9rica, con su gran potencial solar, y el Mar del Norte, con su potencial de e\u00f3lica marina, pueden convertirse en los principales hubs de producci\u00f3n y distribuci\u00f3n de hidr\u00f3geno verde para el continente europeo.<\/p>\n\n\n\n<h3 class=\"wp-block-heading\" id=\"redes-de-transporte-y-distribucion-de-electricidad\">Redes de transporte y distribuci\u00f3n de electricidad<\/h3>\n\n\n\n<p>Las redes el\u00e9ctricas son el camino de la energ\u00eda desde su punto de generaci\u00f3n hasta cada uno de los puntos de consumo. Para una transici\u00f3n energ\u00e9tica completa se necesitar\u00e1n redes de transporte y de distribuci\u00f3n de electricidad capaces de transportar toda la generaci\u00f3n renovable a los puntos de consumo con las m\u00ednimas congestiones para evitar los vertidos de energ\u00eda.<\/p>\n\n\n\n<p>Otro de los desaf\u00edos del sistema el\u00e9ctrico ser\u00e1 que la generaci\u00f3n cada vez estar\u00e1 menos centralizada y m\u00e1s descentralizada. Esto supone una ventaja ya que la electricidad necesita de menos tendido el\u00e9ctrico al encontrarse la generaci\u00f3n mucho m\u00e1s cerca del consumo. Pero tambi\u00e9n representa un reto, dado que el balance entre generaci\u00f3n y consumo que siempre se debe mantener resultar\u00e1 m\u00e1s complejo.<\/p>\n\n\n\n<h3 class=\"wp-block-heading\" id=\"analisis-sobre-las-perspectivas-de-los-mercados-de-energia-en-europa-y-la-financiacion-y-valoracion-de-proyectos-renovables\">An\u00e1lisis sobre las perspectivas de los mercados de energ\u00eda en Europa y la financiaci\u00f3n y valoraci\u00f3n de proyectos renovables<\/h3>\n\n\n\n<p>El pr\u00f3ximo webinar que se realizar\u00e1 el d\u00eda 8 de junio a las 12:00 CET ser\u00e1 ya la edici\u00f3n n\u00famero 34 de la serie de webinars mensuales de AleaSoft Energy Forecasting y AleaGreen, y contar\u00e1 de nuevo con la participaci\u00f3n de ponentes de Engie Espa\u00f1a.<\/p>\n\n\n\n<p>Desde Engie Espa\u00f1a aportar\u00e1n su visi\u00f3n y vasta experiencia en la financiaci\u00f3n de proyectos de energ\u00edas renovables y los PPA, y se analizar\u00e1n los principales temas regulatorios del sector el\u00e9ctrico espa\u00f1ol y la evoluci\u00f3n y perspectivas de los mercados de energ\u00eda europeos en la segunda parte de 2023 y durante el pr\u00f3ximo invierno.<\/p>\n\n\n\n<p>Fuente: https:\/\/elperiodicodelaenergia.com\/el-complejo-engranaje-de-la-transicion-energetica-i\/<\/p>\n\n\n\n<p><\/p>\n","protected":false},"excerpt":{"rendered":"<p>La transici\u00f3n energ\u00e9tica en Europa, que permitir\u00e1 la descarbonizaci\u00f3n hacia una econom\u00eda con cero emisiones netas de gases de efecto invernadero y energ\u00e9ticamente independiente, es una transformaci\u00f3n de proporciones gigantescas que, adem\u00e1s, se quiere llevar a cabo en tan solo unas pocas d\u00e9cadas. Si hubiera que enumerar solo quince factores que ser\u00e1n claves para lograr [&hellip;]<\/p>\n","protected":false},"author":1,"featured_media":6014,"comment_status":"closed","ping_status":"closed","sticky":false,"template":"","format":"standard","meta":{"footnotes":""},"categories":[1],"tags":[],"class_list":["post-6013","post","type-post","status-publish","format-standard","has-post-thumbnail","hentry","category-noticias"],"_links":{"self":[{"href":"https:\/\/epre.gov.ar\/web\/wp-json\/wp\/v2\/posts\/6013","targetHints":{"allow":["GET"]}}],"collection":[{"href":"https:\/\/epre.gov.ar\/web\/wp-json\/wp\/v2\/posts"}],"about":[{"href":"https:\/\/epre.gov.ar\/web\/wp-json\/wp\/v2\/types\/post"}],"author":[{"embeddable":true,"href":"https:\/\/epre.gov.ar\/web\/wp-json\/wp\/v2\/users\/1"}],"replies":[{"embeddable":true,"href":"https:\/\/epre.gov.ar\/web\/wp-json\/wp\/v2\/comments?post=6013"}],"version-history":[{"count":1,"href":"https:\/\/epre.gov.ar\/web\/wp-json\/wp\/v2\/posts\/6013\/revisions"}],"predecessor-version":[{"id":6015,"href":"https:\/\/epre.gov.ar\/web\/wp-json\/wp\/v2\/posts\/6013\/revisions\/6015"}],"wp:featuredmedia":[{"embeddable":true,"href":"https:\/\/epre.gov.ar\/web\/wp-json\/wp\/v2\/media\/6014"}],"wp:attachment":[{"href":"https:\/\/epre.gov.ar\/web\/wp-json\/wp\/v2\/media?parent=6013"}],"wp:term":[{"taxonomy":"category","embeddable":true,"href":"https:\/\/epre.gov.ar\/web\/wp-json\/wp\/v2\/categories?post=6013"},{"taxonomy":"post_tag","embeddable":true,"href":"https:\/\/epre.gov.ar\/web\/wp-json\/wp\/v2\/tags?post=6013"}],"curies":[{"name":"wp","href":"https:\/\/api.w.org\/{rel}","templated":true}]}}