{"id":5969,"date":"2023-05-17T13:45:52","date_gmt":"2023-05-17T13:45:52","guid":{"rendered":"https:\/\/epre.gov.ar\/web\/?p=5969"},"modified":"2023-05-17T13:45:54","modified_gmt":"2023-05-17T13:45:54","slug":"ya-tenemos-la-primera-gigafactoria-de-almacenamiento-de-energia-termica-son-buenas-noticias-para-las-renovables","status":"publish","type":"post","link":"https:\/\/epre.gov.ar\/web\/ya-tenemos-la-primera-gigafactoria-de-almacenamiento-de-energia-termica-son-buenas-noticias-para-las-renovables\/","title":{"rendered":"Ya tenemos la primera \u00abgigafactor\u00eda\u00bb de almacenamiento de energ\u00eda t\u00e9rmica. Son buenas noticias para las renovables."},"content":{"rendered":"\n<p>Dimona es una peque\u00f1a y remota localidad situada en el desierto del N\u00e9guev, Israel, a escasos kil\u00f3metros del mar Muerto, pero desde hace unos d\u00edas destaca en el mapa energ\u00e9tico global. Y por m\u00e9ritos propios. La compa\u00f1\u00eda Brenmiller Energy acaba de inaugurar en su territorio la que reivindica como primera gigafactor\u00eda de energ\u00eda t\u00e9rmica del mundo. La noticia es relevante tanto por lo que implica para el sector como por lo que puede aportar en la carrera hacia la descarbonizaci\u00f3n.<\/p>\n\n\n\n<p>Al fin y al cabo aspira a ayudarnos a solucionar uno de los grandes h\u00e1ndicaps de las fuentes renovables: los efectos de sus intermitencias en el suministro.<\/p>\n\n\n\n<p>\u00bfCu\u00e1l es la novedad? Que Brenmiller, una firma israel\u00ed especializada en almacenamiento de energ\u00eda t\u00e9rmica, acaba de inaugurar una planta en Dimona, en el distrito meridional del pa\u00eds. La noticia no tendr\u00eda mayor relevancia si no fuera porque la compa\u00f1\u00eda reivindica que se trata de la primera \u00abgigafactor\u00eda\u00bb de su tipo a nivel mundial. Para verla a pleno funcionamiento, eso s\u00ed, tendremos que esperar a\u00fan unos cuantos meses. Aunque sus puertas se abrieron en mayo, Brenmiller calcula que no alcanzar\u00e1 su capacidad m\u00e1xima hasta finales de 2023.<\/p>\n\n\n\n<p>\u00bfY a qu\u00e9 se dedicar\u00e1? A fabricar los bGen TES de Brenmiller, m\u00f3dulos pensados para el almacenamiento t\u00e9rmico. Su funcionamiento es relativamente sencillo, al menos sobre el papel: el sistema se carga con electricidad generada por fuentes renovables o de la red \u2014cuando su costo es m\u00e1s bajo\u2014 y la transforma en calor gracias a calentadores integrados en sus m\u00f3dulos. Cuando el cliente necesita la energ\u00eda se recupera mediante un sistema de tuber\u00edas por las que fluye el agua y se descarga vapor. En el proceso se alcanzan temperaturas de hasta 750\u00baC.<\/p>\n\n\n\n<p>\u00bfEn qu\u00e9 consiste su tecnolog\u00eda? El conocido como TES, por sus siglas en ingl\u00e9s, busca conservar energ\u00eda t\u00e9rmica para aprovecharla cuando sea necesaria, pasadas horas, d\u00edas o incluso meses. Tal posibilidad resulta interesante sobre todo cuando la energ\u00eda parte de una fuente renovable como la solar o e\u00f3lica, marcadas por las fluctuaciones y cuyos niveles de generaci\u00f3n y demanda no siempre tienen por qu\u00e9 ir parejos. Para su prop\u00f3sito, los TES pueden utilizar diferentes recursos: tanques de agua, masas de tierra\u2026 Por lo que apuestan desde 2012 en Brenmiller es el almacenamiento de energ\u00eda t\u00e9rmica en rocas volc\u00e1nicas trituradas.<\/p>\n\n\n\n<p>\u00abLa tecnolog\u00eda de bGen permite emplear recursos renovables, as\u00ed como calor residual, para calentar rocas trituradas a temperaturas muy altas. A continuaci\u00f3n, pueden almacenar el calor durante minutos, horas o incluso d\u00edas antes de utilizarlo en procesos industriales y de generaci\u00f3n de energ\u00eda\u00bb, detallan desde la compa\u00f1\u00eda israel\u00ed. Cuando en unos meses est\u00e9 a pleno funcionamiento, la nueva factor\u00eda de Dimona permitir\u00e1 producir hasta 4 GWh anuales de sus m\u00f3dulos.<\/p>\n\n\n\n<p>\u00bfPor qu\u00e9 es tan importante? Porque \u2014como explicaba durante la inauguraci\u00f3n de Dimona Avi Brenmiller, fundador y director ejecutivo de la compa\u00f1\u00eda\u2014 el almacenamiento de energ\u00eda t\u00e9rmica puede ayudar en el proceso de descarbonizaci\u00f3n. \u00bfC\u00f3mo? Haciendo m\u00e1s sencilla la conservaci\u00f3n y posterior uso de la energ\u00eda generada por renovables cuando, por escasez de sol en la fotovoltaica o viento en la e\u00f3lica, por ejemplo, sean incapaces de satisfacer la demanda.<\/p>\n\n\n\n<p>\u00abbGen es una soluci\u00f3n inteligente, escalable y rentable que permite la descarbonizaci\u00f3n a escala industrial y de servicios mediante la conversi\u00f3n de electricidad renovable en vapor, agua o aire caliente limpios \u2014reivindica la firma\u2014. Aporta a los fabricantes y centrales el\u00e9ctricas una fiabilidad cr\u00edtica, protecci\u00f3n frente a la intermitencia de las renovables y fluctuaciones de los precios del mercado energ\u00e9tico, adem\u00e1s de acceso ininterrumpido al calor el\u00e9ctrico\u00bb.<\/p>\n\n\n\n<p>\u00bfY m\u00e1s all\u00e1 de Brenmiller? Detr\u00e1s de la puesta en marcha de la factor\u00eda no solo est\u00e1 la compa\u00f1\u00eda israel\u00ed. Como detalla la propia Brenmiller, ha contado con el apoyo del Banco Europeo de Inversiones (BEI) a trav\u00e9s de una l\u00ednea de cr\u00e9dito de 7,5 millones de euros. Gracias en parte a ese respaldo, la \u00abgigafactor\u00eda\u00bb incorpora una instalaci\u00f3n solar fotovoltaica (PV) en la cubierta para sus operaciones.<\/p>\n\n\n\n<p>\u00abLa necesidad de independencia energ\u00e9tica en la UE es indiscutible \u2014explica Thomas \u00d6stros, del BEI\u2014. Sin embargo, las renovables por s\u00ed solas no resolver\u00e1n nuestra crisis energ\u00e9tica o clim\u00e1tica. El almacenamiento de larga duraci\u00f3n resulta crucial para respaldar la intermitencia renovable, descarbonizar nuestras redes y f\u00e1bricas y garantizar un suministro seguro\u00bb. En la nueva factor\u00eda se desarrollar\u00e1 tecnolog\u00eda TES que ayudar\u00e1 a Europa a \u00absuperar los desaf\u00edos energ\u00e9ticos\u00bb.<\/p>\n\n\n\n<p>Fuente: https:\/\/www.xataka.com\/energia\/tenemos-primera-gigafactoria-almacenamiento-energia-termica-buenas-noticias-para-renovables<\/p>\n","protected":false},"excerpt":{"rendered":"<p>Dimona es una peque\u00f1a y remota localidad situada en el desierto del N\u00e9guev, Israel, a escasos kil\u00f3metros del mar Muerto, pero desde hace unos d\u00edas destaca en el mapa energ\u00e9tico global. Y por m\u00e9ritos propios. La compa\u00f1\u00eda Brenmiller Energy acaba de inaugurar en su territorio la que reivindica como primera gigafactor\u00eda de energ\u00eda t\u00e9rmica del [&hellip;]<\/p>\n","protected":false},"author":1,"featured_media":5970,"comment_status":"closed","ping_status":"closed","sticky":false,"template":"","format":"standard","meta":{"footnotes":""},"categories":[1],"tags":[],"class_list":["post-5969","post","type-post","status-publish","format-standard","has-post-thumbnail","hentry","category-noticias"],"_links":{"self":[{"href":"https:\/\/epre.gov.ar\/web\/wp-json\/wp\/v2\/posts\/5969","targetHints":{"allow":["GET"]}}],"collection":[{"href":"https:\/\/epre.gov.ar\/web\/wp-json\/wp\/v2\/posts"}],"about":[{"href":"https:\/\/epre.gov.ar\/web\/wp-json\/wp\/v2\/types\/post"}],"author":[{"embeddable":true,"href":"https:\/\/epre.gov.ar\/web\/wp-json\/wp\/v2\/users\/1"}],"replies":[{"embeddable":true,"href":"https:\/\/epre.gov.ar\/web\/wp-json\/wp\/v2\/comments?post=5969"}],"version-history":[{"count":1,"href":"https:\/\/epre.gov.ar\/web\/wp-json\/wp\/v2\/posts\/5969\/revisions"}],"predecessor-version":[{"id":5971,"href":"https:\/\/epre.gov.ar\/web\/wp-json\/wp\/v2\/posts\/5969\/revisions\/5971"}],"wp:featuredmedia":[{"embeddable":true,"href":"https:\/\/epre.gov.ar\/web\/wp-json\/wp\/v2\/media\/5970"}],"wp:attachment":[{"href":"https:\/\/epre.gov.ar\/web\/wp-json\/wp\/v2\/media?parent=5969"}],"wp:term":[{"taxonomy":"category","embeddable":true,"href":"https:\/\/epre.gov.ar\/web\/wp-json\/wp\/v2\/categories?post=5969"},{"taxonomy":"post_tag","embeddable":true,"href":"https:\/\/epre.gov.ar\/web\/wp-json\/wp\/v2\/tags?post=5969"}],"curies":[{"name":"wp","href":"https:\/\/api.w.org\/{rel}","templated":true}]}}