{"id":5938,"date":"2023-05-05T12:33:32","date_gmt":"2023-05-05T12:33:32","guid":{"rendered":"https:\/\/epre.gov.ar\/web\/?p=5938"},"modified":"2023-05-05T12:33:34","modified_gmt":"2023-05-05T12:33:34","slug":"ypf-luz-abastecera-con-energia-renovable-un-proyecto-minero-en-san-juan","status":"publish","type":"post","link":"https:\/\/epre.gov.ar\/web\/ypf-luz-abastecera-con-energia-renovable-un-proyecto-minero-en-san-juan\/","title":{"rendered":"YPF Luz abastecer\u00e1 con energ\u00eda renovable un proyecto minero en San Juan."},"content":{"rendered":"\n<p>Las firmas involucradas eval\u00faan las alternativas para abastecer el proyecto con energ\u00eda el\u00e9ctrica a partir de fuentes renovables. Se trata de uno de los diez proyectos de cobre m\u00e1s grandes del pa\u00eds.<\/p>\n\n\n\n<p>YPF Luz y la minera McEwen Copper firmaron un acuerdo de colaboraci\u00f3n para el desarrollo de energ\u00eda renovable para el Proyecto Los Azules, en San Juan. Las compa\u00f1\u00edas eval\u00faan las alternativas para \u00abimplementar soluciones destinadas a garantizar el mejor suministro de energ\u00eda el\u00e9ctrica sustentable al proyecto\u00ab, marcaron desde YPF Luz. Se trata de uno de los diez proyectos de cobre m\u00e1s grandes del pa\u00eds.<\/p>\n\n\n\n<p>\u201cLa industria minera en Argentina presenta grandes oportunidades para el desarrollo del pa\u00eds y con ello el sector de la energ\u00eda renovable. San Juan tiene la suerte que le ha brindado la naturaleza de tener ambos elementos: el cobre y el sol, recursos que combinados permitir\u00e1n viabilizar esta industria en forma eficiente y competitiva para el mundo\u201d, resalt\u00f3 el CEO de YPF Luz, Mart\u00edn Mandarano.<\/p>\n\n\n\n<p>\u201cSin dudas, cuando Los Azules est\u00e9 en operaci\u00f3n ser\u00e1 muy relevante para el pa\u00eds por la riqueza que puede generar, los recursos humanos que necesitar\u00e1. Por ello nos enorgullece poder trabajar conjuntamente con McEwen Copper en una soluci\u00f3n energ\u00e9tica confiable y sustentable para sus operaciones\u00bb, remarc\u00f3.<\/p>\n\n\n\n<p>El proyecto \u201cLos Azules\u201d se ubica en la Cordillera Frontal de Argentina, en el l\u00edmite occidental de la Provincia de San Juan, en el departamento Calingasta. La distancia desde la ciudad de San Juan a Villa Calingasta es de 174 kil\u00f3metros. De Villa Calingasta a \u201cLos Azules\u201d se suman 124 kil\u00f3metros m\u00e1s. La altura promedio es de 3.600 metros sobre el nivel del mar.<\/p>\n\n\n\n<p>Por su parte, el gerente general de Los Azules y Vicepresidente de McEwen Copper, Michael Meding expres\u00f3 que \u201csumar a YPF Luz como socio estrat\u00e9gico para abastecer Los Azules, uno de los diez proyectos de cobre m\u00e1s grande del mundo, con 100% energ\u00eda renovable es un paso muy importante para el dise\u00f1o de una mina sustentable, tal como concebimos al proyecto\u00bb.<\/p>\n\n\n\n<p>\u00abLos Azules quiere aportar el cobre que necesita el planeta para su transformaci\u00f3n energ\u00e9tica hacia una matriz m\u00e1s verde. Tenemos como meta ser carbono neutral a m\u00e1s tardar en 2038 e YPF Luz va a jugar un rol clave para lograrlo\u201d, subray\u00f3.<\/p>\n\n\n\n<p>El Proyecto present\u00f3 su Informe de Impacto Ambiental el 14 de abril. Contempla una mina a cielo abierto, con un proceso de lixiviaci\u00f3n en pilas de 27 a 30 a\u00f1os. Con \u00e9l se realizar\u00e1 la producci\u00f3n de c\u00e1todos de cobre con 99,99% de pureza. Se planifica una producci\u00f3n de 100.000 a 150.000 toneladas al a\u00f1o.<\/p>\n\n\n\n<p>En la actualidad, en el proyecto trabajan 564 personas, siendo la iniciativa en exploraci\u00f3n con mayor cantidad de trabajadores y con 14 perforadoras operando las 24 horas. De acuerdo a las condiciones de mercado a la fecha, el proyecto Los Azules requerir\u00eda una inversi\u00f3n de capital de entre 2.100 y 2.300 millones de d\u00f3lares.<\/p>\n\n\n\n<p>Adem\u00e1s de Mandarano y Meding, estuvieron presentes la gerente de Relaciones Institucionales de YPF Luz, Mariana Iribarne; el gerente Ejecutivo de B2B de YPF, Agust\u00edn Rebello; el gerente de Planeamiento y Desarrollo de Negocios de YPF Luz, Patricio Cipollone; el gerente de Administraci\u00f3n y Recursos Humanos del proyecto, Franco Rizzetto y el gerente legal de Los Azules, Rodolfo Ovalles.<\/p>\n\n\n\n<p>Fuente: https:\/\/www.rionegro.com.ar\/energia\/ypf-luz-abastecera-con-energia-renovable-un-proyecto-minero-en-san-juan-2890056\/<\/p>\n\n\n\n<p><\/p>\n","protected":false},"excerpt":{"rendered":"<p>Las firmas involucradas eval\u00faan las alternativas para abastecer el proyecto con energ\u00eda el\u00e9ctrica a partir de fuentes renovables. Se trata de uno de los diez proyectos de cobre m\u00e1s grandes del pa\u00eds. YPF Luz y la minera McEwen Copper firmaron un acuerdo de colaboraci\u00f3n para el desarrollo de energ\u00eda renovable para el Proyecto Los Azules, [&hellip;]<\/p>\n","protected":false},"author":1,"featured_media":5939,"comment_status":"closed","ping_status":"closed","sticky":false,"template":"","format":"standard","meta":{"footnotes":""},"categories":[1],"tags":[],"class_list":["post-5938","post","type-post","status-publish","format-standard","has-post-thumbnail","hentry","category-noticias"],"_links":{"self":[{"href":"https:\/\/epre.gov.ar\/web\/wp-json\/wp\/v2\/posts\/5938","targetHints":{"allow":["GET"]}}],"collection":[{"href":"https:\/\/epre.gov.ar\/web\/wp-json\/wp\/v2\/posts"}],"about":[{"href":"https:\/\/epre.gov.ar\/web\/wp-json\/wp\/v2\/types\/post"}],"author":[{"embeddable":true,"href":"https:\/\/epre.gov.ar\/web\/wp-json\/wp\/v2\/users\/1"}],"replies":[{"embeddable":true,"href":"https:\/\/epre.gov.ar\/web\/wp-json\/wp\/v2\/comments?post=5938"}],"version-history":[{"count":1,"href":"https:\/\/epre.gov.ar\/web\/wp-json\/wp\/v2\/posts\/5938\/revisions"}],"predecessor-version":[{"id":5940,"href":"https:\/\/epre.gov.ar\/web\/wp-json\/wp\/v2\/posts\/5938\/revisions\/5940"}],"wp:featuredmedia":[{"embeddable":true,"href":"https:\/\/epre.gov.ar\/web\/wp-json\/wp\/v2\/media\/5939"}],"wp:attachment":[{"href":"https:\/\/epre.gov.ar\/web\/wp-json\/wp\/v2\/media?parent=5938"}],"wp:term":[{"taxonomy":"category","embeddable":true,"href":"https:\/\/epre.gov.ar\/web\/wp-json\/wp\/v2\/categories?post=5938"},{"taxonomy":"post_tag","embeddable":true,"href":"https:\/\/epre.gov.ar\/web\/wp-json\/wp\/v2\/tags?post=5938"}],"curies":[{"name":"wp","href":"https:\/\/api.w.org\/{rel}","templated":true}]}}