{"id":5910,"date":"2023-04-26T13:18:15","date_gmt":"2023-04-26T13:18:15","guid":{"rendered":"https:\/\/epre.gov.ar\/web\/?p=5910"},"modified":"2023-04-26T13:18:17","modified_gmt":"2023-04-26T13:18:17","slug":"la-energia-renovable-pisa-el-acelerador-en-portugal-son-buenas-noticias-para-los-intereses-de-espana","status":"publish","type":"post","link":"https:\/\/epre.gov.ar\/web\/la-energia-renovable-pisa-el-acelerador-en-portugal-son-buenas-noticias-para-los-intereses-de-espana\/","title":{"rendered":"La energ\u00eda renovable pisa el acelerador en Portugal. Son buenas noticias para los intereses de Espa\u00f1a."},"content":{"rendered":"\n<p>La combinaci\u00f3n entre el cambio clim\u00e1tico y la crisis energ\u00e9tica agravada por la invasi\u00f3n rusa de Ucrania han acelerado el proceso de transici\u00f3n hacia fuentes de energ\u00eda m\u00e1s respetuosas con el medioambiente logrando, asimismo, una reducci\u00f3n de la dependencia energ\u00e9tica hacia Rusia, cuesti\u00f3n de m\u00e1xima importancia para los pa\u00edses de la UE.<\/p>\n\n\n\n<p>Plan ib\u00e9rico. Esta situaci\u00f3n revaloriz\u00f3 la pen\u00ednsula ib\u00e9rica debido a la presencia de sus siete plantas de regasificaci\u00f3n operativas -seis en Espa\u00f1a, una en Portugal- y al hecho de poseer el 40% de la capacidad europea de almacenamiento de este hidrocarburo.<\/p>\n\n\n\n<p>El avance de la energ\u00eda renovable lusa. Paralelamente, Espa\u00f1a y Portugal se encontraban en el top 20 de pa\u00edses con las pol\u00edticas de transici\u00f3n energ\u00e9tica m\u00e1s efectivas entre 2012 y 2021, seg\u00fan el informe \u2018Fostering Effective Energy Transition 2021\u2019 elaborado por el Foro Econ\u00f3mico Mundial. De hecho, si bien ambos pa\u00edses confieren una importancia capital a esta transformaci\u00f3n energ\u00e9tica, Portugal est\u00e1 adelantado en algunos aspectos: en 2021 fue el und\u00e9cimo pa\u00eds europeo que m\u00e1s energ\u00eda obten\u00eda de fuentes renovables (34%), mientras que Espa\u00f1a se encontraba en el vig\u00e9simo primer puesto (21%), por debajo de la media europea (22%).<\/p>\n\n\n\n<p>Datos muy positivos. En relaci\u00f3n con la producci\u00f3n de energ\u00edas renovables en Portugal, a principios del mes de abril se hicieron p\u00fablicos los datos de ADENE \u2013 Ag\u00eancia para Energia que se\u00f1alaban que en el primer trimestre de este a\u00f1o, el 72% del consumo energ\u00e9tico portugu\u00e9s provino de energ\u00edas renovables. Concretamente, el 34% proced\u00eda de la producci\u00f3n h\u00eddrica; el 27,3% de la e\u00f3lica; el 27,3% de biomasa y el 5,1% de sistemas fotovoltaicos.<\/p>\n\n\n\n<p>De hecho, el pasado mes de enero las energ\u00edas renovables supusieron el 85% de toda la producci\u00f3n energ\u00e9tica lusa, porcentaje que lleg\u00f3 a ser del 97% durante las primeras dos semanas del a\u00f1o.<\/p>\n\n\n\n<p>60.000 millones de euros \u2018renovables\u2019. Estos datos evidencian la apuesta del gobierno portugu\u00e9s por descarbonizar el sector energ\u00e9tico y, por extensi\u00f3n, el pa\u00eds. En este sentido, Duarte Cordeiro, ministro de Ambiente y Acci\u00f3n Clim\u00e1tica, anunci\u00f3 el pasado 8 de marzo el plan para invertir 60.000 millones de euros en el sector energ\u00e9tico portugu\u00e9s hasta 2030.<\/p>\n\n\n\n<p>Por tierra, mar y aire. Cordeiro, que asegur\u00f3 que la estimaci\u00f3n econ\u00f3mica de este plan era \u201cconservadora\u201d, explic\u00f3 algunos detalles de este plan ante el Parlamento portugu\u00e9s. As\u00ed, el ministro se\u00f1al\u00f3 que de esos 60.000 millones de euros, entre 3.000 y 3.500 millones ir\u00e1n destinados a la energ\u00eda e\u00f3lica terrestre; entre 4.300 y 4.700 millones ir\u00e1n a parar a instalaciones de energ\u00eda solar; entre 30.000 y 40.000 millones ir\u00e1n destinados a la construcci\u00f3n de instalaciones de 10GW para las plantas de energ\u00eda e\u00f3lica ubicadas en el mar y 430 millones de euros para mejorar la red de transporte el\u00e9ctrica.<\/p>\n\n\n\n<p>Inversi\u00f3n en hidr\u00f3geno verde. Adem\u00e1s, el ministro asegur\u00f3 que entre 7.000 y 9.000 millones de euros ser\u00e1n destinados a proyectos relacionados con la producci\u00f3n y distribuci\u00f3n de hidr\u00f3geno verde, asunto de vital importancia para los intereses de los dos pa\u00edses ib\u00e9ricos, que quieren convertir a la pen\u00ednsula en el \u2018hub\u2019 europeo de este vector energ\u00e9tico.<\/p>\n\n\n\n<p>Destino Europa. Ese es el objetivo del proyecto H2Med, interconexi\u00f3n energ\u00e9tica que unir\u00e1 Portugal, Espa\u00f1a y Francia y que estar\u00e1 capacitada para transportar hidr\u00f3geno verde y gas hacia esos pa\u00edses y, eventualmente, el resto del continente europeo. Alemania ya mostr\u00f3 su inter\u00e9s en este proyecto que acelerar\u00eda la reducci\u00f3n de la dependencia alemana en la energ\u00eda rusa.<\/p>\n\n\n\n<p>CelZa y BarMar. Este proyecto incluye la construcci\u00f3n de dos tuber\u00edas h\u00edbridas -gaseoducto e hidroducto- en la pen\u00ednsula ib\u00e9rica. Una, denominada CelZa, conectar\u00e1 la villa portuguesa de Celorico da Beira con Zamora \u00a0y la otra, llamada BarMar, conectar\u00e1 Barcelona con Marsella. De esta forma se dar\u00e1 salida al gas de plantas regasificadoras como la de Sines, al sur de Lisboa, en cuyo puerto, adem\u00e1s, se est\u00e1 construyendo una planta de producci\u00f3n de hidr\u00f3geno verde cuyo coste asciende a los 3.000 millones de euros.<\/p>\n\n\n\n<p>Escrutinio ecologista. Sin embargo, todo este plan es observado de cerca por el movimiento ecologista. En este sentido, la asociaci\u00f3n medioambiental portuguesa ZERO rechaz\u00f3 el pasado mes de marzo tres de los cuatro planes presentados por el gobierno portugu\u00e9s para el proyecto H2Med.<\/p>\n\n\n\n<p>Presiones del sector gas\u00edstico. Por su parte, Greenpeace y la Fundaci\u00f3n Renovables publicaron ese mismo mes un informe en el que aseguraban que este proyecto desv\u00eda los recursos del desarrollo eficiente de energ\u00edas renovables, \u201crespondiendo m\u00e1s a la demanda del sector gas\u00edstico que a los intereses reales de la sociedad\u201d.<\/p>\n\n\n\n<p>Preocupaci\u00f3n en Bruselas. En definitiva, el cambio clim\u00e1tico es una de las mayores preocupaciones en el Viejo Continente y las recientes advertencias de la UE a la Junta de Andaluc\u00eda por su plan para Do\u00f1ana dan buena cuenta de ello.<\/p>\n\n\n\n<p>Un tema caliente. En este contexto, Espa\u00f1a y Portugal han decidido potenciar sus estrategias para acelerar la transici\u00f3n energ\u00e9tica ante la atenta y vigilante mirada de los movimientos ecologistas. Y todo esto ocurre meses antes del que puede ser uno de los veranos m\u00e1s calurosos de la historia.<\/p>\n\n\n\n<p>Fuente: https:\/\/www.xataka.com\/energia\/energia-renovable-pisa-acelerador-portugal-buenas-noticias-para-intereses-espana<\/p>\n\n\n\n<p><\/p>\n\n\n\n<p><\/p>\n\n\n\n<p><\/p>\n","protected":false},"excerpt":{"rendered":"<p>La combinaci\u00f3n entre el cambio clim\u00e1tico y la crisis energ\u00e9tica agravada por la invasi\u00f3n rusa de Ucrania han acelerado el proceso de transici\u00f3n hacia fuentes de energ\u00eda m\u00e1s respetuosas con el medioambiente logrando, asimismo, una reducci\u00f3n de la dependencia energ\u00e9tica hacia Rusia, cuesti\u00f3n de m\u00e1xima importancia para los pa\u00edses de la UE. Plan ib\u00e9rico. Esta [&hellip;]<\/p>\n","protected":false},"author":1,"featured_media":5911,"comment_status":"closed","ping_status":"closed","sticky":false,"template":"","format":"standard","meta":{"footnotes":""},"categories":[1],"tags":[],"class_list":["post-5910","post","type-post","status-publish","format-standard","has-post-thumbnail","hentry","category-noticias"],"_links":{"self":[{"href":"https:\/\/epre.gov.ar\/web\/wp-json\/wp\/v2\/posts\/5910","targetHints":{"allow":["GET"]}}],"collection":[{"href":"https:\/\/epre.gov.ar\/web\/wp-json\/wp\/v2\/posts"}],"about":[{"href":"https:\/\/epre.gov.ar\/web\/wp-json\/wp\/v2\/types\/post"}],"author":[{"embeddable":true,"href":"https:\/\/epre.gov.ar\/web\/wp-json\/wp\/v2\/users\/1"}],"replies":[{"embeddable":true,"href":"https:\/\/epre.gov.ar\/web\/wp-json\/wp\/v2\/comments?post=5910"}],"version-history":[{"count":1,"href":"https:\/\/epre.gov.ar\/web\/wp-json\/wp\/v2\/posts\/5910\/revisions"}],"predecessor-version":[{"id":5912,"href":"https:\/\/epre.gov.ar\/web\/wp-json\/wp\/v2\/posts\/5910\/revisions\/5912"}],"wp:featuredmedia":[{"embeddable":true,"href":"https:\/\/epre.gov.ar\/web\/wp-json\/wp\/v2\/media\/5911"}],"wp:attachment":[{"href":"https:\/\/epre.gov.ar\/web\/wp-json\/wp\/v2\/media?parent=5910"}],"wp:term":[{"taxonomy":"category","embeddable":true,"href":"https:\/\/epre.gov.ar\/web\/wp-json\/wp\/v2\/categories?post=5910"},{"taxonomy":"post_tag","embeddable":true,"href":"https:\/\/epre.gov.ar\/web\/wp-json\/wp\/v2\/tags?post=5910"}],"curies":[{"name":"wp","href":"https:\/\/api.w.org\/{rel}","templated":true}]}}