{"id":5898,"date":"2023-04-21T12:38:40","date_gmt":"2023-04-21T12:38:40","guid":{"rendered":"https:\/\/epre.gov.ar\/web\/?p=5898"},"modified":"2023-04-21T12:38:41","modified_gmt":"2023-04-21T12:38:41","slug":"ypf-luz-impulsa-la-primera-fase-de-un-proyecto-solar-de-300-mw-en-argentina","status":"publish","type":"post","link":"https:\/\/epre.gov.ar\/web\/ypf-luz-impulsa-la-primera-fase-de-un-proyecto-solar-de-300-mw-en-argentina\/","title":{"rendered":"YPF Luz impulsa la primera fase de un proyecto solar de 300 MW en Argentina."},"content":{"rendered":"\n<p>Se trata del primer parque solar que la empresa pone en marcha en Argentina.<\/p>\n\n\n\n<p><em>La empresa estatal argentina <strong>YPF Luz<\/strong> ha puesto en marcha una planta solar fotovoltaica de 100 MW en la provincia occidental de San Juan, en Argentina.<\/em><\/p>\n\n\n\n<p>Se trata del primer parque solar que la empresa pone en marcha en Argentina y tendr\u00e1 capacidad para a\u00f1adir otros 200 MW (ambos en fases incrementales de 100 MW) en el futuro. La empresa no ha revelado cu\u00e1ndo lo har\u00e1.<\/p>\n\n\n\n<p>El parque solar fotovoltaico <em>\u00abZonda\u00bb<\/em> tiene un factor de potencia del 36% y en \u00e9l se han instalado m\u00e1s de 170.000 paneles solares bifaciales. Sin embargo, hasta ahora la empresa s\u00f3lo ha recibido la aprobaci\u00f3n de la C\u00e1mara Argentina de Compensaci\u00f3n del Mercado El\u00e9ctrico Mayorista (CAMMESA) para 30 MW de la potencia total, y el resto estar\u00e1 operativo en un futuro pr\u00f3ximo.<\/p>\n\n\n\n<p>Esta planta fotovoltaica forma parte de un acuerdo que la empresa firm\u00f3 el a\u00f1o pasado con EPSE (Empresa Provincial de Energ\u00eda del Estado) para la construcci\u00f3n de dos plantas solares en San Juan con una capacidad total de 500 MW.<\/p>\n\n\n\n<p>El proyecto requiri\u00f3 una inversi\u00f3n de 90 millones de d\u00f3lares que se financi\u00f3 con un bono verde de 63,9 millones de d\u00f3lares y con fondos de la Administraci\u00f3n Nacional de la Seguridad Social de Argentina (ANSES).<\/p>\n\n\n\n<p>Fuente: https:\/\/www.worldenergytrade.com\/energias-alternativas\/energia-solar\/ypf-luz-proyecto-solar-argentina-18460<\/p>\n","protected":false},"excerpt":{"rendered":"<p>Se trata del primer parque solar que la empresa pone en marcha en Argentina. La empresa estatal argentina YPF Luz ha puesto en marcha una planta solar fotovoltaica de 100 MW en la provincia occidental de San Juan, en Argentina. Se trata del primer parque solar que la empresa pone en marcha en Argentina y [&hellip;]<\/p>\n","protected":false},"author":1,"featured_media":5899,"comment_status":"closed","ping_status":"closed","sticky":false,"template":"","format":"standard","meta":{"footnotes":""},"categories":[1],"tags":[],"class_list":["post-5898","post","type-post","status-publish","format-standard","has-post-thumbnail","hentry","category-noticias"],"_links":{"self":[{"href":"https:\/\/epre.gov.ar\/web\/wp-json\/wp\/v2\/posts\/5898","targetHints":{"allow":["GET"]}}],"collection":[{"href":"https:\/\/epre.gov.ar\/web\/wp-json\/wp\/v2\/posts"}],"about":[{"href":"https:\/\/epre.gov.ar\/web\/wp-json\/wp\/v2\/types\/post"}],"author":[{"embeddable":true,"href":"https:\/\/epre.gov.ar\/web\/wp-json\/wp\/v2\/users\/1"}],"replies":[{"embeddable":true,"href":"https:\/\/epre.gov.ar\/web\/wp-json\/wp\/v2\/comments?post=5898"}],"version-history":[{"count":1,"href":"https:\/\/epre.gov.ar\/web\/wp-json\/wp\/v2\/posts\/5898\/revisions"}],"predecessor-version":[{"id":5900,"href":"https:\/\/epre.gov.ar\/web\/wp-json\/wp\/v2\/posts\/5898\/revisions\/5900"}],"wp:featuredmedia":[{"embeddable":true,"href":"https:\/\/epre.gov.ar\/web\/wp-json\/wp\/v2\/media\/5899"}],"wp:attachment":[{"href":"https:\/\/epre.gov.ar\/web\/wp-json\/wp\/v2\/media?parent=5898"}],"wp:term":[{"taxonomy":"category","embeddable":true,"href":"https:\/\/epre.gov.ar\/web\/wp-json\/wp\/v2\/categories?post=5898"},{"taxonomy":"post_tag","embeddable":true,"href":"https:\/\/epre.gov.ar\/web\/wp-json\/wp\/v2\/tags?post=5898"}],"curies":[{"name":"wp","href":"https:\/\/api.w.org\/{rel}","templated":true}]}}