{"id":5890,"date":"2023-03-28T14:30:51","date_gmt":"2023-03-28T14:30:51","guid":{"rendered":"https:\/\/epre.gov.ar\/web\/?p=5890"},"modified":"2023-04-19T14:34:18","modified_gmt":"2023-04-19T14:34:18","slug":"resolucion-no-42-2023","status":"publish","type":"post","link":"https:\/\/epre.gov.ar\/web\/resolucion-no-42-2023\/","title":{"rendered":"Resoluci\u00f3n N\u00ba 42 \/ 2023"},"content":{"rendered":"\n<p class=\"has-text-align-right\">Paran\u00e1, 28 de marzo de 2023<\/p>\n\n\n\n<p><a href=\"https:\/\/epre.gov.ar\/web\/wp-content\/uploads\/2023\/04\/Res_42_2023.pdf\" target=\"_blank\" rel=\"noreferrer noopener\">Descargar en formato PDF<\/a><\/p>\n\n\n\n<p><strong>VISTO:<\/strong><\/p>\n\n\n\n<p>Las Resoluciones EPRE N\u00ba 158\/08 y 206\/08; y<\/p>\n\n\n\n<p><strong>CONSIDERANDO:<\/strong><\/p>\n\n\n\n<p>Que, tanto el Art\u00edculo 2.1 del Anexo I de la Resoluci\u00f3n N\u00ba 158\/08 EPRE como el Art\u00edculo 2.1 del Anexo I la Resoluci\u00f3n N\u00ba 206\/08 EPRE, establecen que el extremo superior del ca\u00f1o de l\u00ednea de alimentaci\u00f3n para acometida a\u00e9rea, una vez instalado, tendr\u00e1 una altura m\u00ednima de 4,80 metros con relaci\u00f3n al nivel de vereda terminada;<\/p>\n\n\n\n<p>Que tanto la Resoluci\u00f3n N\u00ba 158\/08 EPRE como la Resoluci\u00f3n N\u00ba 206\/08 EPRE, establecen que la distancia m\u00ednima entre el borde superior de la caja de medici\u00f3n y el nivel de vereda terminada es de 1,50 metros;<\/p>\n\n\n\n<p>Que por motivos t\u00e9cnicos y econ\u00f3micos se ha incrementado la comercializaci\u00f3n de los ca\u00f1os de acometida doble aislaci\u00f3n cuya longitud es de 3 metros;<\/p>\n\n\n\n<p>Que la disminuci\u00f3n de 30 cm en la altura m\u00ednima desde el extremo superior del ca\u00f1o de l\u00ednea de alimentaci\u00f3n para acometida a\u00e9rea al nivel de vereda terminada no constituye un riesgo el\u00e9ctrico;<\/p>\n\n\n\n<p>Que por Decreto N\u00ba 1127\/96 MEOSP se dispuso la intervenci\u00f3n de este Ente, atribuy\u00e9ndose al Interventor las facultades del Directorio, y que de conformidad al Decreto N\u00b0 168\/19 MPIS se ha designado Interventor del Organismo al Dr. Jos\u00e9 Carlos Halle, por lo que en uso de las funciones establecidas en los Art\u00edculos 48\u00ba y 56\u00ba de la Ley N\u00ba 8.916;<\/p>\n\n\n\n<p><strong>EL INTERVENTOR DEL EPRE<\/strong><\/p>\n\n\n\n<p><strong>R E S U E L V E :<\/strong><\/p>\n\n\n\n<p><strong>ARTICULO 1\u00ba:<\/strong> Reemplazar en el Art\u00edculo 2.1 del Anexo I de la Resoluci\u00f3n N\u00ba 158\/08 EPRE el texto \u201cel extremo superior del ca\u00f1o, una vez instalado tendr\u00e1 una altura m\u00ednima de 4,80 m con relaci\u00f3n al nivel de vereda terminada\u201d por el siguiente: \u201cel extremo superior del ca\u00f1o, una vez instalado tendr\u00e1 una altura m\u00ednima de 4,50 m con relaci\u00f3n al nivel de vereda terminada\u201d, por los motivos expuestos en los considerandos de la presente.<\/p>\n\n\n\n<p><strong>ARTICULO 2\u00ba:<\/strong>Reemplazar en el Art\u00edculo 2.1 del Anexo I de la Resoluci\u00f3n N\u00ba 206\/08 EPRE el texto \u201cel extremo superior del ca\u00f1o, una vez instalado tendr\u00e1 una altura m\u00ednima de 4,80 m con relaci\u00f3n al nivel de vereda terminada\u201d por el siguiente: \u201cel extremo superior del ca\u00f1o, una vez instalado tendr\u00e1 una altura m\u00ednima de 4,50 m con relaci\u00f3n al nivel de vereda terminada\u201d, por los motivos expuestos en los considerandos de la presente.<\/p>\n\n\n\n<p><strong>ARTICULO 3\u00ba:<\/strong> Registrar, comunicar a las Distribuidoras El\u00e9ctricas de Jurisdicci\u00f3n Provincial y a los Colegios de Profesionales integrantes de Consejo Consultivo del Registro Provincial de Instaladores Electricistas y archivar.<\/p>\n","protected":false},"excerpt":{"rendered":"<p>Paran\u00e1, 28 de marzo de 2023 Descargar en formato PDF VISTO: Las Resoluciones EPRE N\u00ba 158\/08 y 206\/08; y CONSIDERANDO: Que, tanto el Art\u00edculo 2.1 del Anexo I de la Resoluci\u00f3n N\u00ba 158\/08 EPRE como el Art\u00edculo 2.1 del Anexo I la Resoluci\u00f3n N\u00ba 206\/08 EPRE, establecen que el extremo superior del ca\u00f1o de l\u00ednea [&hellip;]<\/p>\n","protected":false},"author":1,"featured_media":5646,"comment_status":"closed","ping_status":"closed","sticky":false,"template":"","format":"standard","meta":{"footnotes":""},"categories":[8],"tags":[],"class_list":["post-5890","post","type-post","status-publish","format-standard","has-post-thumbnail","hentry","category-resoluciones"],"_links":{"self":[{"href":"https:\/\/epre.gov.ar\/web\/wp-json\/wp\/v2\/posts\/5890","targetHints":{"allow":["GET"]}}],"collection":[{"href":"https:\/\/epre.gov.ar\/web\/wp-json\/wp\/v2\/posts"}],"about":[{"href":"https:\/\/epre.gov.ar\/web\/wp-json\/wp\/v2\/types\/post"}],"author":[{"embeddable":true,"href":"https:\/\/epre.gov.ar\/web\/wp-json\/wp\/v2\/users\/1"}],"replies":[{"embeddable":true,"href":"https:\/\/epre.gov.ar\/web\/wp-json\/wp\/v2\/comments?post=5890"}],"version-history":[{"count":2,"href":"https:\/\/epre.gov.ar\/web\/wp-json\/wp\/v2\/posts\/5890\/revisions"}],"predecessor-version":[{"id":5894,"href":"https:\/\/epre.gov.ar\/web\/wp-json\/wp\/v2\/posts\/5890\/revisions\/5894"}],"wp:featuredmedia":[{"embeddable":true,"href":"https:\/\/epre.gov.ar\/web\/wp-json\/wp\/v2\/media\/5646"}],"wp:attachment":[{"href":"https:\/\/epre.gov.ar\/web\/wp-json\/wp\/v2\/media?parent=5890"}],"wp:term":[{"taxonomy":"category","embeddable":true,"href":"https:\/\/epre.gov.ar\/web\/wp-json\/wp\/v2\/categories?post=5890"},{"taxonomy":"post_tag","embeddable":true,"href":"https:\/\/epre.gov.ar\/web\/wp-json\/wp\/v2\/tags?post=5890"}],"curies":[{"name":"wp","href":"https:\/\/api.w.org\/{rel}","templated":true}]}}