{"id":5886,"date":"2023-04-19T12:30:43","date_gmt":"2023-04-19T12:30:43","guid":{"rendered":"https:\/\/epre.gov.ar\/web\/?p=5886"},"modified":"2023-04-19T12:30:45","modified_gmt":"2023-04-19T12:30:45","slug":"europa-se-resiste-al-ocaso-de-la-energia-nuclear-pese-al-cierre-de-los-reactores-alemanes","status":"publish","type":"post","link":"https:\/\/epre.gov.ar\/web\/europa-se-resiste-al-ocaso-de-la-energia-nuclear-pese-al-cierre-de-los-reactores-alemanes\/","title":{"rendered":"Europa se resiste al ocaso de la energ\u00eda nuclear pese al cierre de los reactores alemanes."},"content":{"rendered":"\n<p>Francia, Polonia, Finlandia o Suecia se resisten a decir adi\u00f3s a la energ\u00eda nuclear y Espa\u00f1a mantiene su plan para el cierre escalonado de sus plantas.<\/p>\n\n\n\n<p id=\"m95-94-96\">Alejandro Tena<\/p>\n\n\n\n<p id=\"m278-277-279\">Ni siquiera la guerra en Ucrania y la crisis energ\u00e9tica han impedido que Europa empiece a abandonar la energ\u00eda nuclear. Aunque es un movimiento peque\u00f1o dentro del continente, es significativo y relevante. Alemania, uno de los pa\u00edses que m\u00e1s ha padecido la dependencia energ\u00e9tica de Rusia en el \u00faltimo a\u00f1o, ha apagado sus tres \u00faltimos reactores y deja as\u00ed de de disponer de una fuente de energ\u00eda que, hasta este domingo, aportaba el 5% del total del consumo.<\/p>\n\n\n\n<p>La decisi\u00f3n la tom\u00f3 en 2011 \u00c1ngela Merkel que, tras la cat\u00e1strofe de Fukushima, obtuvo apoyos mayoritarios para dise\u00f1ar uno de los calendarios de cierre m\u00e1s ambiciosos del viejo continente. Aunque las consecuencias de la guerra en Ucrania abrieron un debate en el pa\u00eds para retrasar el cierre y garantizar una mayor seguridad de suministro el\u00e9ctrico, el Gobierno ha cumplido lo acordado. En parte, gracias a la presi\u00f3n de Steffi Lemke, ministra teutona de Medio Ambiente del partido Los Verdes.<\/p>\n\n\n\n<p>La decisi\u00f3n reabre ahora un debate previo a la guerra y que tiene que ver con el etiquetado verde que la Comisi\u00f3n Europea otorg\u00f3 a la energ\u00eda nuclear (y al gas) para movilizar inversiones hacia esta fuente de energ\u00eda. Espa\u00f1a, que mantuvo una postura similar a la alemana en torno a las taxonom\u00edas de energ\u00edas renovables, no va a acelerar sus planes de cierre de plantas, pero si ha cerrado la puerta a las peticiones de las derechas de alargar la vida de sus centrales. Seg\u00fan el Consejo de Seguridad Nacional (CSN), en 2031 se cerrar\u00e1n las dos \u00faltimas plantas, Asc\u00f3 I y Asc\u00f3 II, y el a\u00f1o pr\u00f3ximo, en 2024, dejar\u00e1 de operar la planta de Trillo (Guadalajara).<\/p>\n\n\n\n<p>Espa\u00f1a es uno de los pocos pa\u00edses que sigue la estela \u2013a un ritmo m\u00e1s lento\u2013 de Alemania. Y es que el entorno europeo se ha vuelto, quiz\u00e1 por la decisi\u00f3n de Europa de equiparar los reactores a las energ\u00edas renovables, un continente pronuclear. Suecia, que hasta la fecha era uno de los Estados de posici\u00f3n &#8216;antinuclear&#8217;, ha dado un giro de 180 grados. La llegada de la derecha al poder a finales de 2022 ha propiciado que el nuevo primer ministro,\u00a0Ulf Kristersson, haya cancelado la pol\u00edtica de moratorias que, desde 2010, imped\u00edan la ampliaci\u00f3n del parque nuclear. De hecho, el dirigente ha anunciado su intenci\u00f3n de construir nuevos reactores, tal y como inform\u00f3\u00a0<em>Euractiv<\/em>.\u00a0<\/p>\n\n\n\n<p>Polonia tambi\u00e9n tiene intenci\u00f3n de unirse a esta suerte de club at\u00f3mico. El presidente Andrzej Duda anunci\u00f3 antes del inicio de la guerra que su pa\u00eds, que no cuenta con plantas nucleares, construir\u00eda seis centrales en los pr\u00f3ximos a\u00f1os y se marc\u00f3 el objetivo de producir el 23% de su energ\u00eda a trav\u00e9s de esta tecnolog\u00eda. Los polacos ya han iniciado los tr\u00e1mites para construir dos reactores y esperan que empiecen a operar en 2033, es decir, dos a\u00f1os despu\u00e9s de que Espa\u00f1a clausure todo su parque nuclear. Solo estas dos infraestructuras energ\u00e9ticas tendr\u00e1n, en suma, costes superiores a los 40.000 millones de d\u00f3lares, seg\u00fan avanz\u00f3 <em>Politico<\/em>.<\/p>\n\n\n\n<p>Finlandia, por su parte, mantiene su pol\u00edtica energ\u00e9tica vinculada a la generaci\u00f3n nuclear. Este mismo lunes la central de\u00a0Olkiluoto 3, uno de los proyectos m\u00e1s promocionados por el Gobierno n\u00f3rdico, ha empezado a operar a pleno rendimiento despu\u00e9s de m\u00e1s de una d\u00e9cada de retraso en ser construida y sobrecostes cercanos a los 11.000 millones de d\u00f3lares. El pa\u00eds, sin embargo, es accionista mayoritario de la energ\u00e9tica\u00a0Fortum, la cual est\u00e1 buscando alianzas con los pa\u00edses escandinavos para construir peque\u00f1os reactores modulares (SMR), seg\u00fan la <em>Agencia EFE<\/em>.<\/p>\n\n\n\n<p>Pero si hay alg\u00fan pa\u00eds que lidera el \u00e1mbito nuclear es Francia. Los galos son el Estado europeo con m\u00e1s reactores operativos y Macron es, sin duda, el presidente que m\u00e1s ha presion\u00f3 a la Comisi\u00f3n Europea para garantizar que este tipo de energ\u00eda se inclu\u00eda dentro de la taxonom\u00eda verde. Ahora, desde Par\u00eds buscan edulcorar las pol\u00edticas europeas para el impulso del hidr\u00f3geno renovable, de tal forma que el hidr\u00f3geno producido a trav\u00e9s de energ\u00eda nuclear \u2013tambi\u00e9n conocido como hidr\u00f3geno rosa\u2013 se equipare al hidr\u00f3geno verde producido a trav\u00e9s de fuentes renovables.\u00a0<\/p>\n\n\n\n<h2 class=\"wp-block-heading\" id=\"m313-7-314\">Europa del Este y la dependencia del uranio ruso<\/h2>\n\n\n\n<p id=\"m318-8-319\">Mientras tanto, los pa\u00edses de Europa del Este permanecen atados a la tecnolog\u00eda nuclear rusa. Y es que muchas de las plantas que operan en estos pa\u00edses fueron construidas por empresas sovi\u00e9ticas o postsovi\u00e9ticas, lo que condiciona el suministro al uranio ruso. Bulgaria, seg\u00fan EFE, cubre el 40% de su demanda el\u00e9ctrica con los dos reactores de Kozloduy, construida con tecnolog\u00eda de la URSS en los setenta y que s\u00f3lo funciona con combustible vendido desde Mosc\u00fa. En situaciones similares est\u00e1n la Rep\u00fablica Checa, Eslovenia, Croacia o Hungr\u00eda.<\/p>\n\n\n\n<p>Esta situaci\u00f3n no solo complica el debate nuclear y energ\u00e9tico de Europa, sino que se ha convertido en escollo importante a la hora de imponer sanciones a Rusia y condicionar el devenir de la guerra en Ucrania. Seg\u00fan Euratom Supply Agency y el Eurostat, Rusia es el tercer importador de uranio de la UE y Mosc\u00fa recauda cerca de 333 millones de euros al a\u00f1o gracias a este negocio, seg\u00fan adelant\u00f3 <em>Euronews<\/em>.<\/p>\n\n\n\n<p>Aunque Kiev reclama que las sanciones se extiendan al sector nuclear ruso, la UE no consigue un consenso suficiente para ello y Mosc\u00fa sigue haciendo caja con esta fuente de energ\u00eda.<\/p>\n\n\n\n<p>Fuente: https:\/\/www.publico.es\/sociedad\/europa-resiste-ocaso-energia-nuclear-pese-cierre-reactores-alemanes.html<\/p>\n\n\n\n<p><\/p>\n","protected":false},"excerpt":{"rendered":"<p>Francia, Polonia, Finlandia o Suecia se resisten a decir adi\u00f3s a la energ\u00eda nuclear y Espa\u00f1a mantiene su plan para el cierre escalonado de sus plantas. Alejandro Tena Ni siquiera la guerra en Ucrania y la crisis energ\u00e9tica han impedido que Europa empiece a abandonar la energ\u00eda nuclear. Aunque es un movimiento peque\u00f1o dentro del [&hellip;]<\/p>\n","protected":false},"author":1,"featured_media":5888,"comment_status":"closed","ping_status":"closed","sticky":false,"template":"","format":"standard","meta":{"footnotes":""},"categories":[1],"tags":[],"class_list":["post-5886","post","type-post","status-publish","format-standard","has-post-thumbnail","hentry","category-noticias"],"_links":{"self":[{"href":"https:\/\/epre.gov.ar\/web\/wp-json\/wp\/v2\/posts\/5886","targetHints":{"allow":["GET"]}}],"collection":[{"href":"https:\/\/epre.gov.ar\/web\/wp-json\/wp\/v2\/posts"}],"about":[{"href":"https:\/\/epre.gov.ar\/web\/wp-json\/wp\/v2\/types\/post"}],"author":[{"embeddable":true,"href":"https:\/\/epre.gov.ar\/web\/wp-json\/wp\/v2\/users\/1"}],"replies":[{"embeddable":true,"href":"https:\/\/epre.gov.ar\/web\/wp-json\/wp\/v2\/comments?post=5886"}],"version-history":[{"count":1,"href":"https:\/\/epre.gov.ar\/web\/wp-json\/wp\/v2\/posts\/5886\/revisions"}],"predecessor-version":[{"id":5889,"href":"https:\/\/epre.gov.ar\/web\/wp-json\/wp\/v2\/posts\/5886\/revisions\/5889"}],"wp:featuredmedia":[{"embeddable":true,"href":"https:\/\/epre.gov.ar\/web\/wp-json\/wp\/v2\/media\/5888"}],"wp:attachment":[{"href":"https:\/\/epre.gov.ar\/web\/wp-json\/wp\/v2\/media?parent=5886"}],"wp:term":[{"taxonomy":"category","embeddable":true,"href":"https:\/\/epre.gov.ar\/web\/wp-json\/wp\/v2\/categories?post=5886"},{"taxonomy":"post_tag","embeddable":true,"href":"https:\/\/epre.gov.ar\/web\/wp-json\/wp\/v2\/tags?post=5886"}],"curies":[{"name":"wp","href":"https:\/\/api.w.org\/{rel}","templated":true}]}}