{"id":5871,"date":"2023-04-14T11:58:18","date_gmt":"2023-04-14T11:58:18","guid":{"rendered":"https:\/\/epre.gov.ar\/web\/?p=5871"},"modified":"2023-04-14T11:58:19","modified_gmt":"2023-04-14T11:58:19","slug":"el-gobierno-de-argentina-prepara-nuevas-modificaciones-para-el-mater","status":"publish","type":"post","link":"https:\/\/epre.gov.ar\/web\/el-gobierno-de-argentina-prepara-nuevas-modificaciones-para-el-mater\/","title":{"rendered":"El gobierno de Argentina prepara nuevas modificaciones para el MATER."},"content":{"rendered":"\n<p>Se prev\u00e9 desde tanto la pr\u00f3rroga a centrales en construcci\u00f3n, que los proyectos que soliciten prioridad de despacho tambi\u00e9n puedan hacer inversiones en el sistema de transporte, e incluso aprovechar a\u00fan m\u00e1s las redes existentes.<\/p>\n\n\n\n<p>El gobierno de Argentina prepara diversos cambios para el Mercado a T\u00e9rmino de Energ\u00edas Renovables, con el objetivo de darle una mayor continuidad a dicho segmento del sector energ\u00e9tico, seguir atrayendo inversiones y que no se caigan los proyectos que ya fueron adjudicados con prioridad de despacho.&nbsp;<\/p>\n\n\n\n<p>Maximiliano Bruno, director nacional de Generaci\u00f3n El\u00e9ctrica en la Secretar\u00eda de Energ\u00eda, detall\u00f3 que se modificar\u00e1 la Resoluci\u00f3n 281\/2017 del ex Ministerio de Energ\u00eda y Miner\u00eda y que s\u00f3lo restan algunas cuestiones para su publicaci\u00f3n.\u00a0<\/p>\n\n\n\n<p>\u201cHay muchos proyectos que entraron antes de la puesta en vigencia de la presentaci\u00f3n del factor de mayoraci\u00f3n (realizada en enero 2022) y otros con ese mecanismo. Y como algunos tuvieron ciertos problemas, como por ejemplo la traba de las importaciones, daremos una pr\u00f3rroga de dos a\u00f1os con un mecanismo similar que est\u00e1, pero vamos a asegurar que las centrales se concluyan y no pierdan la prioridad de despacho que ten\u00edan asignada\u201d, explic\u00f3.\u00a0<\/p>\n\n\n\n<p>\u201cLo modificamos porque con la normativa actual se les terminaba el plazo y se ca\u00eda la prioridad, pero entendemos que esos proyectos avanzaron o est\u00e1n cerca de finalizar a pesar de todas las dificultades que tuvo el pa\u00eds\u201d, asegur\u00f3 durante el evento \u201cActualidad y perspectivas en el mercado de Energ\u00edas Renovables\u201d, organizado por Aires Renewables y el estudio Tavarone Rovelli Salim &amp; Miani.\u00a0<\/p>\n\n\n\n<p>Asimismo, tambi\u00e9n se prev\u00e9 brindar la posibilidad de que los proyectos que se presenten al MATER puedan hacer inversiones en el sistema de transporte, como por ejemplo estaciones transformadoras, bancos de capacitores o redes de transmisi\u00f3n, y tengan prioridad de despacho asignada por un determinado tiempo para hacer tales inversiones y vender energ\u00eda.&nbsp;<\/p>\n\n\n\n<p>Cabe recordar que a principios del corriente a\u00f1o, la C\u00e1mara E\u00f3lica Argentina (CEA) present\u00f3 una serie de alternativas para sortear la falta de capacidad de transporte lo antes posible, una de las principales dificultades del sector renovable del pa\u00eds.<\/p>\n\n\n\n<p>Una de esas propuestas hizo referencia a que el sector privado podr\u00eda participar o impulsar el desarrollo de l\u00edneas de alta tensi\u00f3n destinadas a la incorporaci\u00f3n o ampliaci\u00f3n de \u201cnodos e\u00f3licos\u201d, es decir, puntos con buen recurso y pr\u00f3ximos a los centros de demanda.&nbsp;<\/p>\n\n\n\n<p>Y de igual manera, desde la CEA sugirieron expansiones que permitan el recupero de la inversi\u00f3n a largo plazo a trav\u00e9s de un canon, tales como contratos PPA a ra\u00edz de manifestaciones de inter\u00e9s de proyectos renovables con ampliaciones de infraestructura el\u00e9ctrica necesarias para llevar la energ\u00eda sin restricciones hasta las ET que defina CAMMESA.&nbsp;<\/p>\n\n\n\n<p>\u201cPor otro lado, hoy en d\u00eda la capacidad de transporte es 0 o 100%, pero vemos la posibilidad de hacer algo cercano al 90% (o mayor) de seguridad para que los proyectos puedan vender energ\u00eda. Es decir, nodos con menos del 10% del curtailment abren disponibilidad, lo que har\u00e1 que los proyectos se puedan financiar mucho mejor que hoy en d\u00eda\u201d, complement\u00f3 Bruno durante el evento en el Hotel Emperador de CABA.\u00a0<\/p>\n\n\n\n<p>De todos modos, a\u00fan no est\u00e1 definido cu\u00e1nta potencia se incluir\u00e1 en el Anexo III, ya que CAMMESA debe hacer el estudio preciso, pero en aquellos lugares donde se pueda realizar, se probar\u00e1 esa nueva capacidad de transporte denominada \u201creferencial tipo A\u201d.<\/p>\n\n\n\n<p>\u201cEst\u00e1 casi todo escrito y definido, por lo que seguramente saldr\u00e1 en 15 o 20 d\u00edas y seguro la normativa estar\u00e1 para la pr\u00f3xima convocatoria del MATER, aunque no s\u00e9 si el nuevo Anexo III porque lleva una cuesti\u00f3n t\u00e9cnica bastante compleja para CAMMESA\u201d, cerr\u00f3 el director nacional de Generaci\u00f3n El\u00e9ctrica.\u00a0<\/p>\n\n\n\n<p>Fuente: https:\/\/www.energiaestrategica.com\/el-gobierno-de-argentina-prepara-nuevas-modificaciones-para-el-mater<\/p>\n\n\n\n<p><\/p>\n","protected":false},"excerpt":{"rendered":"<p>Se prev\u00e9 desde tanto la pr\u00f3rroga a centrales en construcci\u00f3n, que los proyectos que soliciten prioridad de despacho tambi\u00e9n puedan hacer inversiones en el sistema de transporte, e incluso aprovechar a\u00fan m\u00e1s las redes existentes. El gobierno de Argentina prepara diversos cambios para el Mercado a T\u00e9rmino de Energ\u00edas Renovables, con el objetivo de darle [&hellip;]<\/p>\n","protected":false},"author":1,"featured_media":5872,"comment_status":"closed","ping_status":"closed","sticky":false,"template":"","format":"standard","meta":{"footnotes":""},"categories":[1],"tags":[],"class_list":["post-5871","post","type-post","status-publish","format-standard","has-post-thumbnail","hentry","category-noticias"],"_links":{"self":[{"href":"https:\/\/epre.gov.ar\/web\/wp-json\/wp\/v2\/posts\/5871","targetHints":{"allow":["GET"]}}],"collection":[{"href":"https:\/\/epre.gov.ar\/web\/wp-json\/wp\/v2\/posts"}],"about":[{"href":"https:\/\/epre.gov.ar\/web\/wp-json\/wp\/v2\/types\/post"}],"author":[{"embeddable":true,"href":"https:\/\/epre.gov.ar\/web\/wp-json\/wp\/v2\/users\/1"}],"replies":[{"embeddable":true,"href":"https:\/\/epre.gov.ar\/web\/wp-json\/wp\/v2\/comments?post=5871"}],"version-history":[{"count":1,"href":"https:\/\/epre.gov.ar\/web\/wp-json\/wp\/v2\/posts\/5871\/revisions"}],"predecessor-version":[{"id":5873,"href":"https:\/\/epre.gov.ar\/web\/wp-json\/wp\/v2\/posts\/5871\/revisions\/5873"}],"wp:featuredmedia":[{"embeddable":true,"href":"https:\/\/epre.gov.ar\/web\/wp-json\/wp\/v2\/media\/5872"}],"wp:attachment":[{"href":"https:\/\/epre.gov.ar\/web\/wp-json\/wp\/v2\/media?parent=5871"}],"wp:term":[{"taxonomy":"category","embeddable":true,"href":"https:\/\/epre.gov.ar\/web\/wp-json\/wp\/v2\/categories?post=5871"},{"taxonomy":"post_tag","embeddable":true,"href":"https:\/\/epre.gov.ar\/web\/wp-json\/wp\/v2\/tags?post=5871"}],"curies":[{"name":"wp","href":"https:\/\/api.w.org\/{rel}","templated":true}]}}