{"id":5851,"date":"2023-04-05T11:25:35","date_gmt":"2023-04-05T11:25:35","guid":{"rendered":"https:\/\/epre.gov.ar\/web\/?p=5851"},"modified":"2023-04-05T11:25:39","modified_gmt":"2023-04-05T11:25:39","slug":"destacan-tres-iniciativas-argentinas-en-energias-renovables","status":"publish","type":"post","link":"https:\/\/epre.gov.ar\/web\/destacan-tres-iniciativas-argentinas-en-energias-renovables\/","title":{"rendered":"Destacan tres iniciativas argentinas en energ\u00edas renovables."},"content":{"rendered":"\n<p><em>Fueron relevadas en un conjunto de documentales producidos por la Fundaci\u00f3n Ambiente y Recursos Naturales (FARN). Se encuentran en Santa Fe, Buenos Aires y Mendoza<\/em><\/p>\n\n\n\n<p>En el contexto de la necesidad de transformar la matriz energ\u00e9tica que se impone en el mundo, Argentina ya cuenta con experiencias destacadas que revelan las posibilidades que ofrecen las energ\u00edas renovables para el abastecimiento en actividades espec\u00edficas.\u00a0<\/p>\n\n\n\n<p>Con el objetivo de destacar iniciativas innovadoras, la Fundaci\u00f3n Ambiente y Recursos Naturales (FARN) produjo una serie de cortos documentales sobre cada una de las propuestas que ya se encuentran en estado de implementaci\u00f3n, que se desarrollan en las provincias de Santa Fe, Buenos Aires y Mendoza.<\/p>\n\n\n\n<p>\u201cCada iniciativa visibiliza el enorme potencial y oportunidad que tenemos de virar hacia una matriz energ\u00e9tica diversificada,\u00a0basada en los m\u00faltiples recursos energ\u00e9ticos renovables distribuidos a lo largo y a lo ancho del pa\u00eds; recursos que nos permitir\u00edan producir energ\u00eda el\u00e9ctrica y calor a partir de tecnolog\u00edas factibles de desarrollar localmente, cuyo aprovechamiento trae, adem\u00e1s, m\u00faltiples beneficios sociales, econ\u00f3micos y ambientales\u201d, se\u00f1al\u00f3\u00a0Catalina Gonda, cocoordinadora del \u00c1rea de Pol\u00edtica Clim\u00e1tica de la FARN.<\/p>\n\n\n\n<p>\u201cEl sistema energ\u00e9tico actual no solo contribuye a profundizar la crisis clim\u00e1tica, entre otras problem\u00e1ticas socioambientales, sino que, adem\u00e1s, se caracteriza por apoyarse en recursos altamente concentrados, por depender de capitales y tecnolog\u00edas externas y por generar importantes gastos en forma de subsidios del Presupuesto nacional\u201d, agreg\u00f3 Gonda.<\/p>\n\n\n\n<p>En este sentido,\u00a0Jazm\u00edn Rocco Predassi, miembro de la misma \u00e1rea de la FARN, sostuvo que para poder cambiar este modelo es necesario\u00a0construir de forma participativa un plan integral de transici\u00f3n energ\u00e9tica\u00a0que trascienda los mandatos pol\u00edticos y que brinde un horizonte de previsibilidad para la toma de decisiones.<\/p>\n\n\n\n<p>Por su parte,\u00a0Camila Agustina Mercure, asistente de Pol\u00edtica Clim\u00e1tica de la FARN, reflexion\u00f3: \u201cEn \u2018Iniciativas locales para la transici\u00f3n energ\u00e9tica\u2019 podemos ver c\u00f3mo en distintos lugares del pa\u00eds,\u00a0diversos actores ya est\u00e1n tomando liderazgo y demostrando que es posible pensar en modelos alternativos de gesti\u00f3n y distribuci\u00f3n de la energ\u00eda en Argentina\u201d<strong>.<\/strong><\/p>\n\n\n\n<p>Fuente: https:\/\/comercioyjusticia.info\/economia-verde\/destacan-tres-iniciativas-argentinas-en-energias-renovables.<\/p>\n","protected":false},"excerpt":{"rendered":"<p>Fueron relevadas en un conjunto de documentales producidos por la Fundaci\u00f3n Ambiente y Recursos Naturales (FARN). Se encuentran en Santa Fe, Buenos Aires y Mendoza En el contexto de la necesidad de transformar la matriz energ\u00e9tica que se impone en el mundo, Argentina ya cuenta con experiencias destacadas que revelan las posibilidades que ofrecen las [&hellip;]<\/p>\n","protected":false},"author":1,"featured_media":5852,"comment_status":"closed","ping_status":"closed","sticky":false,"template":"","format":"standard","meta":{"footnotes":""},"categories":[1],"tags":[],"class_list":["post-5851","post","type-post","status-publish","format-standard","has-post-thumbnail","hentry","category-noticias"],"_links":{"self":[{"href":"https:\/\/epre.gov.ar\/web\/wp-json\/wp\/v2\/posts\/5851","targetHints":{"allow":["GET"]}}],"collection":[{"href":"https:\/\/epre.gov.ar\/web\/wp-json\/wp\/v2\/posts"}],"about":[{"href":"https:\/\/epre.gov.ar\/web\/wp-json\/wp\/v2\/types\/post"}],"author":[{"embeddable":true,"href":"https:\/\/epre.gov.ar\/web\/wp-json\/wp\/v2\/users\/1"}],"replies":[{"embeddable":true,"href":"https:\/\/epre.gov.ar\/web\/wp-json\/wp\/v2\/comments?post=5851"}],"version-history":[{"count":1,"href":"https:\/\/epre.gov.ar\/web\/wp-json\/wp\/v2\/posts\/5851\/revisions"}],"predecessor-version":[{"id":5853,"href":"https:\/\/epre.gov.ar\/web\/wp-json\/wp\/v2\/posts\/5851\/revisions\/5853"}],"wp:featuredmedia":[{"embeddable":true,"href":"https:\/\/epre.gov.ar\/web\/wp-json\/wp\/v2\/media\/5852"}],"wp:attachment":[{"href":"https:\/\/epre.gov.ar\/web\/wp-json\/wp\/v2\/media?parent=5851"}],"wp:term":[{"taxonomy":"category","embeddable":true,"href":"https:\/\/epre.gov.ar\/web\/wp-json\/wp\/v2\/categories?post=5851"},{"taxonomy":"post_tag","embeddable":true,"href":"https:\/\/epre.gov.ar\/web\/wp-json\/wp\/v2\/tags?post=5851"}],"curies":[{"name":"wp","href":"https:\/\/api.w.org\/{rel}","templated":true}]}}