{"id":5844,"date":"2023-04-03T11:41:38","date_gmt":"2023-04-03T11:41:38","guid":{"rendered":"https:\/\/epre.gov.ar\/web\/?p=5844"},"modified":"2023-04-03T11:41:40","modified_gmt":"2023-04-03T11:41:40","slug":"energias-renovables-una-apuesta-ambiental-y-economica-para-santa-fe","status":"publish","type":"post","link":"https:\/\/epre.gov.ar\/web\/energias-renovables-una-apuesta-ambiental-y-economica-para-santa-fe\/","title":{"rendered":"Energ\u00edas renovables: una apuesta ambiental y econ\u00f3mica para Santa Fe."},"content":{"rendered":"\n<p>La provincia de Santa Fe cuenta con buenas condiciones geogr\u00e1ficas y sociales para avanzar con el desarrollo de energ\u00edas verdes que permitan reducir el impacto ambiental.<\/p>\n\n\n\n<p>La transici\u00f3n energ\u00e9tica hacia un sistema alimentado mayoritariamente por\u00a0energ\u00edas renovables\u00a0aparece como\u00a0uno de los caminos para enfrentar el calentamiento del planeta, causado en gran parte por la quema de combustibles f\u00f3siles como el petr\u00f3leo, el gas y el carb\u00f3n en el transporte y la industria.<\/p>\n\n\n\n<p>La provincia de\u00a0Santa Fe\u00a0es importadora de\u00a0energ\u00eda, ya que\u00a0compra electricidad al sistema nacional y gas a otras provincias. \u201cA la hora de pensar la transici\u00f3n energ\u00e9tica desde Santa Fe es claro que las renovables son nuestra \u00fanica oportunidad, tenemos muy buena radiaci\u00f3n solar y buenos suelos y este tipo de actividades se pueden desarrollar muy bien\u201d, se\u00f1al\u00f3\u00a0Franco Blatter, subsecretario para la sostenibilidad del Ministerio de Ambiente y Cambio Clim\u00e1tico de la provincia.<\/p>\n\n\n\n<p>En la actualidad,\u00a0entre el 80 y el 90% de la energ\u00eda que se consume en la provincia proviene de f\u00f3siles, algo que adem\u00e1s pone en desventaja a las empresas santafesinas en materia de\u00a0huella de carbono: \u201cEl modelo hist\u00f3rico que tenemos nos cuesta caro y nos deja una huella de carbono\u201d.<\/p>\n\n\n\n<p>Para el funcionario, todo lo relativo al desarrollo de las\u00a0energ\u00edas renovables\u00a0\u201cgenera\u00a0un c\u00edrculo virtuoso que incluye lo ambiental pero tambi\u00e9n lo econ\u00f3mico y lo social, por eso queremos llevar las renovables a instituciones como los clubes y a diferentes municipios y comunas, con mirada inclusiva y democratizante<\/p>\n\n\n\n<h2 class=\"wp-block-heading\"><strong>Programas ambientales<\/strong><\/h2>\n\n\n\n<p>Existen diferentes programas para promover el desarrollo y uso de renovables en la provincia en el marco del ministerio de Ambiente, desde donde se trabajan programas de generaci\u00f3n distribuida y educativos.<\/p>\n\n\n\n<p>Uno de esos programas es el\u00a0CASE\u00a0(Club Ambiental Solar y Educativo) que busca\u00a0llevar las renovables a los clubes. \u201cHoy tenemos 200 clubes son calefones solares en 150 localidades. Les damos aportes y tambi\u00e9n trabajamos la educaci\u00f3n\u201d, cont\u00f3 Blatter, quien record\u00f3 que la iniciativa empez\u00f3 en pandemia y por eso eligieron trabajar con los dirigentes y no con los chicos.<\/p>\n\n\n\n<p>\u201cEse accidente de partida result\u00f3 beneficioso porque con los dirigentes generamos talleres de gesti\u00f3n de energ\u00eda, se cre\u00f3 una red e hicimos relevamientos de los cuales sali\u00f3 un dato:\u00a08 de cada 10 clubes no ten\u00edan leds, a pesar que el 80% del consumo de un club de barrio es la iluminaci\u00f3n\u201d. A partir de all\u00ed se reformul\u00f3 el programa y se destinaron fondos para la incorporaci\u00f3n de esa tecnolog\u00eda. \u201cFue un camino durante el cual aparecieron otras necesidades y se reformul\u00f3 el programa\u201d.<\/p>\n\n\n\n<h2 class=\"wp-block-heading\"><strong>Generaci\u00f3n distribuida<\/strong><\/h2>\n\n\n\n<p>Otro de los programas es\u00a0ERA\u00a0(Energ\u00eda Renovable para el Ambiente), a partir del cual los usuarios de la red el\u00e9ctrica se convierten en generadores. \u201cCada uno puede generar su propia energ\u00eda renovable, consumirla y si le sobra la puede inyectar en la red y recibir plata. Desde la mirada de la pol\u00edtica p\u00fablica es algo muy importante, por eso acompa\u00f1amos con cr\u00e9ditos del Plan Renovable del cual estamos lanzando la segunda etapa\u201d, inform\u00f3 Blatter.<\/p>\n\n\n\n<p>El\u00a0Plan Renovable 2\u00a0busca\u00a0financiar la instalaci\u00f3n de calefones solares de industria nacional\u00a0y la instalaci\u00f3n de paneles fotovoltaicos con montos para los vecinos de hasta 1 mill\u00f3n de pesos con tasas del 15% anual y 48 cuotas, mientras que para monotributistas o pymes llegan a los 20 millones de pesos con una tasa del 30% anual y 60 cuotas. \u201cLa clave es que es financiamiento con tasas negativas y no excluye de otras l\u00edneas, es realmente positivo porque en 4 o 5 a\u00f1os se amortiza la inversi\u00f3n con equipos que duran 20 a\u00f1os\u201d, puntualiz\u00f3 el funcionario.<\/p>\n\n\n\n<p>La energ\u00eda distribuida significa\u00a0cuidado del ambiente y tambi\u00e9n ahorro de recursos: \u201cCada vez que un vecino se lanza su propia energ\u00eda y nos vende lo que sobra es energ\u00eda que no compramos al sistema nacional, es dinero que queda ac\u00e1 en la provincia\u201d, explic\u00f3, para agregar que al d\u00eda de hoy el 0,25% de la energ\u00eda en Santa Fe proviene de los usuarios, lo cual coloca a la provincia en situaci\u00f3n de liderazgo a nivel nacional.<\/p>\n\n\n\n<p>\u201cEn 2013 se instal\u00f3 el primero y esperamos que venga el 5% del total. Santa Fe es l\u00edder en Argentina en generaci\u00f3n distribuida, a eso lo acompa\u00f1amos con cr\u00e9ditos porque es la clave ya que permite que las empresas y los vecinos tengan cr\u00e9dito blando, se capitalicen y hagan instalaciones\u201d.<\/p>\n\n\n\n<h2 class=\"wp-block-heading\"><strong>Educaci\u00f3n, un eje clave<\/strong><\/h2>\n\n\n\n<p>Blatter cont\u00f3 que desde la gesti\u00f3n se trabaja en torno a una campa\u00f1a educativa para escuelas secundarias, terciarias y tambi\u00e9n para universidades llamada\u00a0\u201cCambi\u00e1 el foco\u201d,\u00a0una actividad de educaci\u00f3n ambiental que promueve la democracia energ\u00e9tica\u00a0y el conocimiento acerca de c\u00f3mo se puede hacer un uso m\u00e1s eficiente de la energ\u00eda. \u201cMuchos chicos desconocen que la mayor\u00eda de la energ\u00eda que consumimos viene de la quema de combustibles f\u00f3siles y que por eso hay que cuidar su consumo. Compartimos tips como porqu\u00e9 el aire hay que tenerlo en 24 grados o c\u00f3mo se lee una boleta, son muy buenas actividades que generan mucho inter\u00e9s\u201d, dijo.<\/p>\n\n\n\n<h2 class=\"wp-block-heading\"><strong>Inversiones en carpeta<\/strong><\/h2>\n\n\n\n<p>Santa Fe licitar\u00e1 en los pr\u00f3ximos meses proyectos de energ\u00edas verdes bajo el nombre de\u00a0Santa Fe Renovables, un programa que busca\u00a0potenciar la generaci\u00f3n de energ\u00eda fotovoltaica, e\u00f3lica y a partir de la biomasa.<\/p>\n\n\n\n<p>El objetivo del gobierno provincial es poder as\u00ed mejorar la infraestructura, bajar los costos y contribuir a la mitigaci\u00f3n del\u00a0cambio clim\u00e1tico\u00a0a partir de la sustituci\u00f3n de combustibles f\u00f3siles, as\u00ed como desarrollar una cadena de valor regional.<\/p>\n\n\n\n<p>\u201cCon la EPE hicimos el programa Santa Fe Renovables que se lanza en abril y que busca incorporar 25 megas de energ\u00eda renovable en diferentes proyectos solares, e\u00f3licos y de biomasa en el norte. Son escalas grandes con otro volumen\u201d, detall\u00f3 Blatter.<\/p>\n\n\n\n<p>Fuente: https:\/\/www.airedesantafe.com.ar\/jorgelina-hiba\/energias-renovables-una-apuesta-ambiental-y-economica-santa-fe-n443502<\/p>\n","protected":false},"excerpt":{"rendered":"<p>La provincia de Santa Fe cuenta con buenas condiciones geogr\u00e1ficas y sociales para avanzar con el desarrollo de energ\u00edas verdes que permitan reducir el impacto ambiental. La transici\u00f3n energ\u00e9tica hacia un sistema alimentado mayoritariamente por\u00a0energ\u00edas renovables\u00a0aparece como\u00a0uno de los caminos para enfrentar el calentamiento del planeta, causado en gran parte por la quema de combustibles [&hellip;]<\/p>\n","protected":false},"author":1,"featured_media":5845,"comment_status":"closed","ping_status":"closed","sticky":false,"template":"","format":"standard","meta":{"footnotes":""},"categories":[1],"tags":[],"class_list":["post-5844","post","type-post","status-publish","format-standard","has-post-thumbnail","hentry","category-noticias"],"_links":{"self":[{"href":"https:\/\/epre.gov.ar\/web\/wp-json\/wp\/v2\/posts\/5844","targetHints":{"allow":["GET"]}}],"collection":[{"href":"https:\/\/epre.gov.ar\/web\/wp-json\/wp\/v2\/posts"}],"about":[{"href":"https:\/\/epre.gov.ar\/web\/wp-json\/wp\/v2\/types\/post"}],"author":[{"embeddable":true,"href":"https:\/\/epre.gov.ar\/web\/wp-json\/wp\/v2\/users\/1"}],"replies":[{"embeddable":true,"href":"https:\/\/epre.gov.ar\/web\/wp-json\/wp\/v2\/comments?post=5844"}],"version-history":[{"count":1,"href":"https:\/\/epre.gov.ar\/web\/wp-json\/wp\/v2\/posts\/5844\/revisions"}],"predecessor-version":[{"id":5846,"href":"https:\/\/epre.gov.ar\/web\/wp-json\/wp\/v2\/posts\/5844\/revisions\/5846"}],"wp:featuredmedia":[{"embeddable":true,"href":"https:\/\/epre.gov.ar\/web\/wp-json\/wp\/v2\/media\/5845"}],"wp:attachment":[{"href":"https:\/\/epre.gov.ar\/web\/wp-json\/wp\/v2\/media?parent=5844"}],"wp:term":[{"taxonomy":"category","embeddable":true,"href":"https:\/\/epre.gov.ar\/web\/wp-json\/wp\/v2\/categories?post=5844"},{"taxonomy":"post_tag","embeddable":true,"href":"https:\/\/epre.gov.ar\/web\/wp-json\/wp\/v2\/tags?post=5844"}],"curies":[{"name":"wp","href":"https:\/\/api.w.org\/{rel}","templated":true}]}}